{"id":61139,"date":"2025-12-13T17:39:16","date_gmt":"2025-12-13T17:39:16","guid":{"rendered":"https:\/\/www.europesays.com\/lt\/61139\/"},"modified":"2025-12-13T17:39:16","modified_gmt":"2025-12-13T17:39:16","slug":"knygu-dama-nora-zaliuke-apie-didziausia-ramsti-ir-skaudzia-vyro-netekti-norejosi-iseiti-nebuti-kazkur-prasmegti","status":"publish","type":"post","link":"https:\/\/www.europesays.com\/lt\/61139\/","title":{"rendered":"\u201eKnyg\u0173 dama\u201c Nora \u017dali\u016bk\u0117 \u2013 apie did\u017eiausi\u0105 ramst\u012f ir skaud\u017ei\u0105 vyro netekt\u012f: \u201eNor\u0117josi i\u0161eiti, neb\u016bti, ka\u017ekur prasmegti\u201c"},"content":{"rendered":"<p class=\"intro text-19 xs:text-21 xs:leading-[30px] md:text-22 mb-5 font-semibold leading-[28px] md:pt-0 md:leading-[33px] first-letter:text-primary first-letter:font-libre md:first-letter:text-81 first-letter:float-left first-letter:mr-2 first-letter:text-[67px] first-letter:leading-[55px] md:mb-10 md:first-letter:mr-3 md:first-letter:leading-[66px]\">\u0160\u012f sekmadien\u012f laidoje \u201ePasaulis pagal moteris\u201c \u2013 jautrus pokalbis su \u201eKnyg\u0173 dama\u201c Nora \u017dali\u016bke. \u201eJam i\u0161\u0117jus, mir\u0117 ir dalel\u0117 man\u0119s\u201c, \u2013 taip laidos ved\u0117jai Kristinai Rimienei Nora atsiv\u0117r\u0117 apie vyro netekt\u012f. Kaip nepal\u016b\u017eti ir i\u0161likti stipriai, kai sunku net pakilti i\u0161 lovos? Kaip i\u0161 naujo atrasti gyvenimo d\u017eiaugsmus knygose, savo vaikuose?<\/p>\n<p>Nora \u017dali\u016bk\u0117 daugumai geriau \u017einoma pseudonimu \u201eKnyg\u0173 dama\u201c, socialiniuose tinkluose dalijasi rekomendacijomis, k\u0105 skaityti.<\/p>\n<p>Ta\u010diau \u017emon\u0117ms palaipsniui tapo \u012fdomu su\u017einoti, kas slepiasi u\u017e apie knygas kalban\u010dios moters asmeninio gyvenimo dur\u0173. Tod\u0117l socialiniuose tinkluose ji prabilo ir apie did\u017eiausi\u0105 skausm\u0105 \u2013 mylimo vyro netekt\u012f. Daugiau apie tai ji papasakojo ir sekmadienio laidoje.<\/p>\n<p> <a href=\"https:\/\/s1.15min.lt\/images\/photos\/2025\/12\/13\/original\/nor-693d3ddc06502.jpeg\" rel=\"nofollow noopener\" target=\"_blank\"><img alt=\"Laidos \u201ePasaulis pagal moteris\u201c akimirka\" loading=\"lazy\" width=\"533\" height=\"800\" decoding=\"async\" data-nimg=\"1\" class=\"mx-auto\" style=\"color:transparent\" src=\"https:\/\/www.europesays.com\/lt\/wp-content\/uploads\/2025\/12\/nor-693d3ddc06502.jpeg\"\/><\/a><\/p>\n<p>Laidos \u201ePasaulis pagal moteris\u201c akimirka \/ TV3 nuotr.<\/p>\n<p>Noros vyras \u2013 prie\u0161 5-erius metus mir\u0119s ilgametis nacionalin\u0117s rinktin\u0117s gyn\u0117jas ir legendinis Lietuvos futbolininkas Marius \u017dali\u016bkas.<\/p>\n<p>\u201e\u010cia su niekuo nesulyginamas skausmas. Apie tai kalb\u0117ti vis dar sunku \u2013 nesinori labai daug pl\u0117stis, nes a\u0161 jo nesugr\u0105\u017einsiu. A\u0161 to etapo nesugr\u0105\u017einsiu. To patirti nelinkiu net did\u017eiausiam prie\u0161ui, nes, kai i\u0161eina tavo gyvenimo meil\u0117, tikrai yra tiesa, kad i\u0161eina dalis tav\u0119s. \u017dmogus negali nepasikeisti. Ir a\u0161 pasikei\u010diau. D\u0117koju Dievui, kad nors ir buvo labai sunku pastoti, bet a\u0161 susilaukiau ma\u017eojo Mariuko ir tik jis vienintelis buvo tas mano balastas, u\u017e kurio a\u0161 laikiausi. Kai i\u0161\u0117jo mano vyras, a\u0161 supratau, kad negaliu to antr\u0105 kart\u0105 duoti savo s\u016bnui, kad jis netekt\u0173 ir mamos. Jis jau neturi t\u0117\u010dio, jis jo nepa\u017eino\u201c, \u2013 atvirai kalb\u0117jo N.\u017dali\u016bk\u0117.<\/p>\n<p>Mariui diagnozuota \u0161onin\u0117 amiotrofin\u0117 skleroz\u0117 yra sunki, nepagydoma neurodegeneracin\u0117 liga, pa\u017eeid\u017eianti galvos ir nugaros smegen\u0173 motorinius neuronus, sukelianti raumen\u0173 silpn\u0117jim\u0105, atrofij\u0105, paraly\u017ei\u0173 ir galiausiai mirt\u012f d\u0117l kv\u0117pavimo nepakankamumo. Konkre\u010diai nuo \u0161ios ligos vaist\u0173 dar n\u0117ra. Tod\u0117l Norai teko tiesiog susitaikyti su mintimi, kad gyvenimas yra trapus.<\/p>\n<p>Taip pat skaitykite<\/p>\n<p><a class=\"peer relative block w-full mb-0\" data-ga-track=\"article_related_articles\" data-ga-vars=\"0,swipeable,0,editorial,photo\" href=\"https:\/\/zmones.15min.lt\/naujiena\/nora-zaliuke-knygu-dama-su-mylimuoju-nerijumi-laukia-seimos-pagausejimo-gims-antroji-atzala-DWQkrplMBzx\" rel=\"nofollow noopener\" target=\"_blank\"><img alt=\"Nora \u017dali\u016bk\u0117\" loading=\"lazy\" decoding=\"async\" data-nimg=\"fill\" style=\"position:absolute;height:100%;width:100%;left:0;top:0;right:0;bottom:0;color:transparent\" src=\"https:\/\/www.europesays.com\/lt\/wp-content\/uploads\/2025\/12\/nora-zaliuke-642bcbac94278.jpg\"\/><\/a><a class=\"peer relative block w-full mb-0\" data-ga-track=\"article_related_articles\" data-ga-vars=\"0,swipeable,1,editorial,photo\" href=\"https:\/\/zmones.15min.lt\/naujiena\/saruno-jasikeviciaus-zmonos-annos-doukos-seimoje-sirdi-verianti-netektis-KOBrv398BXD\" rel=\"nofollow noopener\" target=\"_blank\"><img alt=\"Anna Douka\" loading=\"lazy\" decoding=\"async\" data-nimg=\"fill\" style=\"position:absolute;height:100%;width:100%;left:0;top:0;right:0;bottom:0;color:transparent\" src=\"https:\/\/www.europesays.com\/lt\/wp-content\/uploads\/2025\/12\/anna-douka-67ab654bf2ada.jpg\"\/><\/a> <\/p>\n<p>\u201eKaip ir min\u0117jau, a\u0161 tiesiog laikiausi u\u017e s\u016bnaus, nes negal\u0117jau leisti antr\u0105 kart\u0105 prarasti antro t\u0117vo. A\u0161 negal\u0117jau to padaryti, nors, patik\u0117kit, nor\u0117josi. Nor\u0117josi i\u0161eiti, neb\u016bti, ka\u017ekur prasmegti, nes, na, tai yra nesuvokiamas skausmas. Netekti savo mylimo \u017emogaus&#8230; Tik tai patyr\u0119s gali suprasti, kokie i\u0161gyvenimai ir kokios mintys sklandosi galvoje. Plius nepamir\u0161kime, kad tada buvo ir Covido pirmoji ta banga, kai visi buvom u\u017edaryti. Tai mes su Mariuku buvom u\u017edaryti dviese. Nei pas mus ka\u017ekas atva\u017eiuoti labai gal\u0117jo, nei mes. Tiesiog buvo visomis prasm\u0117mis labai sunkus ir \u017ealojantis periodas. Bet a\u0161 kabinausi u\u017e savo s\u016bnaus\u201c, \u2013 sako laidoje moteris.<\/p>\n<p>Anot jos, b\u016btent su s\u016bnumi ji pirm\u0105kart nusijuok\u0117 ir po vyro mirties. \u201ePirm\u0105kart nusi\u0161ypsojau su juo po netekties \u2013 jis tiesiog buvo mano i\u0161sigelb\u0117jimas ir a\u0161is. Tiesiog a\u0161 to kabinausi, laikiausi \u2013 mes ir dabar su Mariuku esame du tokie proto \u201esulip\u0117liai\u201c. Tiesiog, na, mes vienas kitam pad\u0117jome i\u0161tverti t\u0105 period\u0105, ir vis\u0105 laik\u0105 a\u0161 laikiausi tik d\u0117l savo s\u016bnaus\u201c, \u2013 jautriai pasakojo moteris.<\/p>\n<p> Kaip gim\u0117 \u201eKnyg\u0173 dama\u201c? <\/p>\n<p>Laidoje Nora papasakojo ir apie savo pom\u0117g\u012f dalintis atsiliepimais apie knygas. Ji teigs, kad mintis dalintis vie\u0161ai savo mintimis kilo i\u0161 darbo knygyne.<\/p>\n<p>\u201eDirbau knyg\u0173 konsultante ir kiekvien\u0105 dien\u0105 pasakodavau \u017emon\u0117ms apie knygas. Pasakoji, jie vis klausia ir domisi. \u017dmon\u0117s klausdavo, kur \u010dia paskaityti daugiau t\u0173 apra\u0161ym\u0173? Ir man tiesiog kilo mintis. A\u0161 jau ir taip dalindavausi savo asmenin\u0117je paskyroje apie tai, bet ten vienu \u017eodeliu, kitu, tiesiog nuotrauka. Ir, pagalvojau, kad reikia visk\u0105 tiesiog padaryti atskirai \u2013 instagramo paskyr\u0105 apie knygas\u201c, \u2013 tikina N. \u017dali\u016bk\u0117.<\/p>\n<p>Kaip teigs Nora, ji pati labai \u012fsikv\u0117p\u0117 ta id\u0117ja. Juk jai patinka skaityti, ra\u0161yti, kalb\u0117tis ir dalintis apie knygas.<\/p>\n<p>\u201ePrad\u0117jau gra\u017eiau fotografuoti, jau ne kaip pirmok\u0117, kaip ten prad\u017eioj dariau. Ir tiesiog visa tai realiai i\u0161augo \u012f mano darb\u0105\u201c, \u2013 prisimin\u0117 ji.<\/p>\n<p> <a href=\"https:\/\/s1.15min.lt\/images\/photos\/2025\/12\/13\/original\/7-693d3dda51ee9.jpeg\" rel=\"nofollow noopener\" target=\"_blank\"><img alt=\"Laidos \u201ePasaulis pagal moteris\u201c akimirka\" loading=\"lazy\" width=\"533\" height=\"800\" decoding=\"async\" data-nimg=\"1\" class=\"mx-auto\" style=\"color:transparent\" src=\"https:\/\/www.europesays.com\/lt\/wp-content\/uploads\/2025\/12\/7-693d3dda51ee9.jpeg\"\/><\/a><\/p>\n<p>Laidos \u201ePasaulis pagal moteris\u201c akimirka \/ TV3 nuotr.<\/p>\n<p>B\u016btent tai, kad vien\u0105 dien\u0105 \u0161i veikla taps darbu, pa\u010diai Norai tapo malonia staigmena. \u201eTikrai, \u017einokite, nebuvo tokios minties, kad vien\u0105 dien\u0105 mano hobis gali man ne\u0161ti peln\u0105, kad a\u0161 galiu i\u0161 to u\u017edirbti, kad tai man atidarys duris \u012f naujas veiklas, mane ka\u017ekas pasteb\u0117s. A\u0161 tiesiog nor\u0117jau dalintis mintimis apie knygas, bendrauti su kitais skaitytojais, patarti, parekomenduoti. Tikrai nesijau\u010diau, kad vien\u0105 dien\u0105 tai virs tokiu dideliu dalyku\u201c, \u2013 sako Nora.<\/p>\n<p>O visas pokalbis su \u201eKnyg\u0173 dama\u201c \u2013 jau \u0161io sekmadienio laidoje.<\/p>\n<p>\u201eFloristinis desertas\u201c \u2013 tiesiai i\u0161 \u201eI\u0161sipildymo akcijos\u201c<\/p>\n<p>\u017di\u016brovai tur\u0117s galimyb\u0119 pasivaik\u0161\u010dioti po TV3 ir ilgame\u010dio partnerio SEB banko iniciatyva organizuojamos \u201eI\u0161sipildymo akcijos\u201c u\u017ekulisius. \u0160iais metais floristikos dizainer\u0117 Kristina Rimien\u0117 su \u201eStudio Flores\u201c komanda renginio erdv\u0119 papuo\u0161\u0117 futuristiniu, kosminiu, \u012fvairi\u0173 planet\u0173, nereali\u0173 erdvi\u0173 tematika.<\/p>\n<p>\u201eMan tikra garb\u0117 kiekvienais metais tur\u0117ti galimyb\u0119 prisid\u0117ti prie \u0161itos nuostabios akcijos, kurios metu j\u016bs, mielieji, aukojate pinigus vaikams, padarote j\u0173 gyvenim\u0105 daug gra\u017eesniu, sveikesniu ir laimingesniu\u201c, \u2013 sakys K.Rimien\u0117.<\/p>\n<p>Transliacijos metu \u017ei\u016brovai tur\u0117jo prog\u0105 i\u0161vysti dekoruotus m\u0117nulius ir \u0160iaur\u0117s pa\u0161vaist\u0119. M\u0117nulius puo\u0161\u0117 balti anturiai, taip pat baltos ro\u017e\u0117s, baltos chrizantemos, baltos gipsofilijos, balta ir sidabrine spalva da\u017eytos \u0161parag\u0173 \u017ealumos, be to, \u0161akos, kurios atrod\u0117 tarsi apsnigtos.<\/p>\n<p>O pats nuostabiausias efektas, kuris suk\u016br\u0117 b\u016btent t\u0105 \u0160iaur\u0117s pa\u0161vaist\u0117s arba kaban\u010di\u0173 varvekli\u0173 \u012fsp\u016bd\u012f, buvo stabilizuoti burno\u010diai. Matysite nuostabias kasas, kurios papildys kompozicij\u0105.<\/p>\n<p>Na, ir viskas pasirinkta baltos spalvos, kaip teigs Kristina, b\u016btent d\u0117l to, kad b\u016bt\u0173 galima \u017eaisti \u012fvairiomis lemp\u0173 spalvomis su \u0161vietimo efektais ir juos derinti pagal program\u0105.<\/p>\n<p>Svarbu pamin\u0117ti, kad tarp gausyb\u0117s g\u0117li\u0173, kurias naudojo savo projekte, bus ir baltos ro\u017e\u0117s. Tai \u2013 \u201eMondial\u201c ro\u017e\u0117s, kurios atkeliavo tiesiai i\u0161 Ekvadoro. Jos atkeliavo sausu b\u016bdu. Tai yra, jos nebuvo pamerktos \u012f vanden\u012f, o tai rei\u0161kia, kad j\u0173 lapeliai sumink\u0161t\u0117jo. Pasinaudodama situacija, Kristina kartu su komanda juos tiesiog i\u0161lankst\u0117 ir i\u0161 to i\u0161\u0117jo did\u017eiuliai \u017eiedai.<\/p>\n<p>Laida \u201ePasaulis pagal moteris\u201c \u2013 sekmadieniais, 10 val. per TV3. <\/p>\n","protected":false},"excerpt":{"rendered":"\u0160\u012f sekmadien\u012f laidoje \u201ePasaulis pagal moteris\u201c \u2013 jautrus pokalbis su \u201eKnyg\u0173 dama\u201c Nora \u017dali\u016bke. \u201eJam i\u0161\u0117jus, mir\u0117 ir&hellip;\n","protected":false},"author":2,"featured_media":61140,"comment_status":"","ping_status":"","sticky":false,"template":"","format":"standard","meta":{"footnotes":""},"categories":[13],"tags":[25,30,31,34,35,24,32,33,37,39,36,38,40,23,22,28,29,26,27],"class_list":{"0":"post-61139","1":"post","2":"type-post","3":"status-publish","4":"format-standard","5":"has-post-thumbnail","7":"category-lietuva","8":"tag-antrastes","9":"tag-breaking-news","10":"tag-breakingnews","11":"tag-featured-news","12":"tag-featurednews","13":"tag-headlines","14":"tag-latest-news","15":"tag-latestnews","16":"tag-lietuva","17":"tag-lietuviu","18":"tag-lithuania","19":"tag-lithuanian","20":"tag-lt","21":"tag-naujienos","22":"tag-news","23":"tag-populiariausios-naujienos","24":"tag-populiariausiosnaujienos","25":"tag-top-stories","26":"tag-topstories"},"share_on_mastodon":{"url":"https:\/\/pubeurope.com\/@lt\/115713485674145031","error":""},"_links":{"self":[{"href":"https:\/\/www.europesays.com\/lt\/wp-json\/wp\/v2\/posts\/61139","targetHints":{"allow":["GET"]}}],"collection":[{"href":"https:\/\/www.europesays.com\/lt\/wp-json\/wp\/v2\/posts"}],"about":[{"href":"https:\/\/www.europesays.com\/lt\/wp-json\/wp\/v2\/types\/post"}],"author":[{"embeddable":true,"href":"https:\/\/www.europesays.com\/lt\/wp-json\/wp\/v2\/users\/2"}],"replies":[{"embeddable":true,"href":"https:\/\/www.europesays.com\/lt\/wp-json\/wp\/v2\/comments?post=61139"}],"version-history":[{"count":0,"href":"https:\/\/www.europesays.com\/lt\/wp-json\/wp\/v2\/posts\/61139\/revisions"}],"wp:featuredmedia":[{"embeddable":true,"href":"https:\/\/www.europesays.com\/lt\/wp-json\/wp\/v2\/media\/61140"}],"wp:attachment":[{"href":"https:\/\/www.europesays.com\/lt\/wp-json\/wp\/v2\/media?parent=61139"}],"wp:term":[{"taxonomy":"category","embeddable":true,"href":"https:\/\/www.europesays.com\/lt\/wp-json\/wp\/v2\/categories?post=61139"},{"taxonomy":"post_tag","embeddable":true,"href":"https:\/\/www.europesays.com\/lt\/wp-json\/wp\/v2\/tags?post=61139"}],"curies":[{"name":"wp","href":"https:\/\/api.w.org\/{rel}","templated":true}]}}