{"id":61151,"date":"2025-12-13T18:00:00","date_gmt":"2025-12-13T18:00:00","guid":{"rendered":"https:\/\/www.europesays.com\/lt\/61151\/"},"modified":"2025-12-13T18:00:00","modified_gmt":"2025-12-13T18:00:00","slug":"paskaiciuota-kiek-kainuos-finnair-panaikintas-skrydis","status":"publish","type":"post","link":"https:\/\/www.europesays.com\/lt\/61151\/","title":{"rendered":"Paskai\u010diuota, kiek kainuos \u201eFinnair\u201c panaikintas skrydis"},"content":{"rendered":"<p>\u201eJokia kita aviakompanija \u0161iai dienai neplanuoja perkelti skryd\u017ei\u0173 ar ka\u017ekaip keisti tvarkara\u0161\u010di\u0173. Palaikome ry\u0161\u012f su visomis bendrov\u0117mis ir jos visos indikuoja, kad nori toliau t\u0119sti skryd\u017eius \u012f Vilniaus oro uost\u0105 (VNO), kurie yra suplanuoti\u201c, \u2013 penktadien\u012f Vyriausyb\u0117je \u017eurnalistams sak\u0117 LTOU generalinis direktorius S. Bartkus.<\/p>\n<p>Kaip skelbta anks\u010diau, kelioni\u0173 organizatoriaus vykdomi skryd\u017eiai \u012f Egipto miestus \u0160arm a\u0161 \u0160eich\u0105 ir Hurgad\u0105 nuo gruod\u017eio 17 d. bus vykdomi i\u0161 Kauno oro uosto. \u0160ie skryd\u017eiai i\u0161 laikinosios sostin\u0117s tur\u0117t\u0173 b\u016bti vykdomi iki 2026 met\u0173 kovo m\u0117nesio pabaigos.<\/p>\n<p>\u201eSkai\u010diuojame, kad per \u0161\u012f laikotarp\u012f yra suplanuota apie 90\u00a0skryd\u017ei\u0173, tad \u017ei\u016brint vidutini\u0161kai \u2013 \u012f Kauno oro uost\u0105 persikels po vien\u0105 skryd\u012f per dien\u0105. Mes \u0161\u012f kelioni\u0173 organizatoriaus vertiname pozityviai\u201c, \u2013 teig\u0117 S. Bartkus.<\/p>\n<p>\u201eDabar m\u016bs\u0173 keleiviai tur\u0117s galimyb\u0119 \u012f Egipto kurortus keliauti i\u0161 vis\u0173 trij\u0173 Lietuvos oro uost\u0173\u201c, \u2013 pozityv\u0105 \u012f\u017evelg\u0117 jis.<\/p>\n<p>Anot LTOU vadovo, operatyvus susitarimas su \u201eJoin UP! Baltic\u201c lemia, kad apkrova Kauno oro uostui nepadid\u0117s. Prie sklandaus skryd\u017ei\u0173 pri\u0117mimo prisideda ir tai, kad ant\u017eemin\u0117s darbuotoj\u0173 paj\u0117gos Kauno oro uoste noriai ir atsakingai priima papildomus skryd\u017eius.<\/p>\n<p>\u201e\u0160iai dienai perkelti skryd\u017eiai ka\u017ekokio ypatingo u\u017ekrovimo Kauno oro uostui nepadidins. Su bendrove susiderinome tvarkara\u0161t\u012f ir skryd\u017eiai vyks kitais laikais nei esami skryd\u017eiai\u201c, \u2013 tikino S. Bartkus.<\/p>\n<p>Panaikintas \u201eFinnair\u201c skrydis i\u0161 Helsinkio VNO kainuos 70\u201380\u00a0t\u016bkst. eur\u0173<\/p>\n<p>Pasak S. Bartkaus, aviakompanijos \u201e<a rel=\"noopener nofollow\" target=\"_blank\" href=\"https:\/\/www.delfi.lt\/temos\/finnair\" tag-id=\"62025801\">Finnair<\/a>\u201c panaikintas vakarinis skrydis tarp Vilniaus ir Helsinkio sostin\u0117s oro uostui kainuos iki 80\u00a0t\u016bkst. eur\u0173 nesurinkt\u0173 pajam\u0173, ta\u010diau, kaip teigia jis, tai n\u0117ra reik\u0161minga suma \u2013 j\u0105 kompensuoja kitos LTOU veiklos augimas.<\/p>\n<p>\u201ePaskai\u010diavome, kad \u201eFinnair\u201c sprendimas nevykdyti ketvirto savo kasdienio skryd\u017eio per vis\u0105 keturi\u0173 m\u0117nesi\u0173 laikotarp\u012f, kalba eina apie 70-80\u00a0t\u016bkst. eur\u0173 nuostolius Vilniaus oro uostui\u201c, \u2013 atskleid\u0117 S. Bartkus.<\/p>\n<p>\u201eKalbame apie tam tikras negautas pajamas, bet kol kas, LTOU kontekste, tai yra labai ne\u017eenklios sumos. I\u0161 esm\u0117s, nauj\u0173 skryd\u017ei\u0173 atsiradimas ir keleivi\u0173 sraut\u0173 augimas realiai kompensuoja visas negautas pajamas\u201c, \u2013 tikino bendrov\u0117s vadovas.<\/p>\n<p>    <img decoding=\"async\" src=\"https:\/\/www.europesays.com\/lt\/wp-content\/uploads\/2025\/12\/e34627ec-8c29-40b1-a2b9-6591dbc28475.jpg\" loading=\"lazy\" alt=\"L\u0117ktuvas ATR72\"\/>      <\/p>\n<p>S. Bartkaus teigimu, sostin\u0117s ir visos \u0161alies oro uost\u0173 srautai \u0161i\u0173 met\u0173 gruod\u012f yra i\u0161aug\u0119, lyginant su pra\u0117jusiais metais, nepaisant kartais d\u0117l Baltarusijos hibridini\u0173 atak\u0173 stringan\u010dios veiklos.<\/p>\n<p>\u201ePer pirmas 11 dien\u0173 gruod\u017eio m\u0117nes\u012f, keleivi\u0173 srautai tiek VNO, tiek LTOU bendrai yra i\u0161aug\u0119, lyginant su pra\u0117jusiais metais\u201c, \u2013 teig\u0117 oro uost\u0173 direktorius.<\/p>\n<p>ELTA primena, kad kriz\u0117 Baltarusijos pasienyje kilo po pastaruosius m\u0117nesius vykusi\u0173 kontrabandini\u0173 balion\u0173 i\u0161 Baltarusijos atak\u0173, d\u0117l to Vyriausyb\u0117 spalio pabaigoje nusprend\u0117 m\u0117nesiui u\u017edaryti Medinink\u0173 ir \u0160al\u010dinink\u0173 pasienio kontrol\u0117s punktus su Baltarusija. V\u0117liau punktai buvo atidaryti, ta\u010diau Lietuvos oro erdv\u0117 dar ne kart\u0105 buvo pa\u017eeista.<\/p>\n<p>D\u0117l kontrabandini\u0173 balion\u0173 \u0161auktas ne vienas Nacionalinio saugumo komiteto (NSK) pos\u0117dis, Baltarusijos hibridin\u0117s atakos klausimas aptarin\u0117jamas \u012fvairiais formatais \u0161alies ir tarptautiniu\u00a0lygiu.<\/p>\n<p>\u0160\u012f antradien\u012f d\u0117l i\u0161 kaimynin\u0117s Baltarusijos leid\u017eiam\u0173 kontraband\u0105 gabenan\u010di\u0173 balion\u0173 Vyriausyb\u0117 visoje \u0161alyje taip pat paskelb\u0117 ekstremali\u0105j\u0105 situacij\u0105.<\/p>\n","protected":false},"excerpt":{"rendered":"\u201eJokia kita aviakompanija \u0161iai dienai neplanuoja perkelti skryd\u017ei\u0173 ar ka\u017ekaip keisti tvarkara\u0161\u010di\u0173. Palaikome ry\u0161\u012f su visomis bendrov\u0117mis ir&hellip;\n","protected":false},"author":2,"featured_media":61152,"comment_status":"","ping_status":"","sticky":false,"template":"","format":"standard","meta":{"footnotes":""},"categories":[13],"tags":[25,30,31,34,35,6035,24,32,33,37,39,5796,36,38,40,23,22,28,29,12323,26,27,752],"class_list":{"0":"post-61151","1":"post","2":"type-post","3":"status-publish","4":"format-standard","5":"has-post-thumbnail","7":"category-lietuva","8":"tag-antrastes","9":"tag-breaking-news","10":"tag-breakingnews","11":"tag-featured-news","12":"tag-featurednews","13":"tag-finnair","14":"tag-headlines","15":"tag-latest-news","16":"tag-latestnews","17":"tag-lietuva","18":"tag-lietuviu","19":"tag-lietuvos-oro-uostai","20":"tag-lithuania","21":"tag-lithuanian","22":"tag-lt","23":"tag-naujienos","24":"tag-news","25":"tag-populiariausios-naujienos","26":"tag-populiariausiosnaujienos","27":"tag-simonas-bartkus","28":"tag-top-stories","29":"tag-topstories","30":"tag-vilniaus-oro-uostas"},"share_on_mastodon":{"url":"https:\/\/pubeurope.com\/@lt\/115713568273643696","error":""},"_links":{"self":[{"href":"https:\/\/www.europesays.com\/lt\/wp-json\/wp\/v2\/posts\/61151","targetHints":{"allow":["GET"]}}],"collection":[{"href":"https:\/\/www.europesays.com\/lt\/wp-json\/wp\/v2\/posts"}],"about":[{"href":"https:\/\/www.europesays.com\/lt\/wp-json\/wp\/v2\/types\/post"}],"author":[{"embeddable":true,"href":"https:\/\/www.europesays.com\/lt\/wp-json\/wp\/v2\/users\/2"}],"replies":[{"embeddable":true,"href":"https:\/\/www.europesays.com\/lt\/wp-json\/wp\/v2\/comments?post=61151"}],"version-history":[{"count":0,"href":"https:\/\/www.europesays.com\/lt\/wp-json\/wp\/v2\/posts\/61151\/revisions"}],"wp:featuredmedia":[{"embeddable":true,"href":"https:\/\/www.europesays.com\/lt\/wp-json\/wp\/v2\/media\/61152"}],"wp:attachment":[{"href":"https:\/\/www.europesays.com\/lt\/wp-json\/wp\/v2\/media?parent=61151"}],"wp:term":[{"taxonomy":"category","embeddable":true,"href":"https:\/\/www.europesays.com\/lt\/wp-json\/wp\/v2\/categories?post=61151"},{"taxonomy":"post_tag","embeddable":true,"href":"https:\/\/www.europesays.com\/lt\/wp-json\/wp\/v2\/tags?post=61151"}],"curies":[{"name":"wp","href":"https:\/\/api.w.org\/{rel}","templated":true}]}}