{"id":61159,"date":"2025-12-13T18:12:12","date_gmt":"2025-12-13T18:12:12","guid":{"rendered":"https:\/\/www.europesays.com\/lt\/61159\/"},"modified":"2025-12-13T18:12:12","modified_gmt":"2025-12-13T18:12:12","slug":"kaip-gyvensime-2026-aisiais-ekonomistas-isklojo-tiesa","status":"publish","type":"post","link":"https:\/\/www.europesays.com\/lt\/61159\/","title":{"rendered":"Kaip gyvensime 2026-aisiais? Ekonomistas i\u0161klojo ties\u0105"},"content":{"rendered":"\n<p>Apie tai, \u201e\u017dini\u0173 radijas\u201c laidoje, diskutuoja Tadas Povilauskas, SEB banko vyriausiasis ekonomistas.<\/p>\n<p>Ar gyvensime geriau kitais metais?<\/p>\n<p>T. Povilauskas: Gyvensime geriau, nes v\u0117lgi, \u017ei\u016brint \u012f pastaruosius metus, da\u017eniausiai vis tiek ta perkamoji galia m\u016bs\u0173 yra did\u0117janti.<\/p>\n<p>Kas geriausiai tur\u0117t\u0173 pajusti, sakykime, t\u0105 <a href=\"https:\/\/www.tv3.lt\/naujiena\/verslas\/lietuviams-jau-pavydes-ir-lenkai-gyventoju-pajamu-augimas-bene-sparciausias-visoje-es-n1473007\" rel=\"nofollow noopener\" target=\"_blank\">pajam\u0173 padid\u0117jim\u0105<\/a> ir efektyvum\u0105 savo gyvenime?<\/p>\n<p>T. Povilauskas: Jeigu kalbant apie pajam\u0173 dinamik\u0105, a\u0161 manau, kad kitais metais \u2013 senatv\u0117s pensininkai, nes j\u0173 senatv\u0117s <a href=\"https:\/\/www.tv3.lt\/pensija\" target=\"_blank\" class=\"phrase\" rel=\"nofollow noopener\">pensija<\/a> did\u0117s 12 proc. vidutini\u0161kai. Ai\u0161ku, pensija yra \u017eema, \u010dia faktas, bet jeigu kalbame apie pokyt\u012f ir t\u0105 perkam\u0105j\u0105 gali\u0105, \u010dia bus turb\u016bt did\u017eiausias pokytis.<\/p>\n<p>Kalbant apie vidutin\u012f darbo u\u017emokest\u012f, tai kitais metais jis augs \u0161iek tiek l\u0117\u010diau negu \u0161iais metais. Priminsiu, \u0161iais metais prie\u0161 mokes\u010dius augimas turb\u016bt apie 8,5 proc., po mokes\u010di\u0173 apie 8 proc. Kitais metais \u0161ie dyd\u017eiai, manome, leisis \u2013 prie\u0161 mokes\u010dius augimas bus apie 7,5 proc., po mokes\u010di\u0173 7 proc.<\/p>\n<p>\u00a0Manau, kad t\u0119sis tai, kas matoma \u0161iais metais, jog didesni\u0173 pajam\u0173 gav\u0117j\u0173 pajamos ir \u0161iais metais auga ma\u017eiau. Galite pa\u017ei\u016br\u0117ti Valstyb\u0117s duomen\u0173 agent\u016bros ir \u201eSodros\u201c duomenis: pavyzd\u017eiui, IT sektoriuje <a href=\"https:\/\/www.tv3.lt\/gaires\/algu-augimas\" target=\"_blank\" rel=\"nofollow noopener\">alg\u0173 augimas<\/a> yra sul\u0117t\u0117j\u0119s, dabar ten yra 4\u20135 proc. per metus.<\/p>\n<p>     <a href=\"https:\/\/www.tv3.lt\/Uploads\/UGallery\/photos\/4c\/a0\/eb\/aa\/4ca0ebaac160e2b644729e6b64d5ef15.jpg\" data-fancybox=\"photos-embed\" data-caption=\"Tadas Povilauskas (\u017dygimantas Gedvila\/ BNS nuotr.)\" target=\"_self\" rel=\"nofollow noopener\"> <img decoding=\"async\" class=\"photo-inside-article\" align=\"center\" alt=\"Tadas Povilauskas (\u017dygimantas Gedvila\/ BNS nuotr.)\" title=\"Tadas Povilauskas (\u017dygimantas Gedvila\/ BNS nuotr.)\" src=\"https:\/\/www.europesays.com\/lt\/wp-content\/uploads\/2025\/12\/4ca0ebaac160e2b644729e6b64d5ef15.jpg\" width=\"684\" height=\"654\" loading=\"lazy\" \/> <\/a>       <\/p>\n<p>Tas pats yra ir finans\u0173, ar profesin\u0117s veiklos sektoriuje, o ten, kur algos yra \u017eemesn\u0117s ir susijusios su minimalia m\u0117nesio <a href=\"https:\/\/www.tv3.lt\/gaires\/alga\" target=\"_blank\" rel=\"nofollow noopener\">alga<\/a>, ten alg\u0173 augimas \u0161iais metais yra spartesnis ir kitais metais bus spartesnis negu vidutini\u0161kai \u0161alyje.<\/p>\n<p>\u017dinome, kad minimali m\u0117nesio alga auga 11 proc. \u2013 tai daug kam tai i\u0161 esm\u0117s pakels pajamas \u0161iek tiek spar\u010diau, negu augs pajamos vidutini\u0161kai \u0161alyje.<\/p>\n<p>Kaip manote, ar atlyginim\u0173 sul\u0117t\u0117jimas b\u016btent auk\u0161tesn\u0117s kvalifikacijos \u017emon\u0117ms, galb\u016bt yra susij\u0119 su kritusiomis investicijomis \u012f Lietuv\u0105?<\/p>\n<p>T. Povilauskas: Tai yra normalizavimasis \u2013 m\u016bs\u0173 atlyginim\u0173 fondas augo spar\u010diau negu augo \u0161alies BVP, arba pats alg\u0173 augimas vir\u0161ijo darbo na\u0161um\u0105.<\/p>\n<p>Proporcija nuo BVP, kuri tenka darbuotojams, pastaruosius kelerius metus labai stipriai did\u0117jo, ir mes esame jau vieni pirm\u0173j\u0173 Europos S\u0105jungoje. Normalu, kad turi susivienodinti, kiek auga \u0161alies ekonomika ir kiek auga darbo u\u017emokes\u010dio fondas.<\/p>\n<p>Jeigu kitais metais realusis BVP augs apie 3 proc., infliacija vir\u0161 trij\u0173, tai i\u0161 esm\u0117s nominalus BVP bus apie 6\u20137 proc. I\u0161 esm\u0117s tiek ir turi augti tokiu neutraliu keliu atlyginim\u0173 darbo u\u017emokes\u010dio fondas \u0161alyje.<\/p>\n<p>Kaip manai, kada mes gal\u0117sime pasid\u017eiaugti, kad gyvename geriau negu Vakar\u0173 <a href=\"https:\/\/www.tv3.lt\/rubrika\/naujienos\/uzsienis\/europa\" target=\"_blank\" class=\"phrase\" rel=\"nofollow noopener\">Europoje<\/a>?<\/p>\n<p>T. Povilauskas: Reikia vertinti gyvenimo kokyb\u0119 ir kas kaip gyvena. Pagal gyvenimo kokyb\u0119 <a href=\"https:\/\/www.tv3.lt\/gaires\/vilnius\" target=\"_blank\" class=\"phrase\" rel=\"nofollow noopener\">Vilniuje<\/a>, jeigu turi ger\u0105 darb\u0105, gali sakyti, kad gyveni beveik taip, kaip Vakar\u0173 \u0161alyse, bet pagal pajamas, pavyzd\u017eiui, Vokietija \u2013 kitais metais didins minimali\u0105 m\u0117nesio alg\u0105 8 proc., o valandinis <a href=\"https:\/\/www.tv3.lt\/gaires\/atlyginimas\" target=\"_blank\" rel=\"nofollow noopener\">atlyginimas<\/a> bus \u0161iek tiek vir\u0161 13 eur. u\u017e valand\u0105.<\/p>\n<p><a href=\"https:\/\/www.tv3.lt\/rubrika\/naujienos\/lietuva\" target=\"_blank\" class=\"phrase\" rel=\"nofollow noopener\">Lietuvoje<\/a> vidutinis darbo u\u017emokestis yra truput\u0117l\u012f auk\u0161\u010diau \u0161ios sumos. Jeigu \u017ei\u016brint eurais, mes vis tiek dar gauname beveik ne dvigubai, o 50 proc. ma\u017eiau negu Vokietijoje ar Danijoje.<\/p>\n<p>Da\u017enai \u017emon\u0117s kritikuodami sako, kad maistas kainuoja tiek pat Vokietijoje ir Lietuvoje. Kur yra amortizacija? Kaip mes galime su dvigubai ma\u017eesn\u0117mis pajamomis gyventi pakankamai komforti\u0161kai?<\/p>\n<p>T. Povilauskas: Paslaug\u0173 kainos yra ma\u017eesn\u0117s. Reikia pripa\u017einti, kad tai, kas susij\u0119 su priva\u010diu sektoriumi \u2013 ar tai b\u016bt\u0173 \u0161vietimas, sveikata, ar visokios gro\u017eio paslaugos ir pana\u0161iai \u2013 vis tiek yra pigiau.<\/p>\n<p>     <a href=\"https:\/\/www.tv3.lt\/Uploads\/UGallery\/photos\/30\/ea\/e0\/7c\/30eae07c68c0ecae4b6c5a7a8780f627.jpg\" data-fancybox=\"photos-embed\" data-caption=\"Maisto kainos Europoje: kur brangiausia, o kur pigiausia? (nuotr. SCANPIX)\" target=\"_self\" rel=\"nofollow noopener\"> <img decoding=\"async\" class=\"photo-inside-article\" align=\"center\" alt=\"Maisto kainos Europoje: kur brangiausia, o kur pigiausia? (nuotr. SCANPIX)\" title=\"Maisto kainos Europoje: kur brangiausia, o kur pigiausia? (nuotr. SCANPIX)\" src=\"https:\/\/www.europesays.com\/lt\/wp-content\/uploads\/2025\/12\/30eae07c68c0ecae4b6c5a7a8780f627.jpg\" width=\"684\" height=\"654\" loading=\"lazy\" \/> <\/a>       <\/p>\n<p>Pavyzd\u017eiui, kur labiausiai susij\u0119 su minimalia m\u0117nesio alga: valymo paslaugos, apsaugini\u0173 paslaugos. Kalbu gal i\u0161 <a href=\"https:\/\/www.tv3.lt\/rubrika\/naujienos\/verslas\" target=\"_blank\" class=\"phrase\" rel=\"nofollow noopener\">verslo<\/a> pus\u0117s, bet paslaugos kaina i\u0161 esm\u0117s susijusi su minimalia m\u0117nesio alga. Jeigu Lietuvoje m\u0117nesio alga yra \u017eemesn\u0117 negu Vokietijoje, Danijoje, Belgijoje, tai t\u0173 paslaug\u0173 kainos irgi yra ma\u017eesn\u0117s.<\/p>\n<p><a href=\"https:\/\/www.tv3.lt\/naujiena\/lietuva\/ispeja-apie-minsko-provokacijas-siekia-itraukti-lietuvius-i-kontrabanda-balionais-n1476425\" rel=\"nofollow noopener\" target=\"_blank\">Balion\u0173 kriz\u0117<\/a>\u00a0\u2013 kiek tai, \u017ei\u016brint i\u0161 ekonomisto pus\u0117s, yra \u017ealinga ir kuriais aspektais?<\/p>\n<p>T. Povilauskas: Tai \u010dia dar vienas ne\u017einomasis d\u0117l kit\u0173 met\u0173, kuris kasdien vis auga ir faktas, kad tai darys \u012ftak\u0105 m\u016bs\u0173 ekonomikai. Daugelis politini\u0173 poky\u010di\u0173, apskritai vykstan\u010di\u0173 Lietuvoje, da\u017enu atveju kaupiasi po truput\u012f.<\/p>\n<p>Baiminuosi, kad tas visas politinis chaosas duos neger\u0173 vaisi\u0173 keleri\u0173 met\u0173 b\u0117gyje, o ne staigiai. Kalbant apie balionus, manau, girdime i\u0161 maitinimo ir apgyvendinimo sektori\u0173. Tai yra tai, kas tiesiogiai susij\u0119 \u2013 jeigu \u017emon\u0117s neatskrenda pas mus ir negal\u0117s atskristi, tai \u0161iems sektoriams bus tikrai daug sud\u0117tingiau, kaip ir visiems, kas aptarnauja turistus, tiek verslo, tiek gyventoj\u0173.<\/p>\n<p>Man dar labiau sud\u0117tinga d\u0117l verslo turizmo. Esi akcininkas, esi darbuotojas ir nori atvykti \u012f Lietuv\u0105 pas savo \u012fmon\u0119, klient\u0105 ar tiek\u0117j\u0105, bet ne\u017einai, ar nuvyksi. Jau mintyse jie kalb\u0117s su kitais, sakys: \u201e\u017di\u016br\u0117kit, a\u0161 negaliu atskristi \u012f Lietuv\u0105, ka\u017ekas yra blogai\u201c. Tai kuria neigiam\u0105 fon\u0105, kuo grei\u010diau bus i\u0161spr\u0119sta, tuo bus geriau mums.<\/p>\n<p>Visos laidos klausykite \u010dia:<\/p>\n","protected":false},"excerpt":{"rendered":"Apie tai, \u201e\u017dini\u0173 radijas\u201c laidoje, diskutuoja Tadas Povilauskas, SEB banko vyriausiasis ekonomistas. Ar gyvensime geriau kitais metais? T.&hellip;\n","protected":false},"author":2,"featured_media":61160,"comment_status":"","ping_status":"","sticky":false,"template":"","format":"standard","meta":{"footnotes":""},"categories":[13],"tags":[14387,25,30,31,57,43,34,35,55,48,24,54,51,49,50,32,33,37,39,36,38,40,45,23,22,44,28,29,53,42,56,47,26,27,41,46,58,52],"class_list":{"0":"post-61159","1":"post","2":"type-post","3":"status-publish","4":"format-standard","5":"has-post-thumbnail","7":"category-lietuva","8":"tag-2025-12-13-185000","9":"tag-antrastes","10":"tag-breaking-news","11":"tag-breakingnews","12":"tag-daiktai","13":"tag-dienos-kronika","14":"tag-featured-news","15":"tag-featurednews","16":"tag-gatves-tekstai","17":"tag-gyvenimas","18":"tag-headlines","19":"tag-interneto-pievos","20":"tag-keliones","21":"tag-kultura","22":"tag-laisvalaikis","23":"tag-latest-news","24":"tag-latestnews","25":"tag-lietuva","26":"tag-lietuviu","27":"tag-lithuania","28":"tag-lithuanian","29":"tag-lt","30":"tag-mokslas-ir-it","31":"tag-naujienos","32":"tag-news","33":"tag-pasaulis","34":"tag-populiariausios-naujienos","35":"tag-populiariausiosnaujienos","36":"tag-projektai","37":"tag-rinktiniai-tekstai","38":"tag-simtmecio-portalas","39":"tag-sportas","40":"tag-top-stories","41":"tag-topstories","42":"tag-tv3-lt","43":"tag-verslas","44":"tag-video","45":"tag-zaidimai"},"share_on_mastodon":{"url":"","error":"Validation failed: Text character limit of 500 exceeded"},"_links":{"self":[{"href":"https:\/\/www.europesays.com\/lt\/wp-json\/wp\/v2\/posts\/61159","targetHints":{"allow":["GET"]}}],"collection":[{"href":"https:\/\/www.europesays.com\/lt\/wp-json\/wp\/v2\/posts"}],"about":[{"href":"https:\/\/www.europesays.com\/lt\/wp-json\/wp\/v2\/types\/post"}],"author":[{"embeddable":true,"href":"https:\/\/www.europesays.com\/lt\/wp-json\/wp\/v2\/users\/2"}],"replies":[{"embeddable":true,"href":"https:\/\/www.europesays.com\/lt\/wp-json\/wp\/v2\/comments?post=61159"}],"version-history":[{"count":0,"href":"https:\/\/www.europesays.com\/lt\/wp-json\/wp\/v2\/posts\/61159\/revisions"}],"wp:featuredmedia":[{"embeddable":true,"href":"https:\/\/www.europesays.com\/lt\/wp-json\/wp\/v2\/media\/61160"}],"wp:attachment":[{"href":"https:\/\/www.europesays.com\/lt\/wp-json\/wp\/v2\/media?parent=61159"}],"wp:term":[{"taxonomy":"category","embeddable":true,"href":"https:\/\/www.europesays.com\/lt\/wp-json\/wp\/v2\/categories?post=61159"},{"taxonomy":"post_tag","embeddable":true,"href":"https:\/\/www.europesays.com\/lt\/wp-json\/wp\/v2\/tags?post=61159"}],"curies":[{"name":"wp","href":"https:\/\/api.w.org\/{rel}","templated":true}]}}