{"id":61170,"date":"2025-12-13T18:30:09","date_gmt":"2025-12-13T18:30:09","guid":{"rendered":"https:\/\/www.europesays.com\/lt\/61170\/"},"modified":"2025-12-13T18:30:09","modified_gmt":"2025-12-13T18:30:09","slug":"ukraina-rusijos-dronas-smoge-i-turkijos-krovinini-laiva-juodojoje-juroje","status":"publish","type":"post","link":"https:\/\/www.europesays.com\/lt\/61170\/","title":{"rendered":"Ukraina: Rusijos dronas smog\u0117 \u012f Turkijos krovinin\u012f laiv\u0105 Juodojoje j\u016broje"},"content":{"rendered":"<p>Tai \u012fvyko pra\u0117jus dienai po to, kai d\u0117l Rusijos oro sm\u016bgio Ukrainos Juodosios j\u016bros Odesos srities uoste kitame Turkijai priklausan\u010diame laive kilo gaisras.<\/p>\n<p>\u00a0\u201eRusija dronu tikslingai smog\u0117 Turkijos laivui \u201eVIVA\u201c, kuris plauk\u0117 \u012f Egipt\u0105 su saul\u0117gr\u0105\u017e\u0173 aliejaus kroviniu\u201c, \u2013 socialiniuose tinkluose prane\u0161\u0117 Ukrainos karinis j\u016br\u0173 laivynas ir prid\u016br\u0117, kad n\u0117 vienas i\u0161 11 \u012fgulos nari\u0173 nebuvo su\u017eeistas, o laivas gal\u0117jo t\u0119sti kelion\u0119.<\/p>\n<p>Karinis j\u016br\u0173 laivynas paskelb\u0117 vaizdo \u012fra\u0161\u0105, kuriame matyti apgadintas laivas, vanduo ant denio ir, atrodo, drono variklis.<\/p>\n<p>Laivas plauk\u0117 Ukrainos i\u0161skirtin\u0117je ekonomin\u0117je zonoje, naudodamasis vadinamuoju gr\u016bd\u0173 koridoriumi, kuris tur\u0117t\u0173 u\u017etikrinti saug\u0173 svarbi\u0173 \u017eem\u0117s \u016bkio produkt\u0173 gabenim\u0105 per Juod\u0105j\u0105 j\u016br\u0105.<\/p>\n<p>Penktadien\u012f per Rusijos oro sm\u016bg\u012f Ukrainos Juodosios j\u016bros Odesos srities uoste buvo apgadintas Turkijai priklausantis keltas, prane\u0161\u0117 Kyjivas ir kelto operator\u0117.<\/p>\n<p>\u201eRusija sureng\u0117 raket\u0173 sm\u016bg\u012f civilinei uosto infrastrukt\u016brai Odesos srityje\u201c, \u2013 tuomet prane\u0161\u0117 Ukrainos atstatymo ministras Oleksijus Kuleba \u201eTelegram\u201c tinkle ir prid\u016br\u0117, kad buvo apgadintas turk\u0173 keltas, bet auk\u0173 n\u0117ra.<\/p>\n<p>Turkijos j\u016br\u0173 transporto bendrov\u0117 \u201eCenk Shipping\u201c penktadien\u012f paskelbtame parei\u0161kime nurod\u0117, kad jos laivas, \u201ekuriuo mar\u0161rutu Karasu\u2013Odesa buvo gabenami tik \u0161vie\u017ei vaisiai, dar\u017eov\u0117s ir maisto produktai, \u0161iandien 16 val. vietos (ir Lietuvos) laiku, netrukus po to, kai prisi\u0161vartavo \u010cornomorsko uoste, patyr\u0117 oro sm\u016bg\u012f\u201c.<\/p>\n<p>Socialiniuose tinkluose paskelbtose nuotraukose buvo matyti degantis m\u0117lynai baltas laivas.<\/p>\n<p>Penktadienio i\u0161puolis paskatino Ankar\u0105 v\u0117l pareikalauti nutraukti sm\u016bgius uost\u0173 infrastrukt\u016brai, pra\u0117jus kelioms valandoms po to, kai Turkijos prezidentas Recepas Tayyipas Erdoganas (Red\u017eepas Tajipas Erdohanas) per susitikim\u0105 su Rusijos lyderiu Vladimiru Putinu asmeni\u0161kai i\u0161k\u0117l\u0117 \u0161\u012f klausim\u0105.<\/p>\n","protected":false},"excerpt":{"rendered":"Tai \u012fvyko pra\u0117jus dienai po to, kai d\u0117l Rusijos oro sm\u016bgio Ukrainos Juodosios j\u016bros Odesos srities uoste kitame&hellip;\n","protected":false},"author":2,"featured_media":61171,"comment_status":"","ping_status":"","sticky":false,"template":"","format":"standard","meta":{"footnotes":""},"categories":[15],"tags":[25,30,31,34,35,24,32,33,37,39,36,38,40,23,22,44,28,29,26,27,74,75,76],"class_list":{"0":"post-61170","1":"post","2":"type-post","3":"status-publish","4":"format-standard","5":"has-post-thumbnail","7":"category-pasaulis","8":"tag-antrastes","9":"tag-breaking-news","10":"tag-breakingnews","11":"tag-featured-news","12":"tag-featurednews","13":"tag-headlines","14":"tag-latest-news","15":"tag-latestnews","16":"tag-lietuva","17":"tag-lietuviu","18":"tag-lithuania","19":"tag-lithuanian","20":"tag-lt","21":"tag-naujienos","22":"tag-news","23":"tag-pasaulis","24":"tag-populiariausios-naujienos","25":"tag-populiariausiosnaujienos","26":"tag-top-stories","27":"tag-topstories","28":"tag-world","29":"tag-world-news","30":"tag-worldnews"},"share_on_mastodon":{"url":"https:\/\/pubeurope.com\/@lt\/115713685756797047","error":""},"_links":{"self":[{"href":"https:\/\/www.europesays.com\/lt\/wp-json\/wp\/v2\/posts\/61170","targetHints":{"allow":["GET"]}}],"collection":[{"href":"https:\/\/www.europesays.com\/lt\/wp-json\/wp\/v2\/posts"}],"about":[{"href":"https:\/\/www.europesays.com\/lt\/wp-json\/wp\/v2\/types\/post"}],"author":[{"embeddable":true,"href":"https:\/\/www.europesays.com\/lt\/wp-json\/wp\/v2\/users\/2"}],"replies":[{"embeddable":true,"href":"https:\/\/www.europesays.com\/lt\/wp-json\/wp\/v2\/comments?post=61170"}],"version-history":[{"count":0,"href":"https:\/\/www.europesays.com\/lt\/wp-json\/wp\/v2\/posts\/61170\/revisions"}],"wp:featuredmedia":[{"embeddable":true,"href":"https:\/\/www.europesays.com\/lt\/wp-json\/wp\/v2\/media\/61171"}],"wp:attachment":[{"href":"https:\/\/www.europesays.com\/lt\/wp-json\/wp\/v2\/media?parent=61170"}],"wp:term":[{"taxonomy":"category","embeddable":true,"href":"https:\/\/www.europesays.com\/lt\/wp-json\/wp\/v2\/categories?post=61170"},{"taxonomy":"post_tag","embeddable":true,"href":"https:\/\/www.europesays.com\/lt\/wp-json\/wp\/v2\/tags?post=61170"}],"curies":[{"name":"wp","href":"https:\/\/api.w.org\/{rel}","templated":true}]}}