{"id":61172,"date":"2025-12-13T18:32:18","date_gmt":"2025-12-13T18:32:18","guid":{"rendered":"https:\/\/www.europesays.com\/lt\/61172\/"},"modified":"2025-12-13T18:32:18","modified_gmt":"2025-12-13T18:32:18","slug":"projekto-naujas-hitas-finale-netiketos-pirslybos","status":"publish","type":"post","link":"https:\/\/www.europesays.com\/lt\/61172\/","title":{"rendered":"Projekto \u201eNaujas Hitas\u201c finale \u2013 netik\u0117tos pir\u0161lybos"},"content":{"rendered":"<p>Tarp finalist\u0173 \u2013 hitai, kurie jau skamba did\u017eiosiose \u0161alies radijo stotyse, o kai kurie \u2013 net patek\u0119 \u012f grojara\u0161\u010di\u0173 topus.<\/p>\n<p>D\u0117l nugal\u0117tojo vardo ir \u012fsp\u016bdingo piniginio prizo \u0161\u012f vakar\u0105 var\u017eysis de\u0161imt autori\u0173 ir j\u0173 k\u016brini\u0173, tai \u2013 Gediminas Jakubauskas su daina \u201e\u012e kalnus\u201c, Erika Gerasimovait\u0117 \u201eGr\u012f\u0161iu\u201c, Adomas Treinys \u201ePatarimai\u201c, Aurimas Pape\u010dkys \u201eTu mano\u201c, EveBei \u201ePenkialapis\u201c, Medonas ir \u017dilvinas \u201eRandai\u201c, Gabrielius Savickas \u201eSurakina\u201c, Klaudijus ir Orestas \u201ePro akis\u201c, Gajus Garalevi\u010dius \u201ePrieik ar\u010diau\u201c bei Tomas Gaili\u016bnas su k\u016briniu \u201eOre\u201c.<\/p>\n<p>De\u0161imt pasirodym\u0173, kuriuos kartu su prodiuseriais Faustu Venckumi ir Giedre Kil\u010diauskiene bei Stano ir Deivydu Zvonkumi paruo\u0161\u0117 dalyviai, pateik\u0117 ne vien\u0105 netik\u0117t\u0105 staigmen\u0105 scenoje.<\/p>\n<p>Ta\u010diau tai, k\u0105 padar\u0117 dain\u0173 k\u016br\u0117jas ir atlik\u0117jas Gajus Garalevi\u010dius, nustebino ne tik \u017ei\u016brovus, bet ir vis\u0105 jo palaikyti susirinkusi\u0105 \u0161eim\u0105.<\/p>\n<p>Finalo metu, i\u0161kart po savo k\u016brinio, jis kreip\u0117si \u012f publikoje s\u0117din\u010di\u0105 savo mergin\u0105: \u201eKalb\u0117jome su Faustu telefonu. Kalb\u0117jome apie dain\u0105, bet m\u016bs\u0173 pokalbis pasisuko netik\u0117ta linkme apie santykius. Ir jis man\u0119s paklaus\u0117, kokie mano santykiai su Gabriele, mano mergina. Ir a\u0161 jam pasakiau, kad tvirtai \u017einau, kad ji \u2013 ta vienintel\u0117.\u201c<\/p>\n<p>I\u0161kart po \u0161i\u0173 \u017eod\u017ei\u0173, Gajus \u012f scen\u0105 pasikviet\u0117 savo mylim\u0105j\u0105 ir prie\u0161 vis\u0105 Lietuv\u0105, priklaup\u0119s ant vieno kelio, u\u017edav\u0117 klausim\u0105, kurio nebenor\u0117jo atid\u0117lioti nei minut\u0117s ilgiau.<\/p>\n<p>\u201eTu esi mano did\u017eiausias laim\u0117jimas ir a\u0161 labai tave myliu. Ir manau tau nepasakysiu joki\u0173 \u017eod\u017ei\u0173 geriau, nei galiu tau juos kaskart padainuoti. Gabriele, ar tek\u0117si u\u017e man\u0119s?\u201c, \u2013 klaus\u0117 jis.<\/p>\n<p>Gajus Garalevi\u010dius ir Gabriel\u0117 Va\u0161kevi\u010di\u016bt\u0117 kartu yra jau du su puse met\u0173. Atlik\u0117jas pasakojo, jog j\u0173 por\u0105 b\u016btent ir suved\u0117 muzika.<\/p>\n<p>\u201eSusipa\u017einome visai netik\u0117tai. Vien\u0105 dien\u0105 u\u017esukau \u012f kavin\u0119 ir sutikau draug\u0105, kuris buvo su savo panele, o kartu buvo ir tos panel\u0117s sesuo \u2013 Gabriel\u0117s draug\u0117. Jie papra\u0161\u0117 pad\u0117ti pasiruo\u0161ti koncertui ir \u201eLietuvos balso\u201c projektui.<\/p>\n<p>Atrodo, ma\u017eas miestelis, bet niekada nebuvome mat\u0119 vienas kito. U\u017eteko vieno \u017evilgsnio, kad suprastume \u2013 tai ka\u017ekas ypatingo. Meil\u0117 i\u0161 pirmo \u017evilgsnio yra reta, bet mums ji nutiko\u201c, \u2013 pa\u017einties istorija dalijosi projekto finalistas.<\/p>\n<p>Kaip sureagavo Gajaus mergina, kod\u0117l atlik\u0117jas nusprend\u0117 jai pasipir\u0161ti prie\u0161 vis\u0105 Lietuv\u0105, koki\u0173 dar staigmen\u0173 pateik\u0117 finalo dalyviai ir kas taps projekto nugal\u0117toju, steb\u0117kite projekte \u201eLNK I\u0161\u0161\u016bkis. Naujas Hitas\u201c \u0161\u012f \u0161e\u0161tadienio vakar\u0105 19.30 val. per LNK.<\/p>\n","protected":false},"excerpt":{"rendered":"Tarp finalist\u0173 \u2013 hitai, kurie jau skamba did\u017eiosiose \u0161alies radijo stotyse, o kai kurie \u2013 net patek\u0119 \u012f&hellip;\n","protected":false},"author":2,"featured_media":61173,"comment_status":"","ping_status":"","sticky":false,"template":"","format":"standard","meta":{"footnotes":""},"categories":[6],"tags":[25,30,31,34,35,24,32,33,37,39,36,38,40,23,22,28,29,26,27],"class_list":{"0":"post-61172","1":"post","2":"type-post","3":"status-publish","4":"format-standard","5":"has-post-thumbnail","7":"category-antrastes","8":"tag-antrastes","9":"tag-breaking-news","10":"tag-breakingnews","11":"tag-featured-news","12":"tag-featurednews","13":"tag-headlines","14":"tag-latest-news","15":"tag-latestnews","16":"tag-lietuva","17":"tag-lietuviu","18":"tag-lithuania","19":"tag-lithuanian","20":"tag-lt","21":"tag-naujienos","22":"tag-news","23":"tag-populiariausios-naujienos","24":"tag-populiariausiosnaujienos","25":"tag-top-stories","26":"tag-topstories"},"share_on_mastodon":{"url":"https:\/\/pubeurope.com\/@lt\/115713693666991798","error":""},"_links":{"self":[{"href":"https:\/\/www.europesays.com\/lt\/wp-json\/wp\/v2\/posts\/61172","targetHints":{"allow":["GET"]}}],"collection":[{"href":"https:\/\/www.europesays.com\/lt\/wp-json\/wp\/v2\/posts"}],"about":[{"href":"https:\/\/www.europesays.com\/lt\/wp-json\/wp\/v2\/types\/post"}],"author":[{"embeddable":true,"href":"https:\/\/www.europesays.com\/lt\/wp-json\/wp\/v2\/users\/2"}],"replies":[{"embeddable":true,"href":"https:\/\/www.europesays.com\/lt\/wp-json\/wp\/v2\/comments?post=61172"}],"version-history":[{"count":0,"href":"https:\/\/www.europesays.com\/lt\/wp-json\/wp\/v2\/posts\/61172\/revisions"}],"wp:featuredmedia":[{"embeddable":true,"href":"https:\/\/www.europesays.com\/lt\/wp-json\/wp\/v2\/media\/61173"}],"wp:attachment":[{"href":"https:\/\/www.europesays.com\/lt\/wp-json\/wp\/v2\/media?parent=61172"}],"wp:term":[{"taxonomy":"category","embeddable":true,"href":"https:\/\/www.europesays.com\/lt\/wp-json\/wp\/v2\/categories?post=61172"},{"taxonomy":"post_tag","embeddable":true,"href":"https:\/\/www.europesays.com\/lt\/wp-json\/wp\/v2\/tags?post=61172"}],"curies":[{"name":"wp","href":"https:\/\/api.w.org\/{rel}","templated":true}]}}