{"id":61221,"date":"2025-12-13T19:31:19","date_gmt":"2025-12-13T19:31:19","guid":{"rendered":"https:\/\/www.europesays.com\/lt\/61221\/"},"modified":"2025-12-13T19:31:19","modified_gmt":"2025-12-13T19:31:19","slug":"po-kandaus-klausimo-apie-vyra-mantas-adomenas-vel-viesai-kreipesi-i-vaida-baranove","status":"publish","type":"post","link":"https:\/\/www.europesays.com\/lt\/61221\/","title":{"rendered":"Po kandaus klausimo apie vyr\u0105 Mantas Adom\u0117nas v\u0117l vie\u0161ai kreip\u0117si \u012f Vaid\u0105 Baranov\u0119"},"content":{"rendered":"<p>Kaip jau buvo ra\u0161yta anks\u010diau, reaguodamas \u012f R. Baranovo sprendimus, M. Adom\u0117nas vie\u0161ai kreip\u0117si \u012f aktor\u0119, klausdamas, ar jai neg\u0117da d\u0117l savo vyro veiksm\u0173.<\/p>\n<p>\u012e \u0161\u012f komentar\u0105 V. Baranov\u0117 atsak\u0117 itin a\u0161tria replika. Vis d\u0117lto tuo viskas nesibaig\u0117 \u2013 moters adresu ir toliau pl\u016bdo \u012fvair\u016bs komentarai.<\/p>\n<p>Pra\u0117jus kuriam laikui, M. Adom\u0117nas nusprend\u0117 vie\u0161ai atsipra\u0161yti V. Baranov\u0117s.<\/p>\n<p>\u201ePripa\u017e\u012fstu, kad klausimas, kuris gal\u0117jo b\u016bti teis\u0117tai u\u017eduotas jaunai socialdemokrat\u0173 politikei (\u017er. nuotrauk\u0105), buvo netinkamai ir nekorekti\u0161kai suformuluotas jai kaip \u017emonai. TOD\u0116L VIE\u0160AI IR NUO\u0160IRD\u017dIAI VAIDOS BARANOV\u0116S ATSIPRA\u0160AU.<\/p>\n<p>Tai buvo paprastas klausimas apie vertybes ir s\u0105\u017ein\u0119 \u2013 atsiriboju ir kategori\u0161kai smerkiu bet kokius paskesnius u\u017esipuolimus, grasinimus ar paty\u010dias jos at\u017evilgiu. <\/p>\n<p>Tokios klaidos, kylan\u010dios i\u0161 gilaus asmeninio nusivylimo, \u0161oko ir pasipiktinimo, neturi atitraukti d\u0117mesio ir pasitarnauti kaip galimyb\u0117 nukreipti kalb\u0105 nuo esminio dalyko: JIE VIS DAR BANDO SUNAIKINTI LAISV\u0104 \u017dOD\u012e IR U\u017dVALDYTI M\u016aS\u0172 DEMOKRATIJ\u0104. <\/p>\n<p>Tod\u0117l gruod\u017eio 17 d. 18 val. visi, kas b\u016bsite Lietuvoje, ateikite \u012f miting\u0105\u201c, \u2013 atsipra\u0161\u0119s ragino jis.<\/p>\n<p>Primename, kad socialiniuose tinkluose jau kelet\u0105 dien\u0173 i\u0161 eil\u0117s pastebimos kand\u017eios \u017einut\u0117s, adresuotos \u017einomai \u0161alies <a rel=\"noopener nofollow\" target=\"_blank\" href=\"https:\/\/www.delfi.lt\/temos\/aktore\" data-rel-date-range=\"[]\">aktorei<\/a>, Seimo nario <a rel=\"noopener nofollow\" target=\"_blank\" href=\"https:\/\/www.delfi.lt\/temos\/ruslanas-baranovas\" data-rel-date-range=\"[]\">Ruslano Baranovo<\/a> \u017emonai Vaidai Baranovei. Atrodo, neapsikent\u0119s to, vie\u0161ai pasisakyti nusprend\u0117 pats politikas. <\/p>\n<p>Facebook pavie\u0161intame \u012fra\u0161e R. Baranovas penktadien\u012f ra\u0161\u0117: <\/p>\n<p>\u201eVakaruose b\u016bna nucancellina ka\u017ek\u0105 padarusius \u017emones, bet net ten retai pamatysi bandym\u0105 nucancellinti to \u017emogaus \u017emon\u0105. Kuri nebalsuoja Seime, nepriklauso partijai, jos veikoje niekaip nedalyvauja. Ir ne botai \u010dia tai si\u016blo ir laikina, bet ir kult\u016bros lauko \u017emon\u0117s. Net po produceri\u0173 postais. <\/p>\n<p>Kai kurie tiesiog sako, jei nei\u0161skirsi \u2013 pati kalta. Kaip ten man ra\u0161ydavot \u2013 jei tyli, rei\u0161kia pritari?\u201c. <\/p>\n<p>\u0160alia jis paliko ir kelet\u0105 nuotrauk\u0173. Jose matomi komentarai po \u012fvairiais \u012fra\u0161ais socialiniuose tinkluose, kuriuose ir yra linksniuojama socialdemokrato R. Baranovo \u017emona. <\/p>\n<p>\u201eMantai Bartu\u0161evi\u010diau, Ar\u016bnai Valinskai, viskas ok su ja dirbti toliau ir vaidinti spektaklyje?\u201c \u2013 ra\u0161\u0117 vienas \u017emogus. <\/p>\n<p class=\"p1\">\u201eK\u0105 Valinskas mano apie toki\u0105 koleg\u0119?\u201c \u2013 k\u0117l\u0117 klausim\u0105 kitas. <\/p>\n<p>Ne vienas \u017emogus vien\u0105 konkret\u0173 klausim\u0105 adresavo ir pa\u010diai V. Baranovei \u2013 atsi\u017evelgdami \u012f pastar\u0173j\u0173 dien\u0173 politines aktualijas, komentatoriai teiravosi, ar jai apskritai n\u0117ra g\u0117da b\u016bti R. Baranovo, anot komentatori\u0173, pasisakan\u010dio u\u017e LRT politin\u012f u\u017evaldym\u0105, \u017emona? <\/p>\n<p>\u0160iems jau ir pati Vaida pateik\u0117 kategori\u0161k\u0105 atsakym\u0105 \u2013 ne. Tiesa, bendraudama su komentatoriais, tarp kuri\u0173 \u2013 ir buv\u0119s Seimo narys <a rel=\"noopener nofollow\" target=\"_blank\" href=\"https:\/\/www.delfi.lt\/temos\/mantas-adomenas\" data-rel-date-range=\"[]\">Mantas Adom\u0117nas<\/a>, ji neveng\u0117 ir necenz\u016brin\u0117s leksikos. <\/p>\n<p>U\u017e tai moteris sulauk\u0117 dar daugiau internaut\u0173 pasteb\u0117jim\u0173. Jos \u017eod\u017eiai pro akis nepraslydo ir <a rel=\"noopener nofollow\" target=\"_blank\" href=\"https:\/\/www.delfi.lt\/temos\/andrius-tapinas\" data-rel-date-range=\"[]\">Andriui Tapinui<\/a>, penktadien\u012f vie\u0161\u0117jusiam \u201eDelfi\u201c laidoje \u201eJ\u016bs rimtai?\u201c. <\/p>\n<p>Be to, pati V. Baranov\u0117 socialiniuose tinkluose pavie\u0161ino \u012fra\u0161\u0105, kuriame pabr\u0117\u017e\u0117: ji \u2013 ne politik\u0117, o aktor\u0117 ir tekst\u0173 autor\u0117. <\/p>\n<p class=\"p1\">\u201eIr ne, man n\u0117ra g\u0117da d\u0117l Ruslano, nes \u017einau jo nuostatas, vertybes ir motyvacijas. Jis yra socialdemokratas ir patriotas\u201c, \u2013 ra\u0161\u0117 moteris. <\/p>\n","protected":false},"excerpt":{"rendered":"Kaip jau buvo ra\u0161yta anks\u010diau, reaguodamas \u012f R. Baranovo sprendimus, M. Adom\u0117nas vie\u0161ai kreip\u0117si \u012f aktor\u0119, klausdamas, ar&hellip;\n","protected":false},"author":2,"featured_media":61222,"comment_status":"","ping_status":"","sticky":false,"template":"","format":"standard","meta":{"footnotes":""},"categories":[21],"tags":[113,37,39,36,38,40,14294,114,14295],"class_list":{"0":"post-61221","1":"post","2":"type-post","3":"status-publish","4":"format-standard","5":"has-post-thumbnail","7":"category-pramogos","8":"tag-entertainment","9":"tag-lietuva","10":"tag-lietuviu","11":"tag-lithuania","12":"tag-lithuanian","13":"tag-lt","14":"tag-mantas-adomenas","15":"tag-pramogos","16":"tag-ruslanas-baranovas"},"share_on_mastodon":{"url":"https:\/\/pubeurope.com\/@lt\/115713926541262378","error":""},"_links":{"self":[{"href":"https:\/\/www.europesays.com\/lt\/wp-json\/wp\/v2\/posts\/61221","targetHints":{"allow":["GET"]}}],"collection":[{"href":"https:\/\/www.europesays.com\/lt\/wp-json\/wp\/v2\/posts"}],"about":[{"href":"https:\/\/www.europesays.com\/lt\/wp-json\/wp\/v2\/types\/post"}],"author":[{"embeddable":true,"href":"https:\/\/www.europesays.com\/lt\/wp-json\/wp\/v2\/users\/2"}],"replies":[{"embeddable":true,"href":"https:\/\/www.europesays.com\/lt\/wp-json\/wp\/v2\/comments?post=61221"}],"version-history":[{"count":0,"href":"https:\/\/www.europesays.com\/lt\/wp-json\/wp\/v2\/posts\/61221\/revisions"}],"wp:featuredmedia":[{"embeddable":true,"href":"https:\/\/www.europesays.com\/lt\/wp-json\/wp\/v2\/media\/61222"}],"wp:attachment":[{"href":"https:\/\/www.europesays.com\/lt\/wp-json\/wp\/v2\/media?parent=61221"}],"wp:term":[{"taxonomy":"category","embeddable":true,"href":"https:\/\/www.europesays.com\/lt\/wp-json\/wp\/v2\/categories?post=61221"},{"taxonomy":"post_tag","embeddable":true,"href":"https:\/\/www.europesays.com\/lt\/wp-json\/wp\/v2\/tags?post=61221"}],"curies":[{"name":"wp","href":"https:\/\/api.w.org\/{rel}","templated":true}]}}