{"id":61448,"date":"2025-12-14T08:40:09","date_gmt":"2025-12-14T08:40:09","guid":{"rendered":"https:\/\/www.europesays.com\/lt\/61448\/"},"modified":"2025-12-14T08:40:09","modified_gmt":"2025-12-14T08:40:09","slug":"paskelbus-ekstremaliaja-situacija-seimas-svarstys-suteikti-specialias-teises-kariams","status":"publish","type":"post","link":"https:\/\/www.europesays.com\/lt\/61448\/","title":{"rendered":"Paskelbus ekstremali\u0105j\u0105 situacij\u0105, Seimas svarstys suteikti specialias teises kariams"},"content":{"rendered":"<p>\u0160\u012f projekt\u0105 Seimo plenarini\u0173 pos\u0117d\u017ei\u0173 sal\u0117je ketvirtadien\u012f parlamentarams pristat\u0117 kra\u0161to apsaugos viceministras Karolis Aleksa. Anot jo, policijos, Valstyb\u0117s sienos apsaugos tarnybos (<a rel=\"noopener nofollow\" target=\"_blank\" href=\"https:\/\/www.delfi.lt\/temos\/vsat\" tag-id=\"53966837\">VSAT<\/a>) pareig\u016bnams talkinantiems kariams si\u016bloma suteikti specialias Karin\u0117s j\u0117gos naudojimo statute nustatytas teises.<\/p>\n<p>\u201eKariai gal\u0117t\u0173 duoti privalomus nurodymus fiziniams ir juridiniams asmenims, kitoms organizacijoms ir j\u0173 padaliniams, persekioti ir sulaikyti asmenis, laikinai apriboti galimyb\u0119 patekti \u012f tam tikr\u0105 teritorij\u0105 ar patalp\u0105. Taip pat tikrinti asmen\u0173 transporto priemoni\u0173, ginkl\u0173 ir kit\u0173 daikt\u0173 dokumentus, atlikti asmens ap\u017ei\u016br\u0105 ir jo turim\u0173 daikt\u0173 patikrinim\u0105, sustabdyti, tikrinti ir ap\u017ei\u016br\u0117ti transporto priemones bei panaudoti speciali\u0105sias priemones \u2013 bepilo\u010dius orlaivius, radijo ry\u0161io slopinimo \u012frenginius\u201c, \u2013 pristatydamas projekt\u0105 Seimo trib\u016bnoje teig\u0117 K. Aleksa.\u00a0<\/p>\n<p>\u201e\u0160ios teis\u0117s b\u016btinos u\u017etikrinti, kad kariuomen\u0117 gal\u0117t\u0173 teikti pagalb\u0105 taikant \u0161ias kontrol\u0117s priemones, atliekant paie\u0161kos, patikrinimo, ir kitus veiksmus, likviduojant \u0161i\u0105 ekstremali\u0105j\u0105 situacij\u0105 bei \u0161alinant jos padarinius\u201c, \u2013 pabr\u0117\u017e\u0117 jis.\u00a0<\/p>\n<p>Pasak K. Aleksos \u0161ios teis\u0117s kariams b\u016bt\u0173 suteikiamos maksimaliam statute nustatytam terminui \u2013 trims m\u0117nesiams. Be to, pabr\u0117\u017e\u0117 jis, esant poreikiui, \u0161is terminas gal\u0117t\u0173 b\u016bti prat\u0119siamas tiek, kiek reik\u0117s.\u00a0<\/p>\n<p>VRM: tai prisid\u0117s prie ekstremaliosios situacijos suvaldymo<\/p>\n<p>Pateiktas projektas jau buvo svarstytas penktadien\u012f vykusiame Seimo Nacionalinio saugumo ir gynybos komiteto (NSGK) pos\u0117dyje. Anot Vidaus reikal\u0173 ministerijos (VRM) Vie\u0161ojo saugumo politikos grup\u0117s vadovo Dariaus Domarko, papildom\u0173 teisi\u0173 kariams suteikimas padidint\u0173 tarnyb\u0173 tarpusavio s\u0105veik\u0105.\u00a0<\/p>\n<p>\u201ePagrindinis ekstremaliosios situacijos privalumas \u2013 padidinti s\u0105veik\u0105 su ginkluotosiomis paj\u0117gomis. Jau ir \u0161iuo metu veikia kartu vie\u0161ojo saugumo padaliniai su Lietuvos kariuomen\u0117s paj\u0117gumais. \u0160i\u0173 speciali\u0173j\u0173 teisi\u0173 suteikimas padidint\u0173 veiksmingum\u0105, tarpusavio s\u0105veik\u0105 ir galimybes veikti taip pat ir savaranki\u0161kai, ir reik\u0161mingai prisid\u0117t\u0173 prie ekstremaliosios situacijos suvaldymo ir padarini\u0173 likvidavimo\u201c, \u2013 NSGK pos\u0117dyje penktadien\u012f teig\u0117 D. Domarkas.\u00a0<\/p>\n<p>NSGK pos\u0117dyje nutarimo projektui pritarta bendru sutarimu. Prie \u0161io klausimo svarstymo Seime planuojama gr\u012f\u017eti gruod\u017eio 16 d.<\/p>\n<p>ELTA primena, kad d\u0117l i\u0161 kaimynin\u0117s Baltarusijos leid\u017eiam\u0173 kontraband\u0105 gabenan\u010di\u0173 balion\u0173, kelian\u010di\u0173 gr\u0117sm\u0119 Lietuvos nacionalinio saugumo interesams, antradien\u012f visoje \u0161alyje paskelbta ekstremalioji situacija.<\/p>\n<p>VRM teigimu, ekstremalios situacijos statusas leid\u017eia institucijoms glaud\u017eiau koordinuoti savo veiksmus ir paramai pasitelkti karinius vienetus. Tuo metu policijos generalinis komisaras Art\u016bras Paulauskas yra teig\u0119s, jog tai gali pad\u0117ti pareig\u016bnams efektyviau u\u017ekardyti ir i\u0161tirti kontrabandos oru nusikaltimus.<\/p>\n<p>D\u0117l kontrabandini\u0173 balion\u0173 keliamo pavojaus pastaraisiais m\u0117nesiais ne kart\u0105 buvo stabdoma Vilniaus oro uosto veikla.<\/p>\n<p>Reaguojant \u012f besit\u0119sian\u010dius incidentus, spalio pabaigoje Vyriausyb\u0117 nutar\u0117 m\u0117nesiui u\u017edaryti sien\u0105 su Baltarusija. Vis tik, siena buvo atidaryta anks\u010diau, siekiant spr\u0119sti situacij\u0105 d\u0117l Baltarusijoje \u012fstrigusi\u0173 ve\u017e\u0117j\u0173. Tiesa, re\u017eimas jiems neleid\u017eia gr\u012f\u017eti atgal \u012f Lietuv\u0105, d\u0117l to ve\u017e\u0117jai svarsto rengti protest\u0105.<\/p>\n<p>Lietuvai susiduriant su, politik\u0173 vertinimu, hibridine ataka, susiklos\u010diusi situacija ne kart\u0105 aptarin\u0117ta \u012fvairiuose formatuose \u2013 Nacionalinio saugumo komisijoje (NSK), taip pat ir tarptautiniu lygiu.<\/p>\n<p>Kontrabandini\u0173 balion\u0173 kriz\u0119 \u017eadama aptarti ir gruod\u017eio 15 d. vyksian\u010diame Valstyb\u0117s gynimo tarybos (VGT) pos\u0117dyje.\u00a0<\/p>\n","protected":false},"excerpt":{"rendered":"\u0160\u012f projekt\u0105 Seimo plenarini\u0173 pos\u0117d\u017ei\u0173 sal\u0117je ketvirtadien\u012f parlamentarams pristat\u0117 kra\u0161to apsaugos viceministras Karolis Aleksa. Anot jo, policijos, Valstyb\u0117s&hellip;\n","protected":false},"author":2,"featured_media":61449,"comment_status":"","ping_status":"","sticky":false,"template":"","format":"standard","meta":{"footnotes":"","_share_on_mastodon":"0"},"categories":[13],"tags":[25,30,31,34,35,24,6662,32,33,37,39,36,38,40,23,22,28,29,26,27,549],"class_list":["post-61448","post","type-post","status-publish","format-standard","has-post-thumbnail","category-lietuva","tag-antrastes","tag-breaking-news","tag-breakingnews","tag-featured-news","tag-featurednews","tag-headlines","tag-kariai","tag-latest-news","tag-latestnews","tag-lietuva","tag-lietuviu","tag-lithuania","tag-lithuanian","tag-lt","tag-naujienos","tag-news","tag-populiariausios-naujienos","tag-populiariausiosnaujienos","tag-top-stories","tag-topstories","tag-vsat"],"share_on_mastodon":{"url":"https:\/\/pubeurope.com\/@lt\/115717028128828868","error":""},"_links":{"self":[{"href":"https:\/\/www.europesays.com\/lt\/wp-json\/wp\/v2\/posts\/61448","targetHints":{"allow":["GET"]}}],"collection":[{"href":"https:\/\/www.europesays.com\/lt\/wp-json\/wp\/v2\/posts"}],"about":[{"href":"https:\/\/www.europesays.com\/lt\/wp-json\/wp\/v2\/types\/post"}],"author":[{"embeddable":true,"href":"https:\/\/www.europesays.com\/lt\/wp-json\/wp\/v2\/users\/2"}],"replies":[{"embeddable":true,"href":"https:\/\/www.europesays.com\/lt\/wp-json\/wp\/v2\/comments?post=61448"}],"version-history":[{"count":0,"href":"https:\/\/www.europesays.com\/lt\/wp-json\/wp\/v2\/posts\/61448\/revisions"}],"wp:featuredmedia":[{"embeddable":true,"href":"https:\/\/www.europesays.com\/lt\/wp-json\/wp\/v2\/media\/61449"}],"wp:attachment":[{"href":"https:\/\/www.europesays.com\/lt\/wp-json\/wp\/v2\/media?parent=61448"}],"wp:term":[{"taxonomy":"category","embeddable":true,"href":"https:\/\/www.europesays.com\/lt\/wp-json\/wp\/v2\/categories?post=61448"},{"taxonomy":"post_tag","embeddable":true,"href":"https:\/\/www.europesays.com\/lt\/wp-json\/wp\/v2\/tags?post=61448"}],"curies":[{"name":"wp","href":"https:\/\/api.w.org\/{rel}","templated":true}]}}