{"id":61800,"date":"2025-12-14T17:48:15","date_gmt":"2025-12-14T17:48:15","guid":{"rendered":"https:\/\/www.europesays.com\/lt\/61800\/"},"modified":"2025-12-14T17:48:15","modified_gmt":"2025-12-14T17:48:15","slug":"namus-suomijoje-randa-vis-daugiau-sunu-is-lietuvos","status":"publish","type":"post","link":"https:\/\/www.europesays.com\/lt\/61800\/","title":{"rendered":"Namus Suomijoje randa vis daugiau \u0161un\u0173 i\u0161 Lietuvos"},"content":{"rendered":"<p class=\"MsoNormal\">\u0160ios nevyriausybin\u0117s organizacijos istorija prasid\u0117jo vienai suomi\u0173 \u0161eimai ry\u017eusis susiburti \u012f organizacij\u0105 ir pad\u0117ti perpildytose Lietuvos prieglaudose priglaustiems gyv\u016bnams. Prie\u0161 de\u0161imt met\u0173 organizacij\u0105 \u012fk\u016br\u0117 Lietuvoje gyvenanti suom\u0117 Liisa Leitzinger, jos mama Marjatta bei brolis Jorma su \u017emona Heidi.<\/p>\n<p>    <img decoding=\"async\" src=\"https:\/\/www.europesays.com\/lt\/wp-content\/uploads\/2025\/12\/5bdc2549-ee74-4cab-a571-40ded2fbb4d9.jpg\" loading=\"lazy\" alt=\"Pet Rescue Finland atstov\u0117 Lietuvoje Liisa Leitzinger\"\/>    <\/p>\n<p class=\"MsoNormal\">Gyv\u016bnus mylin\u010dios suomi\u0173 \u0161eimos veikla per de\u0161imtmet\u012f i\u0161augo \u012f aktyvi\u0105 organizacij\u0105, kuri \u0161iuo metu Suomijoje turi 45 savanorius. Savanoriai suomiai kelet\u0105 kart\u0173 per metus aplanko Lietuvos prieglaudas, prisideda prie \u012fvairi\u0173 organizacijos iniciatyv\u0173 bei organizuoja renginius Suomijoje.<\/p>\n<p class=\"MsoNormal\">Vilniaus rajone, Buivydi\u0161k\u0117se, \u012fsik\u016brusi \u201eLes\u0117\u201c buvo viena pirm\u0173j\u0173 prieglaud\u0173, su kuria prad\u0117jo bendradarbiauti \u201ePet Rescue Finland\u201c organizacija, prad\u0117jusi veikl\u0105 Lietuvoje. <\/p>\n<p class=\"MsoNormal\">\u201eEsame d\u0117kingi, kad \u201eLes\u0117\u201c pasitik\u0117jo mumis ir palaik\u0117 m\u016bs\u0173 veikl\u0105, kuri tuo metu buvo visi\u0161kai nauja Lietuvoje \u2013 pad\u0117ti \u0161unims i\u0161 prieglaud\u0173 Lietuvoje rasti namus kitoje \u0161alyje\u201c, \u2013 sako organizacijos atstov\u0117 Lietuvoje L. Leitzinger.<\/p>\n<p>    <img decoding=\"async\" src=\"https:\/\/www.europesays.com\/lt\/wp-content\/uploads\/2025\/12\/66c68ee3-298d-4a6b-b789-a62dc12ae94a.jpg\" loading=\"lazy\" alt=\"Nevyriausybin\u0117s organizacijos \u201ePet Rescue Finland\u201c \u012fk\u016br\u0117jai ir Vilniaus prieglaudos Les\u0117 vadov\u0117 Vesta Au\u0161kalnien\u0117\"\/>    <\/p>\n<p class=\"MsoNormal\">Pasak min\u0117tos Vilniaus prieglaudos vadov\u0117s Vestos Au\u0161kalnien\u0117s, organizacijos d\u0117ka namai Suomijoje buvo rasti keliasde\u0161im\u010diai \u0161un\u0173, kurie buvo patek\u0119 \u012f prieglaud\u0105 daugiausia i\u0161 aplinkini\u0173 kaimi\u0161k\u0173 vietovi\u0173 Vilniaus rajone.<\/p>\n<p class=\"MsoNormal\">\u201eSuomi\u0173 kvietimu taip pat lank\u0117m\u0117s Suomijoje, kur gyvai susipa\u017einome su \u0161un\u0173 glob\u0117jais bei kit\u0173 prieglaud\u0173 atstovais\u201c, \u2013 sako V. Au\u0161kalnien\u0117.<\/p>\n<p class=\"MsoNormal\">\u0160iuo metu \u0161ioje prieglaudoje globojama apie penkiasde\u0161imt ka\u010di\u0173 ir dvide\u0161imt \u0161un\u0173. Kai kurie \u0161unys \u010dia gyvena jau arti de\u0161imtme\u010dio, nes nam\u0173 jiems rasti vis nepavyksta.<\/p>\n<p class=\"MsoNormal\">\u201eNepasaky\u010diau, kad ma\u017e\u0117t\u0173 gyv\u016bn\u0173 m\u016bs\u0173 prieglaudoje, ypa\u010d \u2013 ka\u010di\u0173. Kaip pilna, taip pilna. Lietuviai kitaip \u017ei\u016bri \u012f prieglaud\u0173 gyv\u016bnus nei suomiai. Pastarieji mielai priglaud\u017eia ir vyresnius \u0161unis, ir su sveikatos b\u0117domis. O pas mus norima jaun\u0173, gra\u017ei\u0173 ir sveik\u0173. Mieste kiek geresn\u0117 situacija, o kaime problem\u0173 dar labai daug\u201c, \u2013 priduria prieglaudos vadov\u0117 V. Au\u0161kalnien\u0117.<\/p>\n<p>    <img decoding=\"async\" src=\"https:\/\/www.europesays.com\/lt\/wp-content\/uploads\/2025\/12\/ad125483-cb52-4194-a1a0-bdd25aced1af.jpg\" loading=\"lazy\" alt=\"Nevyriausybin\u0117s organizacijos \u201ePet Rescue Finland\u201c \u012fk\u016br\u0117jai lankosi Vilniaus prieglaudoje\"\/>    <\/p>\n<p class=\"MsoNormal\">Poky\u010dius tarp did\u017ei\u0173j\u0173 miest\u0173 ir region\u0173 pastebi ir suomiai, tod\u0117l pastaruoju metu organizacija savo veikl\u0105 koncentruoja ma\u017eesniuose miestuose bei regionuose.<\/p>\n<p class=\"MsoNormal\">\u201eIr toliau bendradarbiaujame su \u012fvairiomis Lietuvos prieglaudomis ir kas m\u0117nes\u012f \u012f naujus namus suomi\u0173 \u0161eimose i\u0161ve\u017eame apie dvide\u0161imt \u0161un\u0173. Taip pat finansuojame gyv\u016bn\u0173 kastracijos programas regionuose, o Panev\u0117\u017eyje kartu su savo savanoriais baigiame pastatyti naujus prieglaudos namus \u0161eiminink\u0173 apleistiems augintiniams. Ilgalaikis m\u016bs\u0173 i\u0161sikeltas tikslas \u2013 tu\u0161\u010dios gyv\u016bn\u0173 prieglaudos Lietuvoje. <\/p>\n<p class=\"MsoNormal\">Organizuosime dar daugiau gyv\u016bn\u0173 kastracijos akcij\u0173 Lietuvos kaimuose bei \u012fgyvendinsime naujas programas, kuriomis sieksime pagerinti gyvenim\u0105 prieglaudose gyvenantiems gyv\u016bnams. Taip pat norime daugiau pad\u0117ti tiems gyv\u016bnams, kurie d\u0117l \u012fvairi\u0173 sveikatos ir elgesio problem\u0173 turi ma\u017eai galimybi\u0173 rasti namus net Suomijoje\u201c, \u2013 pa\u017eymi L. Leitzinger. <\/p>\n<p>\u201eEsame tur\u0117j\u0119 ir toki\u0173 \u0161un\u0173, \u012f kuriuos, atrodo, buvo \u0161audyta\u201c<\/p>\n<p class=\"MsoNormal\">Jaun\u0173 ir sen\u0173, \u0161eiminink\u0173 ilg\u0105 laik\u0105 luo\u0161int\u0173 ir apleist\u0173, visi\u0161kai nesocializuot\u0173, o neretai \u2013 ir sunkiai sergan\u010di\u0173 \u0161un\u0173 i\u0161 prieglaud\u0173 \u201e\u012fvaikinimas\u201c glob\u0117jams Suomijoje yra pagrindin\u0117 organizacijos veikla.<\/p>\n<p class=\"MsoNormal\">Suomiai suranda mylin\u010dius \u0161eimininkus Suomijoje net tiems keturkojams, kuri\u0173 Lietuvoje jau niekas nenori. Da\u017enai tai b\u016bna prie grandin\u0117s kaimuose vis\u0105 gyvenim\u0105 praleid\u0119 mi\u0161r\u016bnai, su kuriais \u0161eimininkai ne tik nebendraudavo, bet juos dar ir mu\u0161davo ar laikydavo pusbad\u017eiu. Kai kuriuos \u0161unis prie\u0161 i\u0161ve\u017eant \u012f Suomij\u0105 tenka ilgai ir sunkiai gydyti, praeiti reabilitacijos kurs\u0105. <\/p>\n<p class=\"MsoNormal\">\u201eDa\u017enas \u0161uo neturi net vardo, o jei turi, da\u017eniausiai juos vadina Reksais. Labai daug Reks\u0173 per mus pereina. Esame tur\u0117j\u0119 ir toki\u0173 \u0161un\u0173, \u012f kuriuos, atrodo, \u0161eiminink\u0173 buvo \u0161audyta\u201c, \u2013 pasakoja L. Leitzinger.<\/p>\n<p>    <img decoding=\"async\" src=\"https:\/\/www.europesays.com\/lt\/wp-content\/uploads\/2025\/12\/d3901563-98f4-4db5-97bb-1d8fac4821c5.jpg\" loading=\"lazy\" alt=\"Nevyriausybin\u0117s organizacijos \u201ePet Rescue Finland\u201c \u012fk\u016br\u0117jai lankosi Vilniaus prieglaudoje\"\/>    <\/p>\n<p class=\"MsoNormal\">Kol \u0161uo paruo\u0161iamas kelionei \u012f Suomij\u0105 pas naujus \u0161eimininkus, glaud\u017eiai bendradarbiaujant su prieglaudomis yra praeinamas ilgas ir sud\u0117tingas kelias. \u0160unys gydomi, paskiepijami, kastruojami, sutvarkomi dokumentai, atliekama pradin\u0117 \u0161uns socializacija \u2013 naujam gyvenimui suomi\u0173 \u0161eimose \u0161uo paruo\u0161iamas ir psichologi\u0161kai. Visa tai finansuoja patys suomiai \u2013 naujieji \u0161un\u0173 glob\u0117jai. Be to, \u0161un\u0173 glob\u0117jai skirdami param\u0105 organizacijai taip pat prisideda prie \u201ePet Rescue Finland\u201c Lietuvos regionuose vykdom\u0173 kastracijos program\u0173 finansavimo.<\/p>\n<p class=\"MsoNormal\">Lietuvoje veikian\u010di\u0173 prieglaud\u0173 atstovai sako, kad analogo tokiai veiklai, koki\u0105 sistemingai jau de\u0161imtmet\u012f vykdo suomiai, m\u016bs\u0173 \u0161alyje n\u0117ra.<\/p>\n<p class=\"MsoNormal\">Pasak L. Leitzinger, suomiai labai myli \u0161unis, da\u017ena \u0161eima laiko po du ar net daugiau keturkoj\u0173, ypa\u010d gyvenantys nuosavuose namuose. Ta\u010diau net jei gyvena kaime ar u\u017emiestyje, suomiai nelaiko \u0161un\u0173 lauko b\u016bdose, voljeruose ar priri\u0161t\u0173 prie grandin\u0117s. Tod\u0117l \u012f Suomij\u0105 pas naujus glob\u0117jus patekusi\u0173 Lietuvos \u201eReks\u0173\u201c gyvenimas pasikei\u010dia kardinaliai.<\/p>\n<p class=\"MsoNormal\">\u201eNet kaime ar u\u017emiestyje \u0161unys gyvena namuose su savo \u0161eimininkais, eina su jais pasivaik\u0161\u010dioti irgauna reikiam\u0105 fizin\u012f ir protin\u012f kr\u016bv\u012f, o namuose guli ant sof\u0173. \u0160unys Suomijoje gyvena visavert\u012f gyvenim\u0105. Toks \u0161uo, kuris vis\u0105 gyvenim\u0105 praleido lauke priri\u0161tas ir net buvo mu\u0161amas savo \u0161eiminink\u0173, patek\u0119s \u012f toki\u0105 aplink\u0105 i\u0161 prad\u017ei\u0173 negali susigaudyti, kas vyksta. Gyvenimas jam staiga tampa kone pasaka. Atvyk\u0119s \u012f naujus namus \u0161uo pirmomis dienomis da\u017enai b\u016bna labai kuklus, bijo net atsistoti ant grind\u0173, nemoka lipti laiptais, jam viskas nauja. <\/p>\n<p class=\"MsoNormal\">O tada \u0161uo staiga atsigauna, pagyv\u0117ja, pradeda \u0161okin\u0117ti, lakstyti i\u0161 d\u017eiaugsmo, voliotis ant sofos ir \u017eaisti su pagalv\u0117l\u0117mis. Tai suteikia daug d\u017eiaugsmo ir naujiesiems glob\u0117jams. Manau, kad b\u016btent tai yra viena pagrindini\u0173 prie\u017eas\u010di\u0173, kod\u0117l suomiai ry\u017etasi paimti \u0161unis i\u0161 prieglaudos \u2013 jie mato vis\u0105 \u0161uns kelion\u0119 i\u0161 labai prast\u0173 s\u0105lyg\u0173 \u012f laiming\u0105 gyvenim\u0105. \u017dmon\u0117ms mums pasakoja, kad jie mato \u0161uns d\u0117kingum\u0105\u201c, \u2013 pasakoja L. Leitzinger.<\/p>\n<p>    <img decoding=\"async\" src=\"https:\/\/www.europesays.com\/lt\/wp-content\/uploads\/2025\/12\/1bbf4825-3859-4248-8484-abdd93fbc5aa.jpg\" loading=\"lazy\" alt=\"\u0160uo prieglaudoje\"\/>    <\/p>\n<p class=\"MsoNormal\">Pa\u010dios Liisos namuose visuomet gyvena trys \u0161eimos \u0161unys ir bent vienas globotinis i\u0161 prieglaudos. Moteris paskai\u010diavo, kad per vis\u0105 organizacijos gyvavimo istorij\u0105 ji savo namuose buvo priglaudusi apie \u0161imt\u0105 prieglaud\u0173 \u0161un\u0173. Vien per koronaviruso pandemij\u0105 toki\u0173 globotini\u0173 jos namuose gyveno net de\u0161imt. <\/p>\n<p class=\"MsoNormal\">\u201e\u017dinoma, jie taip pat ne tik gul\u0117davo ant sofos, bet ir \u012fsirop\u0161davo ir \u012fm\u016bs\u0173 lov\u0105\u201c, \u2013 \u0161ypsosi L. Leitzinger.<\/p>\n<p class=\"MsoNormal\">Prieglaudos \u0161unis globoja ir kiti organizacijos steig\u0117jai bei savanoriai Suomijoje, da\u017eniausiai laikinai priglaud\u017eiantys kuklius, baik\u0161\u010dius arba jau garbaus am\u017eiaus sulaukusius \u0161unis: tokius, kuriems dar reikia socializuotis ir kuriems buvimas prieglaudoje kelia did\u017eiul\u012f stres\u0105.<\/p>\n<p class=\"MsoNormal\">\u201eTada ie\u0161kome \u0161uniui nam\u0173. Tokia globa namuose yra labai geras b\u016bdas geriau pa\u017einti \u0161un\u012f ir surasti jam tinkamus \u0161eimininkus pagal jo charakter\u012f ir temperament\u0105. Be to, kartais u\u017etenka pasiimti \u0161un\u012f i\u0161prieglaudos namo, j\u012f i\u0161maudyti, nuvesti \u012f kirpykl\u0105, padaryti kelet\u0105 jo nuotrauk\u0173 nam\u0173 aplinkoje ir jam i\u0161kart randame naujus \u0161eimininkus, nors prie\u0161 tai prieglaudoje \u012f j\u012f niekas net ne\u017ei\u016br\u0117davo\u201c, \u2013 pastebi L. Leitzinger.<\/p>\n<p>Tikrasis atlygis \u2013 matyti \u0161un\u012f, kuris pagaliau gali b\u016bti savimi<\/p>\n<p class=\"MsoNormal\">Vienas i\u0161 organizacijos \u012fk\u016br\u0117j\u0173 Jorma Leitzinger papildo, kad did\u017eiausias organizacijos pasiekimas per de\u0161imt veiklos met\u0173 \u2013 laipsni\u0161kas, bet tikras pokytis Lietuvoje.<\/p>\n<p class=\"MsoNormal\">\u201eNor\u0117jome prad\u0117ti nuo ma\u017e\u0173 dalyk\u0173 \u2013 nuo vieno laimingo \u0161uns, vienos laimingos istorijos. Veiklos prad\u017eioje tur\u0117jome labai ma\u017eai \u017eini\u0173 ir patirties, ta\u010diau labai didel\u0119 \u0161ird\u012f. Tikrasis pokytis ateina kei\u010diant sistem\u0105. Vilniuje nebeliko benami\u0173 \u0161un\u0173, o kaimuose \u017emon\u0117s jau nebesiprie\u0161ina gyv\u016bn\u0173 kastracijai. Tai yra \u012fkvepianti pa\u017eanga ir mes did\u017eiuojam\u0117s gal\u0117dami prie to prisid\u0117ti\u201c, \u2013 sako J. Leitzinger.<\/p>\n<p class=\"MsoNormal\">Pasak vyro, suomiai aktyviai ie\u0161ko galimybi\u0173 pad\u0117ti beglobiams gyv\u016bnams kitose \u0161alyse, nes Suomijoje benami\u0173 \u0161un\u0173 tiesiog n\u0117ra.<\/p>\n<p class=\"MsoNormal\">\u201eM\u016bs\u0173 organizacija turi labai ai\u0161k\u0173 ir informatyv\u0173 \u0161un\u0173 \u201e\u012fvaikinimo\u201c proces\u0105 bei ger\u0105 reputacij\u0105 \u2013 tai viena prie\u017eas\u010di\u0173, kod\u0117l \u017emon\u0117s pasirenka priimti \u012f savo namus \u0161un\u012f b\u016btent i\u0161 Lietuvos. Mes visada atvirai kalbame ir apie i\u0161\u0161\u016bkius, kuri\u0173 tikrai netr\u016bksta prad\u0117jus laikyti \u0161un\u012f i\u0161 prieglaudos\u201c, \u2013 teigia Jorma.<\/p>\n<p class=\"MsoNormal\">Suomis taip pat pasidalino jam ypa\u010d \u012fsiminusia dviej\u0173 kaimo \u0161un\u0173 i\u0161gelb\u0117jimo istorija.<\/p>\n<p class=\"MsoNormal\">\u201eLabiausiai mane paliet\u0117 Pupos ir Mopsio istorija. Tai buvo du nedideli \u0161unys i\u0161 Lietuvos kaimo \u2013 vienas buvo laikomas priri\u0161tas, o kitas b\u0117giojo laisvas, bet jie visada buvo kartu. \u017dinojome, kad negalime j\u0173 i\u0161skirti \u2013 ir Suomijoje jie turi gyventi kartu. Taip ir nutiko. \u012edomu tai, kad u\u017e grandin\u0117s priri\u0161tas \u0161uo pasirod\u0117 es\u0105s dr\u0105sesnis nei jo bi\u010diulis, kuris buvo laikomas laisvai. Man tai buvo pamoka, kad kiekvienas \u0161uo yra unikalus\u201c, \u2013 dalijasi J. Leitzinger.<\/p>\n<p class=\"MsoNormal\">Jis pabr\u0117\u017eia, kad patek\u0119 \u012f mylin\u010dius namus \u0161unys savo naujaisiais \u0161eimininkais pradeda pasitik\u0117ti pama\u017eu \u2013 tai gali u\u017etrukti ir kelis m\u0117nesius, ir net metus.<\/p>\n<p>\u201eTai ir yra tikrasis atlygis \u2013 matyti \u0161un\u012f, kuris pagaliau gali b\u016bti savimi\u201c, \u2013 priduria vienas organizacijos \u012fk\u016br\u0117j\u0173 J. Leitzinger.<\/p>\n","protected":false},"excerpt":{"rendered":"\u0160ios nevyriausybin\u0117s organizacijos istorija prasid\u0117jo vienai suomi\u0173 \u0161eimai ry\u017eusis susiburti \u012f organizacij\u0105 ir pad\u0117ti perpildytose Lietuvos prieglaudose priglaustiems&hellip;\n","protected":false},"author":2,"featured_media":61801,"comment_status":"","ping_status":"","sticky":false,"template":"","format":"standard","meta":{"footnotes":""},"categories":[13],"tags":[25,30,31,34,35,24,32,33,37,39,36,38,40,23,22,28,29,14503,3712,26,27],"class_list":{"0":"post-61800","1":"post","2":"type-post","3":"status-publish","4":"format-standard","5":"has-post-thumbnail","7":"category-lietuva","8":"tag-antrastes","9":"tag-breaking-news","10":"tag-breakingnews","11":"tag-featured-news","12":"tag-featurednews","13":"tag-headlines","14":"tag-latest-news","15":"tag-latestnews","16":"tag-lietuva","17":"tag-lietuviu","18":"tag-lithuania","19":"tag-lithuanian","20":"tag-lt","21":"tag-naujienos","22":"tag-news","23":"tag-populiariausios-naujienos","24":"tag-populiariausiosnaujienos","25":"tag-prieglauda","26":"tag-suo","27":"tag-top-stories","28":"tag-topstories"},"share_on_mastodon":{"url":"https:\/\/pubeurope.com\/@lt\/115719183181370680","error":""},"_links":{"self":[{"href":"https:\/\/www.europesays.com\/lt\/wp-json\/wp\/v2\/posts\/61800","targetHints":{"allow":["GET"]}}],"collection":[{"href":"https:\/\/www.europesays.com\/lt\/wp-json\/wp\/v2\/posts"}],"about":[{"href":"https:\/\/www.europesays.com\/lt\/wp-json\/wp\/v2\/types\/post"}],"author":[{"embeddable":true,"href":"https:\/\/www.europesays.com\/lt\/wp-json\/wp\/v2\/users\/2"}],"replies":[{"embeddable":true,"href":"https:\/\/www.europesays.com\/lt\/wp-json\/wp\/v2\/comments?post=61800"}],"version-history":[{"count":0,"href":"https:\/\/www.europesays.com\/lt\/wp-json\/wp\/v2\/posts\/61800\/revisions"}],"wp:featuredmedia":[{"embeddable":true,"href":"https:\/\/www.europesays.com\/lt\/wp-json\/wp\/v2\/media\/61801"}],"wp:attachment":[{"href":"https:\/\/www.europesays.com\/lt\/wp-json\/wp\/v2\/media?parent=61800"}],"wp:term":[{"taxonomy":"category","embeddable":true,"href":"https:\/\/www.europesays.com\/lt\/wp-json\/wp\/v2\/categories?post=61800"},{"taxonomy":"post_tag","embeddable":true,"href":"https:\/\/www.europesays.com\/lt\/wp-json\/wp\/v2\/tags?post=61800"}],"curies":[{"name":"wp","href":"https:\/\/api.w.org\/{rel}","templated":true}]}}