{"id":61931,"date":"2025-12-14T21:03:11","date_gmt":"2025-12-14T21:03:11","guid":{"rendered":"https:\/\/www.europesays.com\/lt\/61931\/"},"modified":"2025-12-14T21:03:11","modified_gmt":"2025-12-14T21:03:11","slug":"radvilu-rumams-negavus-lesu-avarinems-reikmems-ministerija-ju-siulo-ieskoti-istaigos-viduje-kultura","status":"publish","type":"post","link":"https:\/\/www.europesays.com\/lt\/61931\/","title":{"rendered":"Radvil\u0173 r\u016bmams negavus l\u0117\u0161\u0173 avarin\u0117ms reikm\u0117ms, ministerija j\u0173 si\u016blo ie\u0161koti \u012fstaigos viduje | Kult\u016bra"},"content":{"rendered":"<p>LNDM Radvil\u0173 r\u016bm\u0173 remontui 2026 metams pra\u0161\u0117 798 t\u016bkst. eur\u0173, o 2027 metams dar 199 t\u016bkst. eur\u0173, ta\u010diau, kaip BNS nurod\u0117 Finans\u0173 ministerija, l\u0117\u0161os skirtos nebuvo.<\/p>\n<p>\u201eD\u0117l valstyb\u0117s finansini\u0173 galimybi\u0173 ir fiskalini\u0173 rodikli\u0173 ribojimo papildomos l\u0117\u0161os kult\u016bros sri\u010diai d\u0117l \u0161io projekto nebuvo skirtos\u201c, \u2013 BNS perduotame komentare teigia ministerija.<\/p>\n<p>Tuo metu Kult\u016bros ministerija BNS teig\u0117 \u017einanti situacij\u0105 d\u0117l LNDM valdom\u0173 pastat\u0173 b\u016bkl\u0117s, ta\u010diau, \u017evelgdama \u012f kit\u0173 met\u0173 biud\u017eet\u0105, sako negalinti skirti pra\u0161omo finansavimo.<\/p>\n<p>\u201eKult\u016bros ministerija, deja, neturi galimybi\u0173 prisiimti nauj\u0173 \u012fsipareigojim\u0173 d\u0117l 2026\u20132028 met\u0173, skiriant muziejui pra\u0161om\u0105 finansavim\u0105\u201c, \u2013 teigia ministerija.<\/p>\n<p>Vis tik ketvirtadien\u012f Seimui patvirtinus kit\u0173 met\u0173 valstyb\u0117s biud\u017eet\u0105, ministerija ketina dar kart\u0105 vertinti muziejaus pra\u0161ym\u0105 d\u0117l pra\u0161om\u0173 l\u0117\u0161\u0173, ta\u010diau skatina j\u0173 ie\u0161koti ir pa\u010di\u0105 \u012fstaig\u0105.<\/p>\n<p>\u201eEsamoje situacijoje Kult\u016bros ministerija rekomenduoja LNDM ie\u0161koti vidini\u0173 resurs\u0173 \u012fstaigos valdomo biud\u017eeto apimtyje, \u012fskaitant u\u017edirbamas pajam\u0173 \u012fmokas ir kitas teis\u0117tai gaunamas l\u0117\u0161as, bei sprendim\u0173, kaip b\u016bt\u0173 galima etapi\u0161kai likviduoti identifikuotas valdom\u0173 pastat\u0173 avarines gr\u0117smes bei \u012fgyvendinti kitas prioritetines veiklas\u201c, \u2013 nurodo ministerija.<\/p>\n<p>LNDM direktorius Ar\u016bnas Gel\u016bnas sak\u0117 neigiamai vertinantis sprendim\u0105 nenumatyti l\u0117\u0161\u0173 muziejaus remontui.<\/p>\n<p>\u201eVertinu blogai tokius pasakymus palikti verting\u0105 paveld\u0105 yrant\u012f po lietumi ir neduoti net kosmeti\u0161kai pasitvarkyti avarin\u0117ms reikm\u0117ms\u201c, \u2013 BNS teig\u0117 A. Gel\u016bnas.<\/p>\n<p>Kit\u0173 met\u0173 Kult\u016bros ministerijos biud\u017eetas siekia 265 mln. 588 t\u016bkst. eur\u0173. I\u0161 j\u0173 8,5 mln. eur\u0173 atsirado visai neseniai \u2013 prid\u0117jus \u201eat\u0161aldytus\u201c nacionalinio transliuotojo milijonus.<\/p>\n<p>Kult\u016bros ministr\u0117 Vaida Aleknavi\u010dien\u0117 interviu BNS \u0161i\u0105 savait\u0119 sak\u0117, kad min\u0117ti milijonai leis amortizuoti ministerijai pavald\u017ei\u0173 \u012fstaig\u0173 biud\u017eeto ma\u017e\u0117jim\u0105, ta\u010diau pabr\u0117\u017e\u0117, kad l\u0117\u0161\u0173 gali tik\u0117tis ma\u017eesn\u0117s \u012fstaigos.<\/p>\n<p>\u201eMa\u017eesn\u0117ms \u012fstaigoms (&#8230;) dabar kaip ir truput\u012f pliusas bus. Asignavim\u0173 valdytojams, pas mus j\u0173 yra 11 (tarp j\u0173 \u2013 nacionaliniai teatrai, muziejai, filharmonijos, Medij\u0173 r\u0117mimo fondas, kt. \u2013 BNS), jiems i\u0161\u0117jo su minusu. Bet kai kurie asignavim\u0173 valdytojai yra tokios \u012fstaigos, kurios pa\u010dios i\u0161 sav\u0119s yra ir stiprios, ir u\u017esidirba i\u0161 veikl\u0173 vykdom\u0173, o \u010dia, kur kalbama apie projektus, paveldus, \u010dia viskas yra i\u0161 to, kiek yra t\u0173 pinig\u0173\u201c, \u2013 sak\u0117 ministr\u0117.<\/p>\n<p>Tuo metu A. Gel\u016bnas, paklaustas, ar viliasi i\u0161 ministerijos sulaukti l\u0117\u0161\u0173, sak\u0117, kad daug vil\u010di\u0173 \u012f tai nebededa.<\/p>\n<p>\u201eMums neseniai paskambino i\u0161 Finans\u0173 ministerijos technin\u0117 darbuotoja ir liep\u0117 susima\u017einti 66 t\u016bkst. biud\u017eet\u0105. (&#8230;) Po tokio skambu\u010dio ir toki\u0173 ministerijos signal\u0173 nebesitikime gauti nieko. (&#8230;) (Ne\u017einau \u2013 BNS) kod\u0117l taip visi\u0161kai buvo nereaguota \u012f 17 am\u017eiaus yran\u010dio Radvil\u0173 r\u016bm\u0173 pastato prevencin\u012f remont\u0105 tok\u012f. Nu ten avarin\u0117s reikm\u0117s tikrai \u012frodytos yra\u201c, \u2013 nurod\u0117 jis.<\/p>\n<p>Be kita ko, 2025 metais baig\u0117si Radvil\u0173 r\u016bm\u0173 pritaikymo muziejinei veiklai investicinis projektas. Jis pagal Valstyb\u0117s investicij\u0173 program\u0105 (VIP) Kult\u016bros ministerijos iniciatyva buvo \u012ftrauktas 2020 metais, ta\u010diau projektas strigo ir darb\u0173 nepavyko \u012fgyvendinti.<\/p>\n<p>Anot Finans\u0173 ministerijos, per pastaruosius \u0161e\u0161erius metus u\u017e projekt\u0105 atsakingas LNDM tik reng\u0117 technin\u012f projekt\u0105 ir tam i\u0161leido vir\u0161 2,3 mln. eur\u0173.<\/p>\n<p>\u201eRengiant 2026-2028 met\u0173 valstyb\u0117s biud\u017eeto projekt\u0105 nei Kult\u016bros ministerija, nei Lietuvos nacionalinis dail\u0117s muziejus min\u0117to projekto tolesniam \u012fgyvendinimui l\u0117\u0161\u0173 poreikio neteik\u0117\u201c, \u2013 nurod\u0117 ministerija.<\/p>\n<p>Kaip BNS nurod\u0117 LNDM direktoriaus pavaduotojas investicijoms Ar\u016bnas Stepon\u0117nas, vien \u0161iemet min\u0117tam projektui valstyb\u0117 buvo pervedusi 6 mln. eur\u0173, ta\u010diau supratus, kad rangos darb\u0173 nepavyks atlikti per nustatyt\u0105 termin\u0105, buvo pra\u0161oma dal\u012f min\u0117t\u0173 l\u0117\u0161\u0173 skirti avarin\u0117ms reikm\u0117ms.<\/p>\n<p>\u201eBuvo papra\u0161yta skirti dal\u012f finansini\u0173 resurs\u0173 bent b\u016btin\u0173 s\u0105naud\u0173 padengimui, susijusi\u0173 su min\u0117t\u0173 pastat\u0173 avarin\u0117s b\u016bkl\u0117s likvidavimu, ta\u010diau i\u0161tekli\u0173 nebuvo skirta net i\u0161 \u0161ioms veikloms\u201c, \u2013 teig\u0117 jis.<\/p>\n<p>Radvil\u0173 r\u016bm\u0173 dail\u0117s muziejus \u012fkurtas 1990 metais. <\/p>\n","protected":false},"excerpt":{"rendered":"LNDM Radvil\u0173 r\u016bm\u0173 remontui 2026 metams pra\u0161\u0117 798 t\u016bkst. eur\u0173, o 2027 metams dar 199 t\u016bkst. eur\u0173, ta\u010diau,&hellip;\n","protected":false},"author":2,"featured_media":61602,"comment_status":"","ping_status":"","sticky":false,"template":"","format":"standard","meta":{"footnotes":""},"categories":[13],"tags":[25,30,31,34,35,24,32,33,37,39,36,38,40,23,22,28,29,26,27],"class_list":{"0":"post-61931","1":"post","2":"type-post","3":"status-publish","4":"format-standard","5":"has-post-thumbnail","7":"category-lietuva","8":"tag-antrastes","9":"tag-breaking-news","10":"tag-breakingnews","11":"tag-featured-news","12":"tag-featurednews","13":"tag-headlines","14":"tag-latest-news","15":"tag-latestnews","16":"tag-lietuva","17":"tag-lietuviu","18":"tag-lithuania","19":"tag-lithuanian","20":"tag-lt","21":"tag-naujienos","22":"tag-news","23":"tag-populiariausios-naujienos","24":"tag-populiariausiosnaujienos","25":"tag-top-stories","26":"tag-topstories"},"share_on_mastodon":{"url":"https:\/\/pubeurope.com\/@lt\/115719949679033750","error":""},"_links":{"self":[{"href":"https:\/\/www.europesays.com\/lt\/wp-json\/wp\/v2\/posts\/61931","targetHints":{"allow":["GET"]}}],"collection":[{"href":"https:\/\/www.europesays.com\/lt\/wp-json\/wp\/v2\/posts"}],"about":[{"href":"https:\/\/www.europesays.com\/lt\/wp-json\/wp\/v2\/types\/post"}],"author":[{"embeddable":true,"href":"https:\/\/www.europesays.com\/lt\/wp-json\/wp\/v2\/users\/2"}],"replies":[{"embeddable":true,"href":"https:\/\/www.europesays.com\/lt\/wp-json\/wp\/v2\/comments?post=61931"}],"version-history":[{"count":0,"href":"https:\/\/www.europesays.com\/lt\/wp-json\/wp\/v2\/posts\/61931\/revisions"}],"wp:featuredmedia":[{"embeddable":true,"href":"https:\/\/www.europesays.com\/lt\/wp-json\/wp\/v2\/media\/61602"}],"wp:attachment":[{"href":"https:\/\/www.europesays.com\/lt\/wp-json\/wp\/v2\/media?parent=61931"}],"wp:term":[{"taxonomy":"category","embeddable":true,"href":"https:\/\/www.europesays.com\/lt\/wp-json\/wp\/v2\/categories?post=61931"},{"taxonomy":"post_tag","embeddable":true,"href":"https:\/\/www.europesays.com\/lt\/wp-json\/wp\/v2\/tags?post=61931"}],"curies":[{"name":"wp","href":"https:\/\/api.w.org\/{rel}","templated":true}]}}