{"id":61962,"date":"2025-12-14T22:47:25","date_gmt":"2025-12-14T22:47:25","guid":{"rendered":"https:\/\/www.europesays.com\/lt\/61962\/"},"modified":"2025-12-14T22:47:25","modified_gmt":"2025-12-14T22:47:25","slug":"dzordanos-butkutes-naujametiniame-koncerte-staigmena-gerbejams-vardai","status":"publish","type":"post","link":"https:\/\/www.europesays.com\/lt\/61962\/","title":{"rendered":"D\u017eordanos Butkut\u0117s naujametiniame koncerte \u2013 staigmena gerb\u0117jams | Vardai"},"content":{"rendered":"<p>D\u017eordanos ir Adrinos muzikiniai keliai jau ne kart\u0105 susitiko, daininink\u0117s m\u0117gsta pabendrauti rengini\u0173 u\u017ekulisiuose. Jos dalijosi scena ir vasar\u0105 paj\u016bryje vykusiame Klaip\u0117dos pilies festivalyje. Be to, Adrinai ne metafori\u0161kai, o tiesiogiai yra tek\u0119 \u201epasimatuoti D\u017eordanos batus\u201c.<\/p>\n<p>\u201eM\u016bs\u0173 su Adrina draugyst\u0117 prasid\u0117jo nuo mano fraz\u0117s: \u201eLabas. Nori bat\u0173?\u201c \u2013 juokiasi D\u017e.Butkut\u0117. \u2013 Tuo metu jos dar nepa\u017einojau taip, kaip \u0161iandien. Bet Adrina i\u0161kart patiko, nes primin\u0117 mane pa\u010di\u0105. Ji dr\u0105si, dainuoja u\u017etikrintai, mes pana\u0161ios ir charakteriu, ir aprangos stiliumi. Adrina gali b\u016bti rami, miela, bet jei reikia \u2013 gali ir pasi\u0161akoti. Labai u\u017e j\u0105 sergu, visada pasi\u017ei\u016briu jos pasirodymus per televizij\u0105.<\/p>\n<p>Fotogalerija:<\/p>\n<p>O tuomet, kai gyvai susitikome ir Adrina pasimatavo tuos mano batus \u2013 jie i\u0161kart tiko jos siaurai kojytei. Dar pakalb\u0117jome, kaip taip \u012fmanoma \u012ftaikyti. Matyt, tikrai mus sieja ka\u017ekokie nematomi saitai.\u201c<\/p>\n<p> <a href=\"https:\/\/s1.15min.lt\/images\/photos\/2025\/12\/14\/original\/dzbutkute_lukasgruseckasevelinasabaliauskaite_20250426_282-693eba455441a.jpg\" rel=\"content-image nofollow noopener\" title=\"Lauryno Trimonio, Evelinos Sabaliauskait\u0117s ir Roko Snarskio nuotr.\/D\u017eordanos Butkut\u0117s koncertas Kauno \u201e\u017dalgirio\u201c arenoje\" target=\"_blank\"><img decoding=\"async\" alt=\"Lauryno Trimonio, Evelinos Sabaliauskait\u0117s ir Roko Snarskio nuotr.\/D\u017eordanos Butkut\u0117s koncertas Kauno \u201e\u017dalgirio\u201c arenoje\" rel=\"content-image\" src=\"https:\/\/www.europesays.com\/lt\/wp-content\/uploads\/2025\/12\/dzbutkute_lukasgruseckasevelinasabaliauskaite_20250426_282-693eba455441a.jpg\" style=\"width: auto; height: auto;\"\/><\/a> <\/p>\n<p>Lauryno Trimonio, Evelinos Sabaliauskait\u0117s ir Roko Snarskio nuotr.\/D\u017eordanos Butkut\u0117s koncertas Kauno \u201e\u017dalgirio\u201c arenoje<\/p>\n<p>Kad tarp scenos \u017evaig\u017ed\u017ei\u0173 u\u017esimezg\u0117 nuo\u0161irdi draugyst\u0117, jau\u010dia ir Adrina: \u201eMes turime labai daug bendr\u0173 tem\u0173, mus sieja pana\u0161\u016bs dalykai \u2013 aprangoje, buityje ir net asmeniniuose santykiuose! D\u017eordana man kaip mama, kuri saugo ir labai daug pataria, pasir\u016bpina. Kai pastar\u0105j\u012f kart\u0105 susitikome studijoje, padovanojau jai savo album\u0105, paskui kalb\u0117jom\u0117s iki 2 val. nakties.\u201c<\/p>\n<p>Pavasar\u012f D\u017eordana sureng\u0117 pa\u010dius geriausius atsiliepimus pelnius\u012f koncert\u0105 Kauno \u201e\u017dalgirio\u201c arenoje. Tarp \u017ei\u016brov\u0173, kurie dainavo ir \u0161oko nuo pirmos iki paskutin\u0117s dainos, buvo ir Adrina. Po fantastinio \u0161ou ji u\u017esuko \u012f u\u017ekulisius. Daininink\u0117s \u0161iltai apsikabino, pabendravo, Adrina negail\u0117jo kompliment\u0173.<\/p>\n<p>\u201eSak\u0117, kokia tu gra\u017ei, kokia jaunut\u0117, kaip energingai lakstai po scen\u0105\u201c, \u2013 prisimin\u0117 D\u017eordana.<\/p>\n<p>\u201eI\u0161 \u0161io koncerto i\u0161sine\u0161iau pa\u010dius geriausius \u012fsp\u016bd\u017eius. Pirm\u0105kart taip jaudinausi kartu su D\u017eordana!\u201c \u2013 sako Adrina.<\/p>\n<p> <a href=\"https:\/\/s1.15min.lt\/images\/photos\/2025\/12\/14\/original\/dzordana-el-artography-bs-18-693eba4998fa8.jpg\" rel=\"content-image nofollow noopener\" title=\"Lauryno Trimonio, Evelinos Sabaliauskait\u0117s ir Roko Snarskio nuotr.\/D\u017eordanos Butkut\u0117s koncertas Kauno \u201e\u017dalgirio\u201c arenoje\" target=\"_blank\"><img decoding=\"async\" alt=\"Lauryno Trimonio, Evelinos Sabaliauskait\u0117s ir Roko Snarskio nuotr.\/D\u017eordanos Butkut\u0117s koncertas Kauno \u201e\u017dalgirio\u201c arenoje\" rel=\"content-image\" src=\"https:\/\/www.europesays.com\/lt\/wp-content\/uploads\/2025\/12\/dzordana-el-artography-bs-18-693eba4998fa8.jpg\" style=\"width: auto; height: auto;\"\/><\/a> <\/p>\n<p>Lauryno Trimonio, Evelinos Sabaliauskait\u0117s ir Roko Snarskio nuotr.\/D\u017eordanos Butkut\u0117s koncertas Kauno \u201e\u017dalgirio\u201c arenoje<\/p>\n<p>Kai buvo paskelbta, kad gruod\u017eio 31-osios vakar\u0105 D\u017e.Butkut\u0117 su grupe surengs \u0161ventin\u012f \u0161ou \u0160iauli\u0173 arenoje, Adrina nusprend\u0117, kad b\u016bt\u0173 puiku u\u017esukti \u012f sve\u010dius ir sutikti Naujuosius kartu.<\/p>\n<p>\u201e\u0160iais metais Nauj\u0173j\u0173 met\u0173 nakt\u012f a\u0161 neturiu koncerto. Pagalvojau, tobula proga sutikti juos kartu su D\u017eordana, palaikant j\u0105 u\u017ekulisiuose. Bet visas planas i\u0161sivyst\u0117 dar stipriau: mes stov\u0117sime ant vienos scenos! Labai d\u017eiaugiuosi ir labai jaudinuosi!\u201c \u2013 sako Adrina ir \u017eada atlikti \u017emoni\u0173 pam\u0117gtus savo hitus.<\/p>\n<p>Auksini\u0173 hit\u0173 program\u0105 publikai ruo\u0161ia ir D\u017e. Butkut\u0117. Skamb\u0117s tokios dainos, kaip \u201eMan patinka\u201c, \u201eVienas namuose\u201c, \u201eI\u0161einu\u201c, \u201eNemyl\u0117jau tav\u0119s\u201c, \u201eLi\u016bdna \u0161vent\u0117\u201c, \u201eD\u0117l tav\u0119s\u201c, \u201eD\u017eord\u017ea\u201c ir daugelis kit\u0173.<\/p>\n<p>D\u017e. Butkut\u0117 kart\u0105 jau yra sutikusi Naujuosius metus \u0160iauliuose. \u201eTai buvo turo koncertas. Sutar\u0117me su visa grupe po jo pasilikti ir drauge praleisti nakt\u012f jaukiame rate. Kiekvienas personalo \u017emogeliukas buvo kartu ir mes labai gra\u017eiai sutikome \u0161ventes. Tikiu, kad ir 2026-\u0173j\u0173 sutikimas su tokia kompanija bus nuostabus!\u201c \u2013 kalba D\u017eordana.<\/p>\n","protected":false},"excerpt":{"rendered":"D\u017eordanos ir Adrinos muzikiniai keliai jau ne kart\u0105 susitiko, daininink\u0117s m\u0117gsta pabendrauti rengini\u0173 u\u017ekulisiuose. Jos dalijosi scena ir&hellip;\n","protected":false},"author":2,"featured_media":61963,"comment_status":"","ping_status":"","sticky":false,"template":"","format":"standard","meta":{"footnotes":""},"categories":[21],"tags":[113,37,39,36,38,40,114],"class_list":{"0":"post-61962","1":"post","2":"type-post","3":"status-publish","4":"format-standard","5":"has-post-thumbnail","7":"category-pramogos","8":"tag-entertainment","9":"tag-lietuva","10":"tag-lietuviu","11":"tag-lithuania","12":"tag-lithuanian","13":"tag-lt","14":"tag-pramogos"},"share_on_mastodon":{"url":"https:\/\/pubeurope.com\/@lt\/115720358784260318","error":""},"_links":{"self":[{"href":"https:\/\/www.europesays.com\/lt\/wp-json\/wp\/v2\/posts\/61962","targetHints":{"allow":["GET"]}}],"collection":[{"href":"https:\/\/www.europesays.com\/lt\/wp-json\/wp\/v2\/posts"}],"about":[{"href":"https:\/\/www.europesays.com\/lt\/wp-json\/wp\/v2\/types\/post"}],"author":[{"embeddable":true,"href":"https:\/\/www.europesays.com\/lt\/wp-json\/wp\/v2\/users\/2"}],"replies":[{"embeddable":true,"href":"https:\/\/www.europesays.com\/lt\/wp-json\/wp\/v2\/comments?post=61962"}],"version-history":[{"count":0,"href":"https:\/\/www.europesays.com\/lt\/wp-json\/wp\/v2\/posts\/61962\/revisions"}],"wp:featuredmedia":[{"embeddable":true,"href":"https:\/\/www.europesays.com\/lt\/wp-json\/wp\/v2\/media\/61963"}],"wp:attachment":[{"href":"https:\/\/www.europesays.com\/lt\/wp-json\/wp\/v2\/media?parent=61962"}],"wp:term":[{"taxonomy":"category","embeddable":true,"href":"https:\/\/www.europesays.com\/lt\/wp-json\/wp\/v2\/categories?post=61962"},{"taxonomy":"post_tag","embeddable":true,"href":"https:\/\/www.europesays.com\/lt\/wp-json\/wp\/v2\/tags?post=61962"}],"curies":[{"name":"wp","href":"https:\/\/api.w.org\/{rel}","templated":true}]}}