{"id":62125,"date":"2025-12-15T07:56:10","date_gmt":"2025-12-15T07:56:10","guid":{"rendered":"https:\/\/www.europesays.com\/lt\/62125\/"},"modified":"2025-12-15T07:56:10","modified_gmt":"2025-12-15T07:56:10","slug":"jav-pareigunai-del-saudyniu-browno-universitete-sulaikytas-asmuo-bus-paleistas","status":"publish","type":"post","link":"https:\/\/www.europesays.com\/lt\/62125\/","title":{"rendered":"JAV pareig\u016bnai: d\u0117l \u0161audyni\u0173 Browno universitete sulaikytas asmuo bus paleistas"},"content":{"rendered":"<p>\u0160aulys ugn\u012f \u0161iame elitiniame vadinamosios Geben\u0117s lygos (angl. Ivy League) universitete Providenso mieste, Rod Ailando valstijoje, paleido \u0161e\u0161tadien\u012f. \u0160\u016bviai aid\u0117jo pastate, kuriame vyko egzaminai \u2013 d\u0117l to universiteto miestelis buvo u\u017edarytas ir buvo prad\u0117ta \u012ftariamojo paie\u0161ka.<\/p>\n<p>JAV tarnybos sekmadienio ryt\u0105 sulaik\u0117 vien\u0105 asmen\u012f d\u0117l \u0161i\u0173 masini\u0173 \u0161audyni\u0173, per kurias dar devyni \u017emon\u0117s buvo su\u017eeisti. Tai naujausias incidentas ilgoje i\u0161puoli\u0173 \u0161alies \u0161vietimo \u012fstaigose serijoje. Browno universiteto prezident\u0117 Christina Paxson lai\u0161ke, skirtame bendruomen\u0117s nariams, patvirtino, kad visi 11 nukent\u0117jusi\u0173j\u0173 yra studentai.<\/p>\n<p>\u201eNetrukus paleisime asmen\u012f, kuris buvo sulaikytas anks\u010diau \u0161iandien\u201c, \u2013 sekmadien\u012f parei\u0161k\u0117 Providenso meras Brettas Smiley.<\/p>\n<p>\u201eManau, kad teisinga sakyti, jog n\u0117ra pagrindo laikyti j\u012f dominan\u010diu asmeniu\u201c, \u2013 \u017eurnalistams sak\u0117 Rod Ailando generalinis prokuroras Peteris Neronha ir prid\u016br\u0117, kad \u201etod\u0117l jis paleid\u017eiamas\u201c.<\/p>\n<p>Pareig\u016bnai nurod\u0117, kad ir toliau ie\u0161kos \u012ftariamojo, ta\u010diau pateik\u0117 nedaug informacijos apie tyrimo eig\u0105.<\/p>\n<p>\u201eAkivaizdu, kad laisv\u0117je yra \u017eudikas, tod\u0117l mes neketiname atskleisti \u017eaidimo plano\u201c, \u2013 pa\u017eym\u0117jo P. Neronha.<\/p>\n<p>Policija paskelb\u0117 10 sekund\u017ei\u0173 trukm\u0117s vaizdo \u012fra\u0161\u0105, kuriame \u012ftariamasis matomas i\u0161 nugaros, spar\u010diai einantis tu\u0161\u010dia gatve po to, kai paleido ugn\u012f pirmame auk\u0161te esan\u010dioje patalpoje.<\/p>\n<p>Smurto panaudojant \u0161aunamuosius ginklus atvejai Jungtin\u0117se Valstijose fiksuojami da\u017enai \u2013 mokyklose, darboviet\u0117se, prekybos centruose, naktiniuose klubuose ir dideliuose renginiuose. \u0160aunamieji ginklai yra lengvai prieinami. Nepaisant didelio pasipiktinimo, stebimo po ypa\u010d rimt\u0173 incident\u0173, pastangos sugrie\u017etinti su ginklais susijusius \u012fstatymus jau daugel\u012f met\u0173 yra nes\u0117kmingos.<\/p>\n","protected":false},"excerpt":{"rendered":"\u0160aulys ugn\u012f \u0161iame elitiniame vadinamosios Geben\u0117s lygos (angl. Ivy League) universitete Providenso mieste, Rod Ailando valstijoje, paleido \u0161e\u0161tadien\u012f.&hellip;\n","protected":false},"author":2,"featured_media":62126,"comment_status":"","ping_status":"","sticky":false,"template":"","format":"standard","meta":{"footnotes":""},"categories":[15],"tags":[25,30,31,34,35,24,223,32,33,37,39,36,38,40,23,22,44,28,29,1600,26,27,74,75,76],"class_list":{"0":"post-62125","1":"post","2":"type-post","3":"status-publish","4":"format-standard","5":"has-post-thumbnail","7":"category-pasaulis","8":"tag-antrastes","9":"tag-breaking-news","10":"tag-breakingnews","11":"tag-featured-news","12":"tag-featurednews","13":"tag-headlines","14":"tag-jav","15":"tag-latest-news","16":"tag-latestnews","17":"tag-lietuva","18":"tag-lietuviu","19":"tag-lithuania","20":"tag-lithuanian","21":"tag-lt","22":"tag-naujienos","23":"tag-news","24":"tag-pasaulis","25":"tag-populiariausios-naujienos","26":"tag-populiariausiosnaujienos","27":"tag-saudynes","28":"tag-top-stories","29":"tag-topstories","30":"tag-world","31":"tag-world-news","32":"tag-worldnews"},"share_on_mastodon":{"url":"https:\/\/pubeurope.com\/@lt\/115722517511240229","error":""},"_links":{"self":[{"href":"https:\/\/www.europesays.com\/lt\/wp-json\/wp\/v2\/posts\/62125","targetHints":{"allow":["GET"]}}],"collection":[{"href":"https:\/\/www.europesays.com\/lt\/wp-json\/wp\/v2\/posts"}],"about":[{"href":"https:\/\/www.europesays.com\/lt\/wp-json\/wp\/v2\/types\/post"}],"author":[{"embeddable":true,"href":"https:\/\/www.europesays.com\/lt\/wp-json\/wp\/v2\/users\/2"}],"replies":[{"embeddable":true,"href":"https:\/\/www.europesays.com\/lt\/wp-json\/wp\/v2\/comments?post=62125"}],"version-history":[{"count":0,"href":"https:\/\/www.europesays.com\/lt\/wp-json\/wp\/v2\/posts\/62125\/revisions"}],"wp:featuredmedia":[{"embeddable":true,"href":"https:\/\/www.europesays.com\/lt\/wp-json\/wp\/v2\/media\/62126"}],"wp:attachment":[{"href":"https:\/\/www.europesays.com\/lt\/wp-json\/wp\/v2\/media?parent=62125"}],"wp:term":[{"taxonomy":"category","embeddable":true,"href":"https:\/\/www.europesays.com\/lt\/wp-json\/wp\/v2\/categories?post=62125"},{"taxonomy":"post_tag","embeddable":true,"href":"https:\/\/www.europesays.com\/lt\/wp-json\/wp\/v2\/tags?post=62125"}],"curies":[{"name":"wp","href":"https:\/\/api.w.org\/{rel}","templated":true}]}}