{"id":62431,"date":"2025-12-15T14:08:16","date_gmt":"2025-12-15T14:08:16","guid":{"rendered":"https:\/\/www.europesays.com\/lt\/62431\/"},"modified":"2025-12-15T14:08:16","modified_gmt":"2025-12-15T14:08:16","slug":"vgt-pritare-100-nauju-sarvuociu-isigijimui-respublika-lt","status":"publish","type":"post","link":"https:\/\/www.europesays.com\/lt\/62431\/","title":{"rendered":"VGT pritar\u0117 100 nauj\u0173 \u0161arvuo\u010di\u0173 \u012fsigijimui &#8211; Respublika.lt"},"content":{"rendered":"<p><img loading=\"lazy\" decoding=\"async\" src=\"https:\/\/www.respublika.lt\/lt\/naujienos\/lietuva\/lietuvos_politika\/vgt-pritare-100-nauju-sarvuociu-isigijimui\/images\/ico_camera_white.gif\" class=\"camera\" width=\"22\" height=\"15\" alt=\"nuotr.\" style=\"position:relative; top:-2px; right:2px;\"\/> 1 nuotr.<\/p>\n<p>\u0160arvuotis CV90. Stop kadras<\/p>\n<p style=\"text-align: justify;\" class=\"desktop_banner\">\u00a0<\/p>\n<p style=\"text-align: left;\">Anot jo, Lietuva pirks 100\u00a0karini\u0173 transporto priemoni\u0173, \u012fsigijimas vyks kartu su 6 NATO aljanso valstyb\u0117mis.<\/p>\n<p style=\"text-align: left;\">\u201eCV90 vik\u0161rini\u0173 p\u0117stinink\u0173 kovos ma\u0161in\u0173 \u012fsigijimas \u2013 labai svarbus pirkinys divizijos vystymui. \u0160arvuo\u010diai pasi\u017eymi auk\u0161ta ugnies galia, gera apsauga bei puikiu manevringumu sud\u0117tingomis bekel\u0117s ir mi\u0161k\u0173 s\u0105lygomis. Kalba eina apie 100\u00a0vienet\u0173 \u2013 Lietuva perka ne viena, o dalyvauja bendrame 6 NATO\u00a0valstybi\u0173 \u012fsigijime\u201c, \u2013 po VGT pos\u0117d\u017eio pirmadien\u012f \u017eurnalistams sak\u0117 D. Matulionis.<\/p>\n<p style=\"text-align: left;\">Anot jo, taip pat bus prioritetizuojamas pramoninis bendradarbiavimas, kad Lietuvoje b\u016bt\u0173 gaminami CV90 \u0161arvuo\u010di\u0173 technikos\u00a0komponentai.<\/p>\n<p style=\"text-align: left;\">\u201eVGT pritaria galutiniam projekto \u012fgyvendinimui, tuo pa\u010diu \u012fpareigoja sudarant sutartis skirti didel\u012f d\u0117mes\u012f pramoniniam bendradarbiavimui, Lietuvoje gaminant konkre\u010dius technikos komponentus bei u\u017etikrinant technikos remonto ir aptarnavimo paslaugas\u201c, \u2013 prid\u016br\u0117 Prezident\u016bros atstovas.<\/p>\n<p style=\"text-align: left;\">Technin\u012f susitarim\u0105 d\u0117l bendradarbiavimo \u012fsigyjant kovos ma\u0161inas CV90 Lietuva pasira\u0161\u0117 lapkrit\u012f su penkiomis Europos valstyb\u0117mis \u2013 Suomija, \u0160vedija, Norvegija, Estija ir Nyderlandais.<\/p>\n<p style=\"text-align: left;\">Kovos ma\u0161in\u0173 pristatymas Lietuvai ir kitoms \u0161alims planuojamas nuo 2028 met\u0173.<\/p>\n<p style=\"text-align: left;\">Jau skelbta, kad CV90 kovos ma\u0161inos yra reikalingos Lietuvai siekiant iki 2030 met\u0173 i\u0161vystyti piln\u0105 operacin\u012f Nacionalin\u0117s divizijos paj\u0117gum\u0105.\u00a0<\/p>\n<p style=\"text-align: left;\">VGT sudaro prezidentas, premjeras, Seimo pirmininkas, kra\u0161to apsaugos ministras ir kariuomen\u0117s vadas.<\/p>\n","protected":false},"excerpt":{"rendered":"1 nuotr. \u0160arvuotis CV90. Stop kadras \u00a0 Anot jo, Lietuva pirks 100\u00a0karini\u0173 transporto priemoni\u0173, \u012fsigijimas vyks kartu su&hellip;\n","protected":false},"author":2,"featured_media":62432,"comment_status":"","ping_status":"","sticky":false,"template":"","format":"standard","meta":{"footnotes":""},"categories":[15],"tags":[25,30,31,34,35,14596,24,32,33,37,39,36,38,40,9389,23,22,44,28,29,250,13817,14595,26,27,2270,74,75,76],"class_list":{"0":"post-62431","1":"post","2":"type-post","3":"status-publish","4":"format-standard","5":"has-post-thumbnail","7":"category-pasaulis","8":"tag-antrastes","9":"tag-breaking-news","10":"tag-breakingnews","11":"tag-featured-news","12":"tag-featurednews","13":"tag-gamyba","14":"tag-headlines","15":"tag-latest-news","16":"tag-latestnews","17":"tag-lietuva","18":"tag-lietuviu","19":"tag-lithuania","20":"tag-lithuanian","21":"tag-lt","22":"tag-matulionis","23":"tag-naujienos","24":"tag-news","25":"tag-pasaulis","26":"tag-populiariausios-naujienos","27":"tag-populiariausiosnaujienos","28":"tag-pramone","29":"tag-sarvuociai","30":"tag-sv-90","31":"tag-top-stories","32":"tag-topstories","33":"tag-vgt","34":"tag-world","35":"tag-world-news","36":"tag-worldnews"},"share_on_mastodon":{"url":"https:\/\/pubeurope.com\/@lt\/115723980333300187","error":""},"_links":{"self":[{"href":"https:\/\/www.europesays.com\/lt\/wp-json\/wp\/v2\/posts\/62431","targetHints":{"allow":["GET"]}}],"collection":[{"href":"https:\/\/www.europesays.com\/lt\/wp-json\/wp\/v2\/posts"}],"about":[{"href":"https:\/\/www.europesays.com\/lt\/wp-json\/wp\/v2\/types\/post"}],"author":[{"embeddable":true,"href":"https:\/\/www.europesays.com\/lt\/wp-json\/wp\/v2\/users\/2"}],"replies":[{"embeddable":true,"href":"https:\/\/www.europesays.com\/lt\/wp-json\/wp\/v2\/comments?post=62431"}],"version-history":[{"count":0,"href":"https:\/\/www.europesays.com\/lt\/wp-json\/wp\/v2\/posts\/62431\/revisions"}],"wp:featuredmedia":[{"embeddable":true,"href":"https:\/\/www.europesays.com\/lt\/wp-json\/wp\/v2\/media\/62432"}],"wp:attachment":[{"href":"https:\/\/www.europesays.com\/lt\/wp-json\/wp\/v2\/media?parent=62431"}],"wp:term":[{"taxonomy":"category","embeddable":true,"href":"https:\/\/www.europesays.com\/lt\/wp-json\/wp\/v2\/categories?post=62431"},{"taxonomy":"post_tag","embeddable":true,"href":"https:\/\/www.europesays.com\/lt\/wp-json\/wp\/v2\/tags?post=62431"}],"curies":[{"name":"wp","href":"https:\/\/api.w.org\/{rel}","templated":true}]}}