{"id":62751,"date":"2025-12-15T20:39:14","date_gmt":"2025-12-15T20:39:14","guid":{"rendered":"https:\/\/www.europesays.com\/lt\/62751\/"},"modified":"2025-12-15T20:39:14","modified_gmt":"2025-12-15T20:39:14","slug":"fridrichas-mercas-jav-era-europoje-baigesi-respublika-lt","status":"publish","type":"post","link":"https:\/\/www.europesays.com\/lt\/62751\/","title":{"rendered":"Fridrichas Mercas: JAV era Europoje baig\u0117si &#8211; Respublika.lt"},"content":{"rendered":"<p>    \u00d7<\/p>\n<p>    (1\/1) Fridrichas Mercas ir Donaldas Trumpas. EPA-Eltos nuotr. <a href=\"https:\/\/www.respublika.lt\/uploads\/img\/catalog\/1\/photo_1_51605488.jpg\" class=\"swiper-photo-download\" download=\"\" rel=\"nofollow noopener\" target=\"_blank\">Atsisi\u0173sti<\/a><\/p>\n<p><img loading=\"lazy\" decoding=\"async\" src=\"https:\/\/www.respublika.lt\/lt\/naujienos\/pasaulis\/pasaulio_politika\/fridrichas-mercas-jav-era-europoje-baigesi\/images\/ico_camera_white.gif\" class=\"camera\" width=\"22\" height=\"15\" alt=\"nuotr.\" style=\"position:relative; top:-2px; right:2px;\"\/> 1 nuotr.<\/p>\n<p>Fridrichas Mercas ir Donaldas Trumpas. EPA-Eltos nuotr.<\/p>\n<p>Vokietijos kancleris Fridrichas Mercas (Friedrich Merz) JAV u\u017esienio politikos poky\u010di\u0173 fone parei\u0161k\u0117, kad b\u016btina ginti savo interesus ir pabr\u0117\u017e\u0117, jog europie\u010diai tur\u0117t\u0173 ruo\u0161tis poky\u010diams.<\/p>\n<p style=\"text-align: justify;\" class=\"desktop_banner\">\u00a0<\/p>\n<p>\u201ePax Americana de\u0161imtme\u010diai mums Vokietijoje i\u0161 esm\u0117s baig\u0117si. Nostalgija nepad\u0117s. Tai faktas! Amerikie\u010diai dabar labai atkakliai gina savo interesus. Tod\u0117l mes turime ginti savuosius&#8221;, &#8211; kalb\u0117damas CSU partijos suva\u017eiavime Miunchene parei\u0161k\u0117 F.Mercas.<\/p>\n<p>Atsi\u017evelgdamas \u012f tai, kad JAV paskelb\u0117 nauj\u0105 nacionalinio saugumo strategij\u0105, Vokietijos kancleris pa\u017eym\u0117jo, jog europie\u010diai tur\u0117t\u0173 ruo\u0161tis esminiams transatlantini\u0173 santyki\u0173 poky\u010diams.<\/p>\n<p>JAV prezidentas Donaldas Trampas (Donald Trump) ne kart\u0105 kritikavo Europ\u0105.<\/p>\n<p>Interviu \u201ePolitico&#8221; amerikie\u010di\u0173 lyderis parei\u0161k\u0117, kad jam patinka dabartin\u0117 Europos \u0161ali\u0173 lyderi\u0173 sud\u0117tis, ta\u010diau jie netinkamai atlieka savo darb\u0105.<\/p>\n<p>Jis nurod\u0117, kad ateityje palaikys tuos Europos politikus, kurie, jo nuomone, yra tinkamesni.<\/p>\n<p>Taip pat prezidentas dar kart\u0105 sukritikavo Europos \u0161ali\u0173 imigracijos politik\u0105, kuri, pasak jo, ateityje daugel\u012f \u0161i\u0173 \u0161ali\u0173 pavers negyvybingomis valstyb\u0117mis.<\/p>\n<p>Naujausios \u017einios<\/p>\n<p><\/p>\n<p>        <a href=\"https:\/\/www.respublika.lt\/lt\/naujienos\/pasaulis\/kitos_pasaulio_naujienos\/zinoma-turkijos-merginu-grupe-nuteista-del-begedisko-elgesio\/\" rel=\"nofollow noopener\" target=\"_blank\"><img decoding=\"async\" oncontextmenu=\"return false\" class=\"block_item_newest_photo\" src=\"https:\/\/www.respublika.lt\/lt\/naujienos\/pasaulis\/pasaulio_politika\/fridrichas-mercas-jav-era-europoje-baigesi\/uploads\/img\/catalog\/1\/photo_for_homepage_1_34395133.jpg\" alt=\"\" width=\"240\" height=\"154.45\"\/><\/a><\/p>\n<p>        <a href=\"https:\/\/www.respublika.lt\/lt\/naujienos\/lietuva\/kitos-lietuvos-zinios\/t-gailius-apie-sieki-panaikinti-vsd-pranesejo-komisijos-isvadas-toliau-laikomasi-susitarimo-su-prezidentu\/\" rel=\"nofollow noopener\" target=\"_blank\"><img decoding=\"async\" oncontextmenu=\"return false\" class=\"block_item_newest_photo\" src=\"https:\/\/www.respublika.lt\/lt\/naujienos\/pasaulis\/pasaulio_politika\/fridrichas-mercas-jav-era-europoje-baigesi\/uploads\/img\/catalog\/1\/photo_for_homepage_1_24219113.jpg\" alt=\"\" width=\"240\" height=\"154.45\"\/><\/a><\/p>\n<p>Patiko straipsnis? Leisk mums apie tai su\u017einoti. Nepamir\u0161k pasidalinti Facebook! <\/p>\n<p><img loading=\"lazy\" decoding=\"async\" class=\"p2_social_circle_icon\" src=\"https:\/\/www.respublika.lt\/images\/thumbs_up.svg\" width=\"21\" height=\"22\" alt=\"L\"\/><\/p>\n<p><img loading=\"lazy\" decoding=\"async\" class=\"p2_social_circle_icon\" src=\"https:\/\/www.respublika.lt\/images\/facebook.svg\" alt=\"F\" width=\"22\" height=\"22\" style=\"filter: invert(37%) sepia(55%) saturate(2351%) hue-rotate(187deg) brightness(102%) contrast(106%);\"\/><\/p>\n<p>&#13;<br \/>\n\tNesutinkate &#8211; diskutuokime!<br \/>&#13;<br \/>\n\tNepykite komentatoriai, bet komentarai su keiksma\u017eod\u017eiais bus \u0161alinami automati\u0161kai, be atsipra\u0161ymo.\n    <\/p>\n<p>&#13;<br \/>\n              Respublika.lt pasilieka teis\u0119 pa\u0161alinti nekult\u016bringus, keiksma\u017eod\u017eiais pagardintus, su tema nesusijusius, kito asmens vardu pasira\u0161ytus, \u012fstatymus pa\u017eeid\u017eian\u010dius, \u0161lam\u0161t\u0105 reklamuojan\u010dius ar nusikalsti kurstan\u010dius komentarus. Jei kurstysite smurt\u0105, rasin\u0119, tautin\u0119, religin\u0119 ar kitokio pob\u016bd\u017eio neapykant\u0105, \u017evirbliu i\u0161skrid\u0119 j\u016bs\u0173 \u017eod\u017eiai gr\u012f\u017edami gali virsti ton\u0105 sverian\u010diu jau\u010diu &#8211; specialiosioms Lietuvos tarnyboms pareikalavus suteiksime j\u016bs\u0173 duomenis.\n            <\/p>\n","protected":false},"excerpt":{"rendered":"\u00d7 (1\/1) Fridrichas Mercas ir Donaldas Trumpas. EPA-Eltos nuotr. Atsisi\u0173sti 1 nuotr. Fridrichas Mercas ir Donaldas Trumpas. EPA-Eltos&hellip;\n","protected":false},"author":2,"featured_media":62752,"comment_status":"","ping_status":"","sticky":false,"template":"","format":"standard","meta":{"footnotes":""},"categories":[15],"tags":[25,30,31,77,34,35,24,223,32,33,37,39,36,38,40,13489,23,22,44,14658,1269,28,29,26,27,1270,7098,74,75,76],"class_list":{"0":"post-62751","1":"post","2":"type-post","3":"status-publish","4":"format-standard","5":"has-post-thumbnail","7":"category-pasaulis","8":"tag-antrastes","9":"tag-breaking-news","10":"tag-breakingnews","11":"tag-europa","12":"tag-featured-news","13":"tag-featurednews","14":"tag-headlines","15":"tag-jav","16":"tag-latest-news","17":"tag-latestnews","18":"tag-lietuva","19":"tag-lietuviu","20":"tag-lithuania","21":"tag-lithuanian","22":"tag-lt","23":"tag-mercas","24":"tag-naujienos","25":"tag-news","26":"tag-pasaulis","27":"tag-pax-americana","28":"tag-politika","29":"tag-populiariausios-naujienos","30":"tag-populiariausiosnaujienos","31":"tag-top-stories","32":"tag-topstories","33":"tag-trumpas","34":"tag-uzsienio","35":"tag-world","36":"tag-world-news","37":"tag-worldnews"},"share_on_mastodon":{"url":"https:\/\/pubeurope.com\/@lt\/115725517820737407","error":""},"_links":{"self":[{"href":"https:\/\/www.europesays.com\/lt\/wp-json\/wp\/v2\/posts\/62751","targetHints":{"allow":["GET"]}}],"collection":[{"href":"https:\/\/www.europesays.com\/lt\/wp-json\/wp\/v2\/posts"}],"about":[{"href":"https:\/\/www.europesays.com\/lt\/wp-json\/wp\/v2\/types\/post"}],"author":[{"embeddable":true,"href":"https:\/\/www.europesays.com\/lt\/wp-json\/wp\/v2\/users\/2"}],"replies":[{"embeddable":true,"href":"https:\/\/www.europesays.com\/lt\/wp-json\/wp\/v2\/comments?post=62751"}],"version-history":[{"count":0,"href":"https:\/\/www.europesays.com\/lt\/wp-json\/wp\/v2\/posts\/62751\/revisions"}],"wp:featuredmedia":[{"embeddable":true,"href":"https:\/\/www.europesays.com\/lt\/wp-json\/wp\/v2\/media\/62752"}],"wp:attachment":[{"href":"https:\/\/www.europesays.com\/lt\/wp-json\/wp\/v2\/media?parent=62751"}],"wp:term":[{"taxonomy":"category","embeddable":true,"href":"https:\/\/www.europesays.com\/lt\/wp-json\/wp\/v2\/categories?post=62751"},{"taxonomy":"post_tag","embeddable":true,"href":"https:\/\/www.europesays.com\/lt\/wp-json\/wp\/v2\/tags?post=62751"}],"curies":[{"name":"wp","href":"https:\/\/api.w.org\/{rel}","templated":true}]}}