{"id":63290,"date":"2025-12-16T14:11:10","date_gmt":"2025-12-16T14:11:10","guid":{"rendered":"https:\/\/www.europesays.com\/lt\/63290\/"},"modified":"2025-12-16T14:11:10","modified_gmt":"2025-12-16T14:11:10","slug":"naglis-apie-santykius-su-natalija-bunke-edgaras-net-pavydi","status":"publish","type":"post","link":"https:\/\/www.europesays.com\/lt\/63290\/","title":{"rendered":"Naglis apie santykius su Natalija Bunke: Edgaras net pavydi"},"content":{"rendered":"<p class=\"MsoNormal\">Nagliui kliuvo \u0161ird\u017eiai miela u\u017eduotis  \u2013 savo detektyv\u0173 komandai pani\u016bniuoti geriausios draug\u0117s <a rel=\"noopener nofollow\" target=\"_blank\" href=\"https:\/\/www.delfi.lt\/temos\/natalija-bunke\" tag-id=\"58924833\">Natalijos Bunk\u0117s<\/a> dain\u0105. Jau po keli\u0173 sekund\u017ei\u0173 ni\u016bniavimo dain\u0105 \u201eB\u016bki b\u016bki su manim\u201c trauk\u0117 visa studija, ra\u0161oma spaudos prane\u0161ime.<\/p>\n<p>    <img decoding=\"async\" src=\"https:\/\/www.europesays.com\/lt\/wp-content\/uploads\/2025\/12\/ebc5ad7d-6fc3-4fae-becc-3744da668b33.jpg\" loading=\"lazy\" alt=\"Naglis Bierancas\"\/>    <\/p>\n<p class=\"MsoNormal\">\u201eKadangi a\u0161 jau laidos prad\u017eioje prisipa\u017einau, kad seku Nagl\u012f \u201eInstagrame\u201c, b\u016bt\u0173 buv\u0119 labai \u012fdomu, jeigu Naglis b\u016bt\u0173 nesugeb\u0117j\u0119s teisingai pani\u016bniuoti, nes j\u016bs su Natalija praleid\u017eiat daugiau laiko kartu nei atskirai?\u201c, \u2013 pasteb\u0117jo laidos ved\u0117jas Gintas Vai\u010dikauskas. <\/p>\n<p class=\"MsoNormal\">\u201eLabai daug laiko kartu. Kartais <a rel=\"noopener nofollow\" target=\"_blank\" href=\"https:\/\/www.delfi.lt\/temos\/edgaras-eidejus\" tag-id=\"80383765\">Edgaras<\/a> net pavydi\u201c, \u2013 sak\u0117 Naglis. Gintas patikino, kad tiki Nagliu ir perdav\u0117 link\u0117jimus Natalijai. <\/p>\n<p>    <img decoding=\"async\" src=\"https:\/\/www.europesays.com\/lt\/wp-content\/uploads\/2025\/12\/ebe549ae-41a2-4023-b9b2-90ea7fd6db92.jpg\" loading=\"lazy\" alt=\"Laidos akimirka\"\/>    <\/p>\n<p class=\"MsoNormal\">Nuotaikingas \u0161ou \u201eMuzikos detektyvai\u201c labai juokingai atskleid\u0117 ir kart\u0173 skirtumus. Kai rubrikoje \u201eApklausa\u201c vienas i\u0161 atsakymo variant\u0173 buvo daina \u201eSombrero\u201c, Lauros komanda sp\u0117jo, kad atlik\u0117jas grup\u0117 \u201eKastaneda\u201c, o \u0161tai Naglio komanda omenyje tur\u0117jo visai kit\u0105 dain\u0105.<\/p>\n<p class=\"MsoNormal\">\u201eBet \u017einai, mes, kaip vyresni, galvojom apie \u201eBalt\u0105 sombrero\u201c, \u2013 ir kartu su savo komanda u\u017etrauk\u0117 \u0161i\u0105 dain\u0105 i\u0161 grup\u0117s \u201e\u017dentai\u201c repertuaro. <\/p>\n<p>    <img decoding=\"async\" src=\"https:\/\/www.europesays.com\/lt\/wp-content\/uploads\/2025\/12\/ef8987a2-2412-4fde-b053-f87d96dedb98.jpg\" loading=\"lazy\" alt=\"Laura Drag\u016bnait\u0117\"\/>    <\/p>\n<p class=\"MsoNormal\">\u201eJei ne Laura, b\u016btume netur\u0117j\u0119 tokio gero \u017eaidimo, \u017ealia r\u016bta\u201c, \u2013 laidos pabaigoje d\u016bsavo Gintas, sp\u0117j\u0119s pasisk\u0173sti, kad studijoje tokia \u012ftampa, kad net nor\u0117t\u0173 i\u0161eiti i\u0161 darbo. Bet ar Laura buvo ta, kuri laim\u0117jo ir padvigubino savo komandos pinigus? Su\u017einosite \u0161\u012f antradienio vakar\u0105 laidoje \u201eMuzikos detektyvai\u201c 20 val. per LNK. <\/p>\n<p class=\"MsoNormal\">Naglis apie draugyst\u0119 su Natalija: \u201eKartais Edgaras net pavydi\u201c<\/p>\n<p class=\"MsoNormal\">Laura Drag\u016bnait\u0117 aukojasi d\u0117l komandos<\/p>\n","protected":false},"excerpt":{"rendered":"Nagliui kliuvo \u0161ird\u017eiai miela u\u017eduotis \u2013 savo detektyv\u0173 komandai pani\u016bniuoti geriausios draug\u0117s Natalijos Bunk\u0117s dain\u0105. Jau po keli\u0173&hellip;\n","protected":false},"author":2,"featured_media":63291,"comment_status":"","ping_status":"","sticky":false,"template":"","format":"standard","meta":{"footnotes":"","_share_on_mastodon":"0"},"categories":[21],"tags":[14739,113,504,37,39,36,38,40,7225,5655,114],"class_list":["post-63290","post","type-post","status-publish","format-standard","has-post-thumbnail","category-pramogos","tag-edgaras-eidejus","tag-entertainment","tag-laura-dragunaite","tag-lietuva","tag-lietuviu","tag-lithuania","tag-lithuanian","tag-lt","tag-naglis-bierancas","tag-natalija-bunke","tag-pramogos"],"share_on_mastodon":{"url":"https:\/\/pubeurope.com\/@lt\/115729654436379580","error":""},"_links":{"self":[{"href":"https:\/\/www.europesays.com\/lt\/wp-json\/wp\/v2\/posts\/63290","targetHints":{"allow":["GET"]}}],"collection":[{"href":"https:\/\/www.europesays.com\/lt\/wp-json\/wp\/v2\/posts"}],"about":[{"href":"https:\/\/www.europesays.com\/lt\/wp-json\/wp\/v2\/types\/post"}],"author":[{"embeddable":true,"href":"https:\/\/www.europesays.com\/lt\/wp-json\/wp\/v2\/users\/2"}],"replies":[{"embeddable":true,"href":"https:\/\/www.europesays.com\/lt\/wp-json\/wp\/v2\/comments?post=63290"}],"version-history":[{"count":0,"href":"https:\/\/www.europesays.com\/lt\/wp-json\/wp\/v2\/posts\/63290\/revisions"}],"wp:featuredmedia":[{"embeddable":true,"href":"https:\/\/www.europesays.com\/lt\/wp-json\/wp\/v2\/media\/63291"}],"wp:attachment":[{"href":"https:\/\/www.europesays.com\/lt\/wp-json\/wp\/v2\/media?parent=63290"}],"wp:term":[{"taxonomy":"category","embeddable":true,"href":"https:\/\/www.europesays.com\/lt\/wp-json\/wp\/v2\/categories?post=63290"},{"taxonomy":"post_tag","embeddable":true,"href":"https:\/\/www.europesays.com\/lt\/wp-json\/wp\/v2\/tags?post=63290"}],"curies":[{"name":"wp","href":"https:\/\/api.w.org\/{rel}","templated":true}]}}