{"id":63903,"date":"2025-12-17T10:07:12","date_gmt":"2025-12-17T10:07:12","guid":{"rendered":"https:\/\/www.europesays.com\/lt\/63903\/"},"modified":"2025-12-17T10:07:12","modified_gmt":"2025-12-17T10:07:12","slug":"seimo-komitetas-pritare-nerijos-stasiulienes-kandidaturai-i-seimo-kontrolierius","status":"publish","type":"post","link":"https:\/\/www.europesays.com\/lt\/63903\/","title":{"rendered":"Seimo komitetas pritar\u0117 Nerijos Stasiulien\u0117s kandidat\u016brai \u012f Seimo kontrolierius"},"content":{"rendered":"\n<p>Tre\u010diadien\u012f vykusiame pos\u0117dyje jos kandidat\u016br\u0105 \u017dTK nariai palaik\u0117 bendru sutarimu.\u00a0<\/p>\n<p>Prisistatydama komiteto nariams N. Stasiulien\u0117 sak\u0117, kad turi 30 met\u0173 darbo patirt\u012f vie\u0161ajame sektoriuje. Kandidat\u0117 taip pat turi ir pedagoginio darbo patirties, nes 8 metus Vilniaus Universitete d\u0117st\u0117 sveikatos teis\u0119.\u00a0<\/p>\n<p>Jei parlamentarai pritart\u0173, Seimo kontrolieri\u0173 \u012fstaigoje atsirast\u0173 tre\u010diasis, su smulkiu ir vidutiniu verslu susijusius pa\u017eeidimus tirsiantis, kontrolierius. Tikimasi, kad naujas Seimo kontrolierius pad\u0117s <a href=\"https:\/\/www.tv3.lt\/rubrika\/naujienos\/verslas\" target=\"_blank\" class=\"phrase\" rel=\"nofollow noopener\">verslui<\/a> spr\u0119sti biurokratizmo problem\u0105.<\/p>\n<p>\u201eJeigu b\u016b\u010diau paskirta, save \u012fsivaizduoju kaip smulkaus ir vidutinio verslo advokat\u0117 Vyriausyb\u0117je, Seime ir savivaldybi\u0173 lygmenyje\u201c, \u2013 \u017dTK pos\u0117dyje sak\u0117 N. Stasiulien\u0117.\u00a0<\/p>\n<p>Susitikti su smulkiam verslui atstovaujan\u010diomis organizacijomis planuojanti kandidat\u0117 \u012f Seimo kontrolierius ketina i\u0161girsti j\u0173 l\u016bkes\u010dius ir problemas.<\/p>\n<p>Kandidat\u016br\u0105 <a href=\"https:\/\/www.tv3.lt\/gaires\/seimas\" target=\"_blank\" rel=\"nofollow noopener\">Seimas<\/a> plenarin\u0117je sal\u0117je planuoja svarstyti gruod\u017eio 23 d.\u00a0<\/p>\n<p>N. Stasiulien\u0117 yra dirbusi Seimo socialdemokrat\u0173 partijos frakcijos referente, parlamento vicepirmininko patar\u0117ja. Pernai ruden\u012f ji tapo sveikatos apsaugos viceministre, v\u0117liau buvo teisingumo ministerijos kanclere.\u00a0<\/p>\n<p>Anks\u010diau Seimo pirmininkas J. Olekas buvo pateik\u0119s teisinink\u0117s, mediator\u0117s Rasminos \u010cepkauskien\u0117s kandidat\u016br\u0105 \u012f Seimo kontrolier\u0117s pareigas, ta\u010diau politikai suabejojo d\u0117l jos \u012fgyto i\u0161silavinimo aplinkybi\u0173.\u00a0<\/p>\n<p>ELTA primena, kad \u0161iuo metu Seimo kontrolieri\u0173 \u012fstaigai vadovauja Erika Leonait\u0117. Ji tiria valstyb\u0117s institucij\u0173 ir \u012fstaig\u0173 pareig\u016bn\u0173 pa\u017eeidimus.\u00a0<\/p>\n<p>Seimo kontrolier\u0117 Jolita Miliuvien\u0117 tiria skundus d\u0117l savivaldybi\u0173 institucij\u0173 ir \u012fstaig\u0173 pareig\u016bn\u0173 piktnaud\u017eiavimo ir biurokratizmo.<\/p>\n<p>Kvie\u010diame atrasti nauj\u0105 tv3.lt turin\u012f! Nuo \u0161iol portale j\u016bs\u0173 laukia <a href=\"https:\/\/www.tv3.lt\/testai\" rel=\"nofollow noopener\" target=\"_blank\">kasdien nauji testai<\/a>   \u2013 i\u0161bandykite savo \u017einias ir smagiai praleiskite laik\u0105. <\/p>\n","protected":false},"excerpt":{"rendered":"Tre\u010diadien\u012f vykusiame pos\u0117dyje jos kandidat\u016br\u0105 \u017dTK nariai palaik\u0117 bendru sutarimu.\u00a0 Prisistatydama komiteto nariams N. Stasiulien\u0117 sak\u0117, kad turi&hellip;\n","protected":false},"author":2,"featured_media":63904,"comment_status":"","ping_status":"","sticky":false,"template":"","format":"standard","meta":{"footnotes":""},"categories":[13],"tags":[14822,25,30,31,57,43,34,35,55,48,24,54,51,49,50,32,33,37,39,36,38,40,45,23,22,44,28,29,53,42,56,47,26,27,41,46,58,52],"class_list":{"0":"post-63903","1":"post","2":"type-post","3":"status-publish","4":"format-standard","5":"has-post-thumbnail","7":"category-lietuva","8":"tag-2025-12-17-091200","9":"tag-antrastes","10":"tag-breaking-news","11":"tag-breakingnews","12":"tag-daiktai","13":"tag-dienos-kronika","14":"tag-featured-news","15":"tag-featurednews","16":"tag-gatves-tekstai","17":"tag-gyvenimas","18":"tag-headlines","19":"tag-interneto-pievos","20":"tag-keliones","21":"tag-kultura","22":"tag-laisvalaikis","23":"tag-latest-news","24":"tag-latestnews","25":"tag-lietuva","26":"tag-lietuviu","27":"tag-lithuania","28":"tag-lithuanian","29":"tag-lt","30":"tag-mokslas-ir-it","31":"tag-naujienos","32":"tag-news","33":"tag-pasaulis","34":"tag-populiariausios-naujienos","35":"tag-populiariausiosnaujienos","36":"tag-projektai","37":"tag-rinktiniai-tekstai","38":"tag-simtmecio-portalas","39":"tag-sportas","40":"tag-top-stories","41":"tag-topstories","42":"tag-tv3-lt","43":"tag-verslas","44":"tag-video","45":"tag-zaidimai"},"share_on_mastodon":{"url":"","error":"Validation failed: Text character limit of 500 exceeded"},"_links":{"self":[{"href":"https:\/\/www.europesays.com\/lt\/wp-json\/wp\/v2\/posts\/63903","targetHints":{"allow":["GET"]}}],"collection":[{"href":"https:\/\/www.europesays.com\/lt\/wp-json\/wp\/v2\/posts"}],"about":[{"href":"https:\/\/www.europesays.com\/lt\/wp-json\/wp\/v2\/types\/post"}],"author":[{"embeddable":true,"href":"https:\/\/www.europesays.com\/lt\/wp-json\/wp\/v2\/users\/2"}],"replies":[{"embeddable":true,"href":"https:\/\/www.europesays.com\/lt\/wp-json\/wp\/v2\/comments?post=63903"}],"version-history":[{"count":0,"href":"https:\/\/www.europesays.com\/lt\/wp-json\/wp\/v2\/posts\/63903\/revisions"}],"wp:featuredmedia":[{"embeddable":true,"href":"https:\/\/www.europesays.com\/lt\/wp-json\/wp\/v2\/media\/63904"}],"wp:attachment":[{"href":"https:\/\/www.europesays.com\/lt\/wp-json\/wp\/v2\/media?parent=63903"}],"wp:term":[{"taxonomy":"category","embeddable":true,"href":"https:\/\/www.europesays.com\/lt\/wp-json\/wp\/v2\/categories?post=63903"},{"taxonomy":"post_tag","embeddable":true,"href":"https:\/\/www.europesays.com\/lt\/wp-json\/wp\/v2\/tags?post=63903"}],"curies":[{"name":"wp","href":"https:\/\/api.w.org\/{rel}","templated":true}]}}