{"id":63907,"date":"2025-12-17T10:13:13","date_gmt":"2025-12-17T10:13:13","guid":{"rendered":"https:\/\/www.europesays.com\/lt\/63907\/"},"modified":"2025-12-17T10:13:13","modified_gmt":"2025-12-17T10:13:13","slug":"kaune-rajone-girtas-vairuotojas-suzalojo-policininka","status":"publish","type":"post","link":"https:\/\/www.europesays.com\/lt\/63907\/","title":{"rendered":"Kaune rajone girtas vairuotojas su\u017ealojo policinink\u0105"},"content":{"rendered":"<p>Anot Policijos departamento, incidentas vyko gruod\u017eio 16 d. apie 19 val. 25 min. <\/p>\n<p>Kauno rajone  Dubrav\u0173 kaime sulaikomas neblaivus automobilio vairuotojas (gim\u0119s 1997 m.) aktyviais veiksmais pasiprie\u0161ino Kauno apskrities policijos pareig\u016bnui (gimusiam 2001 m.). <\/p>\n<p>Policininkui buvo suteikta medicinin\u0117 pagalba, jis gydomas ambulatori\u0161kai. Vairuotojui nustatytas lengvas girtumas (1,18 prom.).  \u012etariamasis u\u017edarytas \u012f are\u0161tin\u0119. <\/p>\n<p>Prad\u0117tas ikiteisminis tyrimas d\u0117l <a rel=\"noopener nofollow\" target=\"_blank\" href=\"https:\/\/www.delfi.lt\/temos\/pasipriesinimas-valstybes-tarnautojui-ar-viesojo-administravimo-funkcijas-atliekanciam-asmeniui\" tag-id=\"94542827\">pasiprie\u0161inimo valstyb\u0117s tarnautojui<\/a> ar vie\u0161ojo administravimo funkcijas atliekan\u010diam asmeniui. U\u017e tai baud\u017eiama vie\u0161aisiais darbais arba bauda, arba laisv\u0117s apribojimu, arba are\u0161tu, arba laisv\u0117s at\u0117mimu iki trej\u0173 met\u0173.<\/p>\n","protected":false},"excerpt":{"rendered":"Anot Policijos departamento, incidentas vyko gruod\u017eio 16 d. apie 19 val. 25 min. Kauno rajone Dubrav\u0173 kaime sulaikomas&hellip;\n","protected":false},"author":2,"featured_media":63908,"comment_status":"","ping_status":"","sticky":false,"template":"","format":"standard","meta":{"footnotes":""},"categories":[13],"tags":[25,30,31,34,35,4074,24,32,33,37,39,36,38,40,23,22,14823,73,28,29,26,27],"class_list":{"0":"post-63907","1":"post","2":"type-post","3":"status-publish","4":"format-standard","5":"has-post-thumbnail","7":"category-lietuva","8":"tag-antrastes","9":"tag-breaking-news","10":"tag-breakingnews","11":"tag-featured-news","12":"tag-featurednews","13":"tag-girtas-vairuotojas","14":"tag-headlines","15":"tag-latest-news","16":"tag-latestnews","17":"tag-lietuva","18":"tag-lietuviu","19":"tag-lithuania","20":"tag-lithuanian","21":"tag-lt","22":"tag-naujienos","23":"tag-news","24":"tag-pasipriesinimas-valstybes-tarnautojui","25":"tag-pasipriesinimas-valstybes-tarnautojui-ar-viesojo-administravimo-funkcijas-atliekanciam-asmeniui","26":"tag-populiariausios-naujienos","27":"tag-populiariausiosnaujienos","28":"tag-top-stories","29":"tag-topstories"},"share_on_mastodon":{"url":"https:\/\/pubeurope.com\/@lt\/115734380720643018","error":""},"_links":{"self":[{"href":"https:\/\/www.europesays.com\/lt\/wp-json\/wp\/v2\/posts\/63907","targetHints":{"allow":["GET"]}}],"collection":[{"href":"https:\/\/www.europesays.com\/lt\/wp-json\/wp\/v2\/posts"}],"about":[{"href":"https:\/\/www.europesays.com\/lt\/wp-json\/wp\/v2\/types\/post"}],"author":[{"embeddable":true,"href":"https:\/\/www.europesays.com\/lt\/wp-json\/wp\/v2\/users\/2"}],"replies":[{"embeddable":true,"href":"https:\/\/www.europesays.com\/lt\/wp-json\/wp\/v2\/comments?post=63907"}],"version-history":[{"count":0,"href":"https:\/\/www.europesays.com\/lt\/wp-json\/wp\/v2\/posts\/63907\/revisions"}],"wp:featuredmedia":[{"embeddable":true,"href":"https:\/\/www.europesays.com\/lt\/wp-json\/wp\/v2\/media\/63908"}],"wp:attachment":[{"href":"https:\/\/www.europesays.com\/lt\/wp-json\/wp\/v2\/media?parent=63907"}],"wp:term":[{"taxonomy":"category","embeddable":true,"href":"https:\/\/www.europesays.com\/lt\/wp-json\/wp\/v2\/categories?post=63907"},{"taxonomy":"post_tag","embeddable":true,"href":"https:\/\/www.europesays.com\/lt\/wp-json\/wp\/v2\/tags?post=63907"}],"curies":[{"name":"wp","href":"https:\/\/api.w.org\/{rel}","templated":true}]}}