{"id":63909,"date":"2025-12-17T10:16:12","date_gmt":"2025-12-17T10:16:12","guid":{"rendered":"https:\/\/www.europesays.com\/lt\/63909\/"},"modified":"2025-12-17T10:16:12","modified_gmt":"2025-12-17T10:16:12","slug":"chelsea-pateko-i-carabao-taures-pusfinali","status":"publish","type":"post","link":"https:\/\/www.europesays.com\/lt\/63909\/","title":{"rendered":"\u201eChelsea\u201c pateko \u012f \u201eCarabao\u201c taur\u0117s pusfinal\u012f"},"content":{"rendered":"<p>Londono \u201eChelsea\u201c klubas \u201eCarabao\u201c taur\u0117s ketvirtfinalio rungtyn\u0117se 3:1\u00a0nugal\u0117jo \u201eCardiff\u201c futbolininkus.<\/p>\n<p>Alejandro Garnacho su\u017eaidus beveik valand\u0105 nukreip\u0117 kamuol\u012f \u012f tolim\u0105j\u012f vart\u0173 kamp\u0105 ir i\u0161ved\u0117 \u201eChelsea\u201c \u012f priek\u012f 1:0.<\/p>\n<p>Netrukus Davidas Turnbullis puikiu sm\u016bgiu galva nuginklavo vartinink\u0105 ir atstat\u0117 \u0161ioje dvikovoje pusiausvyr\u0105\u00a01:1.<\/p>\n<p>Pedro Neto tiksliai u\u017edar\u0117 komandos draugo perdavim\u0105 ir v\u0117l persv\u0117r\u0117 rezultat\u0105 \u201eChelsea\u201c ekipos naudai 2:1.<\/p>\n<p>A. Garnacho rungtyni\u0173 pabaigoje antr\u0105 kart\u0105 nuginklavo vartinink\u0105 ir \u012ftvirtino\u00a0\u201eChelsea\u201c pergal\u0119 rezultatu 3:1.<\/p>\n","protected":false},"excerpt":{"rendered":"Londono \u201eChelsea\u201c klubas \u201eCarabao\u201c taur\u0117s ketvirtfinalio rungtyn\u0117se 3:1\u00a0nugal\u0117jo \u201eCardiff\u201c futbolininkus. Alejandro Garnacho su\u017eaidus beveik valand\u0105 nukreip\u0117 kamuol\u012f \u012f&hellip;\n","protected":false},"author":2,"featured_media":63910,"comment_status":"","ping_status":"","sticky":false,"template":"","format":"standard","meta":{"footnotes":""},"categories":[19],"tags":[57,43,55,48,54,51,49,50,37,39,36,38,40,45,23,44,53,42,56,47,112,104,46,58,52],"class_list":{"0":"post-63909","1":"post","2":"type-post","3":"status-publish","4":"format-standard","5":"has-post-thumbnail","7":"category-sportas","8":"tag-daiktai","9":"tag-dienos-kronika","10":"tag-gatves-tekstai","11":"tag-gyvenimas","12":"tag-interneto-pievos","13":"tag-keliones","14":"tag-kultura","15":"tag-laisvalaikis","16":"tag-lietuva","17":"tag-lietuviu","18":"tag-lithuania","19":"tag-lithuanian","20":"tag-lt","21":"tag-mokslas-ir-it","22":"tag-naujienos","23":"tag-pasaulis","24":"tag-projektai","25":"tag-rinktiniai-tekstai","26":"tag-simtmecio-portalas","27":"tag-sportas","28":"tag-sportas-lt","29":"tag-sports","30":"tag-verslas","31":"tag-video","32":"tag-zaidimai"},"share_on_mastodon":{"url":"https:\/\/pubeurope.com\/@lt\/115734392581508921","error":""},"_links":{"self":[{"href":"https:\/\/www.europesays.com\/lt\/wp-json\/wp\/v2\/posts\/63909","targetHints":{"allow":["GET"]}}],"collection":[{"href":"https:\/\/www.europesays.com\/lt\/wp-json\/wp\/v2\/posts"}],"about":[{"href":"https:\/\/www.europesays.com\/lt\/wp-json\/wp\/v2\/types\/post"}],"author":[{"embeddable":true,"href":"https:\/\/www.europesays.com\/lt\/wp-json\/wp\/v2\/users\/2"}],"replies":[{"embeddable":true,"href":"https:\/\/www.europesays.com\/lt\/wp-json\/wp\/v2\/comments?post=63909"}],"version-history":[{"count":0,"href":"https:\/\/www.europesays.com\/lt\/wp-json\/wp\/v2\/posts\/63909\/revisions"}],"wp:featuredmedia":[{"embeddable":true,"href":"https:\/\/www.europesays.com\/lt\/wp-json\/wp\/v2\/media\/63910"}],"wp:attachment":[{"href":"https:\/\/www.europesays.com\/lt\/wp-json\/wp\/v2\/media?parent=63909"}],"wp:term":[{"taxonomy":"category","embeddable":true,"href":"https:\/\/www.europesays.com\/lt\/wp-json\/wp\/v2\/categories?post=63909"},{"taxonomy":"post_tag","embeddable":true,"href":"https:\/\/www.europesays.com\/lt\/wp-json\/wp\/v2\/tags?post=63909"}],"curies":[{"name":"wp","href":"https:\/\/api.w.org\/{rel}","templated":true}]}}