{"id":63911,"date":"2025-12-17T10:19:14","date_gmt":"2025-12-17T10:19:14","guid":{"rendered":"https:\/\/www.europesays.com\/lt\/63911\/"},"modified":"2025-12-17T10:19:14","modified_gmt":"2025-12-17T10:19:14","slug":"rudninkuose-ipusejus-pirmam-statybu-etapui-bus-iskeltas-vokietijos-brigados-stabo-pastato-vainikas-15min-lt","status":"publish","type":"post","link":"https:\/\/www.europesays.com\/lt\/63911\/","title":{"rendered":"R\u016bdninkuose \u012fpus\u0117jus pirmam statyb\u0173 etapui, bus i\u0161keltas Vokietijos brigados \u0161tabo pastato vainikas &#8211; 15min.lt"},"content":{"rendered":"<ol>\n<li><a href=\"https:\/\/news.google.com\/rss\/articles\/CBMi6wFBVV95cUxNUldTMEpBeHZnUTd1Q2wyQlRwRzB2V3Y3MFljeHBIT0FhcHkxRDlJNDdvWUc0eVAxNXBZTUFfdUlpakVJS2o3UUt6a0hUWTNWUnNhczRiQmZBcGQtVXFIcmFSRDdnNVZOSzlPaVBpcVR5REtwOGdYZ3RFTXgyN1ZJYnNOd1BzR3hUWXVaSlRkZGF5UXA2Zl9aem0xMjBMV081WDdPTl9NUnpjWGtKdXYyOW95dzNrWEU0WDFIVk1XRnNiWlJnZGRvMjhKalEzcFZiSkdLd0JpcVdFS013c1pRS2Nyb0dYYlZ1T0c4?oc=5\" target=\"_blank\" rel=\"nofollow noopener\">R\u016bdninkuose \u012fpus\u0117jus pirmam statyb\u0173 etapui, bus i\u0161keltas Vokietijos brigados \u0161tabo pastato vainikas<\/a>&nbsp;&nbsp;15min.lt<\/li>\n<li><a href=\"https:\/\/news.google.com\/rss\/articles\/CBMixwFBVV95cUxPdC03aWZkMjlvN0ZEai0tQ1pjNFo0RHFoQVVUSTVfb2dRTWk5N1h2Y0RzVVo2ZFhoUkJhN3Q4d1RUOHRkcjJPZnZYTi1mNjljem9VaVlrWGFYdHpGcjV0SlZWS2h2SE5nX0I5V1lhOGRLQ3RwV09sdkt5YmsxRk96OXlhSnRrcVB1Z1BGeE9ZeF9rMmExZ2tieDBscFdMSDNVaWVMSjRfbEpfX0xnelR5V1VsUVFMcUREaW9PdmZveEVVLXNNRldF?oc=5\" target=\"_blank\" rel=\"nofollow noopener\">Kas\u010di\u016bnui tr\u016bko kantryb\u0117: ministr\u0105 Kaun\u0105 kaltina melu ir skubiai imasi veiksm\u0173<\/a>&nbsp;&nbsp;Delfi<\/li>\n<li><a href=\"https:\/\/news.google.com\/rss\/articles\/CBMijwFBVV95cUxPcEFGYlBVZV9ZbUpXRmVVMkM2ajhfT0t5SEo4QWlYbm83SmdGdk56STlPUHhFMFhPV0lCOWY2RjVRTUpuN3JZMG5STU1wX28tdS11ZTZJYzNvbUNfSHpKR2lnTUVuMWdXNTZOZEsyUFdfNlFQV2tNeWZKbkNyalVaMXdrbjBHdEdKOFotSmpMdw?oc=5\" target=\"_blank\" rel=\"nofollow noopener\">T\u0119siasi \u201eFegdos\u201c ir VSD pa\u017eym\u0173 detektyvas<\/a>&nbsp;&nbsp;LRT<\/li>\n<li><a href=\"https:\/\/news.google.com\/rss\/articles\/CBMi9gFBVV95cUxNSXR4RXdSbjZpeHhHTGhOVVFBOFFZR3FxTEJsT2JiMVB4eW9LMnd5SUJKMTNNVlJMeWplQU8wenY5aHJIYW1mRExheVRkbldtOEtZR05sZUhzcTViVUFEM0RkRjdRQjk5Q1ZVMmVyNWlsbGhCX1NFRFZfRXFGNWxyeFNpb0FUWkItWDdWZWozbHdnXzl5QkVlVVJQYVhENzllb2lfQWtBLTFXNUJNX2NLQWJwelNRb2pXQUg2aHkzWWtYMGlBamtmQ2hwRy1XR25hUlNHRDhlalhmZjdyc3owSmlHZzhpUUQxWHZXTVZKR2wtUG5UR2c?oc=5\" target=\"_blank\" rel=\"nofollow noopener\">R\u016bdnink\u0173 kariniame miestelyje statybos \u012fpus\u0117jo: tikimasi pirm\u0105j\u012f etap\u0105 baigti pusme\u010diu anks\u010diau<\/a>&nbsp;&nbsp;Lrytas<\/li>\n<li><a href=\"https:\/\/news.google.com\/rss\/articles\/CBMiwwFBVV95cUxOdWVkbkV3VzRmWWNTd0VoNkpPNWpiQm1YREt1S1hFUTVaT2I0SWpEVmNjazlGYTNZaXhjSEJfSktqYjQ4WVZSSnBxalQ4akJLUmpfM3VweWNOQTNMdnB3Y2otT0VMelRqR25vSmY3T0FwQ1N2ekhFTk9DdFVvOFI5SDNjRjRscEZHcWhsTW5ia2g5SjUtNEVWbGZHYlliR2dDSEx2M0FDNUwtWks0aTVwM1hkRE1XTE1JdFJYbjVXZHFiR3c?oc=5\" target=\"_blank\" rel=\"nofollow noopener\">\u201eFegda\u201c paai\u0161kino, kod\u0117l negavo leidimo dirbti su informacija \u201evisi\u0161kai slaptai\u201c<\/a>&nbsp;&nbsp;vz.lt<\/li>\n<\/ol>\n","protected":false},"excerpt":{"rendered":"R\u016bdninkuose \u012fpus\u0117jus pirmam statyb\u0173 etapui, bus i\u0161keltas Vokietijos brigados \u0161tabo pastato vainikas&nbsp;&nbsp;15min.lt Kas\u010di\u016bnui tr\u016bko kantryb\u0117: ministr\u0105 Kaun\u0105 kaltina&hellip;\n","protected":false},"author":2,"featured_media":63912,"comment_status":"","ping_status":"","sticky":false,"template":"","format":"standard","meta":{"footnotes":""},"categories":[13],"tags":[25,30,31,34,35,24,32,33,37,39,36,38,40,23,22,28,29,26,27],"class_list":{"0":"post-63911","1":"post","2":"type-post","3":"status-publish","4":"format-standard","5":"has-post-thumbnail","7":"category-lietuva","8":"tag-antrastes","9":"tag-breaking-news","10":"tag-breakingnews","11":"tag-featured-news","12":"tag-featurednews","13":"tag-headlines","14":"tag-latest-news","15":"tag-latestnews","16":"tag-lietuva","17":"tag-lietuviu","18":"tag-lithuania","19":"tag-lithuanian","20":"tag-lt","21":"tag-naujienos","22":"tag-news","23":"tag-populiariausios-naujienos","24":"tag-populiariausiosnaujienos","25":"tag-top-stories","26":"tag-topstories"},"share_on_mastodon":{"url":"https:\/\/pubeurope.com\/@lt\/115734404321949830","error":""},"_links":{"self":[{"href":"https:\/\/www.europesays.com\/lt\/wp-json\/wp\/v2\/posts\/63911","targetHints":{"allow":["GET"]}}],"collection":[{"href":"https:\/\/www.europesays.com\/lt\/wp-json\/wp\/v2\/posts"}],"about":[{"href":"https:\/\/www.europesays.com\/lt\/wp-json\/wp\/v2\/types\/post"}],"author":[{"embeddable":true,"href":"https:\/\/www.europesays.com\/lt\/wp-json\/wp\/v2\/users\/2"}],"replies":[{"embeddable":true,"href":"https:\/\/www.europesays.com\/lt\/wp-json\/wp\/v2\/comments?post=63911"}],"version-history":[{"count":0,"href":"https:\/\/www.europesays.com\/lt\/wp-json\/wp\/v2\/posts\/63911\/revisions"}],"wp:featuredmedia":[{"embeddable":true,"href":"https:\/\/www.europesays.com\/lt\/wp-json\/wp\/v2\/media\/63912"}],"wp:attachment":[{"href":"https:\/\/www.europesays.com\/lt\/wp-json\/wp\/v2\/media?parent=63911"}],"wp:term":[{"taxonomy":"category","embeddable":true,"href":"https:\/\/www.europesays.com\/lt\/wp-json\/wp\/v2\/categories?post=63911"},{"taxonomy":"post_tag","embeddable":true,"href":"https:\/\/www.europesays.com\/lt\/wp-json\/wp\/v2\/tags?post=63911"}],"curies":[{"name":"wp","href":"https:\/\/api.w.org\/{rel}","templated":true}]}}