{"id":63913,"date":"2025-12-17T10:22:23","date_gmt":"2025-12-17T10:22:23","guid":{"rendered":"https:\/\/www.europesays.com\/lt\/63913\/"},"modified":"2025-12-17T10:22:23","modified_gmt":"2025-12-17T10:22:23","slug":"ruta-meilutyte-sureagavo-i-lietuvos-plaukimo-bendruomeneje-kilusi-skandala","status":"publish","type":"post","link":"https:\/\/www.europesays.com\/lt\/63913\/","title":{"rendered":"R\u016bta Meilutyt\u0117 sureagavo \u012f Lietuvos plaukimo bendruomen\u0117je kilus\u012f skandal\u0105"},"content":{"rendered":"\n<p>P. Andrijauskas atsistatydino, kai Lietuvos plaukimo rinktin\u0117s nar\u0117 18-met\u0117 <a href=\"https:\/\/www.tv3.lt\/gaires\/smilte-plytnykaite\" target=\"_blank\" rel=\"nofollow noopener\">Smilt\u0117 Plytnykait\u0117<\/a> prabilo apie trenerio priekabiavim\u0105, o antradien\u012f ji dar kart\u0105 vie\u0161ai kreip\u0117si \u012f visuomen\u0119 bei teig\u0117, kad treneris \u201epats \u017einojo apie savo problemas\u201c.<\/p>\n<p>Netrukus \u012f S. Plytnykait\u0117s \u017eod\u017eius sureagavo ir Lietuvos plaukimo rinktin\u0117s lyder\u0117 <a href=\"https:\/\/www.tv3.lt\/gaires\/ruta-meilutyte\" target=\"_blank\" rel=\"nofollow noopener\">R\u016bta Meilutyt\u0117<\/a>. Ji pagyr\u0117 tautiet\u0119 u\u017e dr\u0105s\u0105 ir steb\u0117josi, kod\u0117l taip ilgai niekas nesi\u0117m\u0117 veiksm\u0173.<\/p>\n<p>\u201eSmilt\u0117 \u2013 labai dr\u0105si, nes prabilo. Kaip sunku yra kartais \u012fvardinti smurt\u0105, kada to nemato tave saugoti turin\u010dios atstovyb\u0117s, kada instituci\u0161kai yra palaikomas smurtas. Pavojaus signalai jau skamb\u0117jo kur\u012f laik\u0105, bet niekas nieko nedar\u0117. Tai turi keistis\u201c, \u2013 savo \u201e<a href=\"https:\/\/www.tv3.lt\/gaires\/instagram\" target=\"_blank\" class=\"phrase\" rel=\"nofollow noopener\">instagram\u201c<\/a> paskyroje ra\u0161\u0117 R. Meilutyt\u0117.<\/p>\n<p>Pati R. Meilutyt\u0117 kiek anks\u010diau \u0161iemet nusprend\u0117 dr\u0105siai prabilti apie buvusio trenerio Jono Ruddo u\u017egauliojimus ir patirtas paty\u010dias. R. Meilutyt\u0117 teig\u0117, kad J. Ruddas skyr\u0117 per didel\u012f d\u0117mes\u012f svoriui ir plaukik\u0173 mitybai bei prisid\u0117jo prie jos valgymo sutrikim\u0173 ir depresijos. I\u0161 viso 12 buvusi\u0173 plaukik\u0173 BBC liudijo, kad b\u016bdami elitiniame jaun\u0173j\u0173 plaukik\u0173 klube, kai J. Ruddas buvo vyriausiasis treneris, patyr\u0117 paty\u010dias, toksi\u0161k\u0105 treniruo\u010di\u0173 atmosfer\u0105 ir maisto kontrol\u0117s kult\u016br\u0105.<\/p>\n<p>\n                                        \u0160altinis:<br \/>\n                                                                                    Sportas.lt\n                                                                                <\/p>\n<p>Kvie\u010diame atrasti nauj\u0105 tv3.lt turin\u012f! Nuo \u0161iol portale j\u016bs\u0173 laukia <a href=\"https:\/\/www.tv3.lt\/testai\" rel=\"nofollow noopener\" target=\"_blank\">kasdien nauji testai<\/a>   \u2013 i\u0161bandykite savo \u017einias ir smagiai praleiskite laik\u0105. <\/p>\n","protected":false},"excerpt":{"rendered":"P. Andrijauskas atsistatydino, kai Lietuvos plaukimo rinktin\u0117s nar\u0117 18-met\u0117 Smilt\u0117 Plytnykait\u0117 prabilo apie trenerio priekabiavim\u0105, o antradien\u012f ji&hellip;\n","protected":false},"author":2,"featured_media":63914,"comment_status":"","ping_status":"","sticky":false,"template":"","format":"standard","meta":{"footnotes":""},"categories":[19],"tags":[14824,57,43,55,48,54,51,49,50,37,39,36,38,40,45,23,44,53,42,56,47,104,41,46,58,52],"class_list":{"0":"post-63913","1":"post","2":"type-post","3":"status-publish","4":"format-standard","5":"has-post-thumbnail","7":"category-sportas","8":"tag-2025-12-16-130400","9":"tag-daiktai","10":"tag-dienos-kronika","11":"tag-gatves-tekstai","12":"tag-gyvenimas","13":"tag-interneto-pievos","14":"tag-keliones","15":"tag-kultura","16":"tag-laisvalaikis","17":"tag-lietuva","18":"tag-lietuviu","19":"tag-lithuania","20":"tag-lithuanian","21":"tag-lt","22":"tag-mokslas-ir-it","23":"tag-naujienos","24":"tag-pasaulis","25":"tag-projektai","26":"tag-rinktiniai-tekstai","27":"tag-simtmecio-portalas","28":"tag-sportas","29":"tag-sports","30":"tag-tv3-lt","31":"tag-verslas","32":"tag-video","33":"tag-zaidimai"},"share_on_mastodon":{"url":"https:\/\/pubeurope.com\/@lt\/115734416157449204","error":""},"_links":{"self":[{"href":"https:\/\/www.europesays.com\/lt\/wp-json\/wp\/v2\/posts\/63913","targetHints":{"allow":["GET"]}}],"collection":[{"href":"https:\/\/www.europesays.com\/lt\/wp-json\/wp\/v2\/posts"}],"about":[{"href":"https:\/\/www.europesays.com\/lt\/wp-json\/wp\/v2\/types\/post"}],"author":[{"embeddable":true,"href":"https:\/\/www.europesays.com\/lt\/wp-json\/wp\/v2\/users\/2"}],"replies":[{"embeddable":true,"href":"https:\/\/www.europesays.com\/lt\/wp-json\/wp\/v2\/comments?post=63913"}],"version-history":[{"count":0,"href":"https:\/\/www.europesays.com\/lt\/wp-json\/wp\/v2\/posts\/63913\/revisions"}],"wp:featuredmedia":[{"embeddable":true,"href":"https:\/\/www.europesays.com\/lt\/wp-json\/wp\/v2\/media\/63914"}],"wp:attachment":[{"href":"https:\/\/www.europesays.com\/lt\/wp-json\/wp\/v2\/media?parent=63913"}],"wp:term":[{"taxonomy":"category","embeddable":true,"href":"https:\/\/www.europesays.com\/lt\/wp-json\/wp\/v2\/categories?post=63913"},{"taxonomy":"post_tag","embeddable":true,"href":"https:\/\/www.europesays.com\/lt\/wp-json\/wp\/v2\/tags?post=63913"}],"curies":[{"name":"wp","href":"https:\/\/api.w.org\/{rel}","templated":true}]}}