{"id":63917,"date":"2025-12-17T10:25:06","date_gmt":"2025-12-17T10:25:06","guid":{"rendered":"https:\/\/www.europesays.com\/lt\/63917\/"},"modified":"2025-12-17T10:25:06","modified_gmt":"2025-12-17T10:25:06","slug":"dingo-dar-viena-jauna-moteris","status":"publish","type":"post","link":"https:\/\/www.europesays.com\/lt\/63917\/","title":{"rendered":"dingo dar viena jauna moteris"},"content":{"rendered":"<p>Tre\u010diadienio ryte Kauno specialiosios tarnybos prad\u0117jo nakt\u012f m\u012fslingomis aplinkyb\u0117mis dingusios jaunos moters i\u0161 Domeikavos paie\u0161k\u0105. Apie tai ryte policijai prane\u0161\u0117 jos artimieji, pana\u0161u, kad dar band\u0119 nes\u0117kmingai ie\u0161koti jos patys.<\/p>\n<p>Apie tai, kad \u0161i 32-ej\u0173 met\u0173 moteris i\u0161va\u017eiavo nakt\u012f i\u0161 savo nam\u0173 automobiliu ir su ja nebe\u012fmanoma susisiekti, 7.23 val. prane\u0161\u0117 jos artimieji.<\/p>\n<p>8.10 val. dingusiosios automobil\u012f policija rado Panemun\u0117s \u0161ile \u2013 netoli Trij\u0173 mergeli\u0173 tilto.<\/p>\n<p>Neatmetant, kad dingusioji gal\u0117jo nukristi nuo \u0161io tilto, tradici\u0161kai tokiais atvejais kreiptasi pagalbos \u012f Kauno prie\u0161gaisrin\u0117s gelb\u0117jimo valdybos narus. Pastarieji vykdo \u0161\u012f policijos pra\u0161ym\u0105, ap\u017ei\u016br\u0117dami Nemun\u0105 su gumine valtimi.<\/p>\n<p>Portalo kauno.diena.lt duomenimis, manoma, kad tragedija gal\u0117jo \u012fvykti apie tre\u010di\u0105-ketvirt\u0105 valand\u0105 nakties. Kod\u0117l u\u017esikabinta u\u017e \u0161io laiko \u2013 ar k\u0105 nors atskleid\u0117 vaizdo kameros, ar tokiu metu buvo prarastas ry\u0161ys su dingusi\u0105ja, neai\u0161ku.<\/p>\n<p>Tre\u010diadienio ryt\u0105 socialiniuose tinkluose pasklido, kaip \u012ftariama, su \u0161iuo \u012fvykiu susij\u0119s pagalbos pra\u0161ymas.<\/p>\n<p>\u201eNegaliu patik\u0117ti, kad turiu tai ra\u0161yti, bet dingo geriausias \u017emogus pasaulyje!!! Gerieji Kauno \u017emon\u0117s, \u0161ianakt \u2013 3 val. \u2013 i\u0161 nam\u0173 i\u0161\u0117jo ir nebe\u012fmanoma susisiekti. Paskutin\u0117 fiksuota b\u016bvimo vieta \u2013 Taurakiemio g. Panemun\u0117je\/Vi\u010di\u016bnai Kaune. Paliko atomobil\u012f \u201eToyota Prius\u201c juodos spalvos (galb\u016bt kas nors tuo metu k\u0105 nors mat\u0117). Erika \u0161viesi\u0173 plauk\u0173, galimai visa juodai apsirengusi, 1.70 cm \u016bgio, smulkaus sud\u0117jimo.<\/p>\n<p>Redakcijos vaizdo \u012fra\u0161as<\/p>\n<p>Labai pra\u0161au vis\u0173 dalintis, kad kuo daugiau atkreiptume d\u0117mes\u012f. Kiekviena minut\u0117 svarbi. K\u0105 nors \u017einan\u010dius pra\u0161au nedelsiant kreiptis numeriu 112\u201c, \u2013 ra\u0161oma feisbuko \u012fra\u0161e.<\/p>\n<p>Jei jus paveik\u0117 perskaityta informacija, \u0161iais kontaktais galite kreiptis pagalbos:<\/p>\n<tr>\n<td>Skubi pagalba<\/td>\n<td>112<\/td>\n<\/tr>\n<tr>\n<td>\n<p>Pagalba galvojantiems apie savi\u017eudyb\u0119 arba ie\u0161kantiems pagalbos artimajam<\/p>\n<p>Svetain\u0117je pateikiama informacija yra trumpa, atsi\u017evelgiant \u012f konkre\u010dius kiekvienos tikslin\u0117s grup\u0117s poreikius<\/p>\n<\/td>\n<td><a href=\"http:\/\/www.tuesi.lt\/\" rel=\"nofollow noopener\" target=\"_blank\">www.tuesi.lt<\/a><\/td>\n<\/tr>\n<tr>\n<td>\n<p>Pagalba ir aktuali informacija nusi\u017eud\u017eiusi\u0173j\u0173 artimiesiems<\/p>\n<p>Nemokamos savitarpio pagalbos grup\u0117s \u012fvairiuose miestuose<\/p>\n<\/td>\n<td><a href=\"http:\/\/www.artimiems.lt\/\" rel=\"nofollow noopener\" target=\"_blank\">www.artimiems.lt<\/a><\/td>\n<\/tr>\n<tr>\n<td>Patikima informacija apie emocin\u0119 sveikat\u0105 ir psichologin\u0119 pagalb\u0105<\/td>\n<td><a href=\"http:\/\/www.pagalbasau.lt\/\" rel=\"nofollow noopener\" target=\"_blank\">www.pagalbasau.lt<\/a><\/td>\n<\/tr>\n<tr>\n<td>\n<p>Psichologini\u0173 krizi\u0173 pagalbos centras<\/p>\n<p>Psichologini\u0173 krizi\u0173 valdymo paslaugos teikiamos asmen\u0173 grup\u0117ms \u012fvykus kriziniam \u012fvykiui, kai \u016bmiai pasirei\u0161kia psichologin\u0117 kriz\u0117<\/p>\n<\/td>\n<td>\n<p>1815 (I\u2013V 9.00\u201319.00 val., VI 9.00\u201315.00 val.)<\/p>\n<p><a href=\"https:\/\/www.hi.lt\/psichologiniu-kriziu-pagalbos-centras-tel-1815\/\" rel=\"nofollow noopener\" target=\"_blank\">https:\/\/www.hi.lt\/psichologiniu-kriziu-pagalbos-centras-tel-1815\/<\/a><\/p>\n<\/td>\n<\/tr>\n<tr>\n<td>\n<p>Krizi\u0173 \u012fveikimo centras (individualios psichologo konsultacijos gyvai, per Skype ar Messenger)<\/p>\n<p>M\u016bs\u0173 savanoriai psichologai, psichoterapeutai \u0161e\u0161ias dienas per savait\u0119 bud\u0117jim\u0173 metu teikia skubi\u0105 psichologin\u0119 pagalb\u0105 sud\u0117tingas gyvenimo situacijas i\u0161gyvenantiems \u017emon\u0117ms<\/p>\n<\/td>\n<td>\n<p><a href=\"http:\/\/www.krizesiveikimas.lt\/\" rel=\"nofollow noopener\" target=\"_blank\">www.krizesiveikimas.lt<\/a><\/p>\n<p>+370 640 51555<\/p>\n<p>Antakalnio g. 97\u201347, Vilnius (I\u2013V 16.00\u201320.00 val., VI 12.00\u201316.00 val., \u0161ven\u010di\u0173 dienomis ir sekmadieniais nedirba)<\/p>\n<\/td>\n<\/tr>\n<tr>\n<td>Asmens sveikatos prie\u017ei\u016bros specialistams ir sveikatos moksl\u0173 studentams prieinamos nemokamos, konfidencialios ir operatyvios emocin\u0117s ir psichologin\u0117s pagalbos tinklas<\/td>\n<td>\n<p><a href=\"https:\/\/www.jauniejigydytojai.lt\/pagalbamedikams\" rel=\"nofollow noopener\" target=\"_blank\">Medo.lt<\/a><\/p>\n<p>+370 606 07205<\/p>\n<p>Susid\u016brus su registracijos anketos gedimais<\/p>\n<p><a href=\"http:\/\/m.kauno.diena.lt\/cdn-cgi\/l\/email-protection#4e3e2f222f27253723212720272d272f3a37382f0e29232f2722602d2123\" rel=\"nofollow noopener\" target=\"_blank\">Ra\u0161yti el. Lai\u0161k\u0105<\/a><\/p>\n<\/td>\n<\/tr>\n<tr>\n<td>Jaunimo linija\u00a0<br \/>Emocin\u0117 parama jaunimui, budi savanoriai konsultantai<\/td>\n<td>\n<p>+370 800 28888 (vis\u0105 par\u0105 kasdien)<\/p>\n<p><a href=\"https:\/\/www.jaunimolinija.lt\/lt\/pagalba\/pagalba-pokalbiais-internetu\/\" rel=\"nofollow noopener\" target=\"_blank\">Pokalbiai internetu<\/a><br \/>I\u2013VI 13:00\u201301:00 val.<\/p>\n<\/td>\n<\/tr>\n<tr>\n<td>Vaik\u0173 linija\u00a0<br \/>Emocin\u0117 parama vaikams, budi savanoriai konsultantai, profesionalai<\/td>\n<td>\n<p>116 111 (I\u2013VII 11.00\u201323.00 val.)<\/p>\n<p><a href=\"https:\/\/www.vaikulinija.lt\/ieskantiems-pagalbos\/vaikams-ir-paaugliams\/pagalba-pokalbiais\/\" rel=\"nofollow noopener\" target=\"_blank\">Pokalbiai internetu<\/a><br \/>I\u2013V 17.00\u201323.00<br \/><a href=\"https:\/\/www.vaikulinija.lt\/ieskantiems-pagalbos\/vaikams-ir-paaugliams\/pagalba-internetu\" rel=\"nofollow noopener\" target=\"_blank\">Registruotis ir ra\u0161yti<\/a><br \/>Atsako per 24 val.<\/p>\n<\/td>\n<\/tr>\n<tr>\n<td>Linija <a href=\"http:\/\/www.klausau.lt\/\" rel=\"nofollow noopener\" target=\"_blank\">\u201eDoverija&#8221;<\/a><br \/>Emocin\u0117 parama paaugliams ir jaunimui rus\u0173 k., budi savanoriai konsultantai<\/td>\n<td>\n<p>+370 800 77277 I\u2013VII (kasdien) 16.00\u201319.00 val.<\/p>\n<p>\u00a0<\/p>\n<\/td>\n<\/tr>\n<tr>\n<td>Vilties linija\u00a0<br \/>Emocin\u0117 parama suaugusiesiems, pagalb\u0105 teikia savanoriai ir psichikos sveikatos specialistai<\/td>\n<td>\n<p>116 123 (vis\u0105 par\u0105 kasdien)<\/p>\n<p><a href=\"https:\/\/www.viltieslinija.lt\/\" rel=\"nofollow noopener\" target=\"_blank\">Pokalbiai internetu<\/a><br \/>I\u2013V 17.00\u201320.00 val.<br \/><a href=\"http:\/\/m.kauno.diena.lt\/cdn-cgi\/l\/email-protection#7243434443404132041b1e061b17011e1b1c1b18135c1e06\" rel=\"nofollow noopener\" target=\"_blank\">Ra\u0161yti el. lai\u0161k\u0105<\/a><br \/>Atsako per 3 darbo dienas<\/p>\n<\/td>\n<\/tr>\n<tr>\n<td>Pagalbos moterims linija\u00a0<br \/>Emocin\u0117 parama moterims, pagalb\u0105 teikia savanoriai ir psichikos sveikatos profesionalai<\/td>\n<td>\n<p>+370 800 66366 (vis\u0105 par\u0105 kasdien)<br \/><a href=\"https:\/\/pagalbosmoterimslinija.lt\/\" rel=\"nofollow noopener\" target=\"_blank\">Ra\u0161yti svetain\u0117je<\/a> (kiekvien\u0105 dien\u0105 17.00\u201322.00 val.)<br \/><a href=\"https:\/\/pagalbosmoterimslinija.lt\/laiskas-pagalbos-moterims-linijai\/\" rel=\"nofollow noopener\" target=\"_blank\">Ra\u0161yti el. lai\u0161k\u0105<\/a><\/p>\n<p>Atsako per 24 val.<\/p>\n<\/td>\n<\/tr>\n<tr>\n<td>\n<p>Mamos linija<\/p>\n<p>Mamoms, kurios ie\u0161ko emocin\u0117s pagalbos anonimi\u0161kai<\/p>\n<\/td>\n<td>\n<p>Telefonas laikinai nepasiekiamas \u012f lai\u0161kus atsakoma (I-IV 10.00\u201320.00 V iki 18.00)<\/p>\n<p><a href=\"http:\/\/m.kauno.diena.lt\/cdn-cgi\/l\/email-protection#305c5159435b51595d515d5159705d515d5f435c595e595a511e5c44\" rel=\"nofollow noopener\" target=\"_blank\">Ra\u0161yti el. lai\u0161k\u0105<\/a><\/p>\n<\/td>\n<\/tr>\n<tr>\n<td>\n<p>Ankstuk\u0173 pagalbos linija<\/p>\n<p>Nemokama psichologin\u0117 pagalba<\/p>\n<\/td>\n<td>\n<p>+370 612 03 800 (I\u2013VII 00:00\u201324:00)<\/p>\n<p><a href=\"http:\/\/m.kauno.diena.lt\/cdn-cgi\/l\/email-protection#4a3a2b382b272b0a2b2421393e3f212b2364263e\" rel=\"nofollow noopener\" target=\"_blank\">Ra\u0161yti lai\u0161k\u0105<\/a><\/p>\n<\/td>\n<\/tr>\n<tr>\n<td>Vyr\u0173 linija<br \/>Emocin\u0117 parama vyrams, telefonu konsultuoja specialistai<\/td>\n<td>\n<p>+370 670 00027 (I\u2013V 10.00\u201314.00 val.)<\/p>\n<p><a href=\"https:\/\/www.vyrulinija.lt\/kontaktai\" rel=\"nofollow noopener\" target=\"_blank\">Ra\u0161yti lai\u0161k\u0105<\/a><br \/>Atsako per 72 val.<\/p>\n<\/td>\n<\/tr>\n<tr>\n<td>Pagalbos vyrams linija \u201eNelik vienas&#8221;<\/td>\n<td>\n<p>+370 604 11119 (I\u2013VII,18.00\u201322.00 val.)<\/p>\n<p><a href=\"http:\/\/m.kauno.diena.lt\/cdn-cgi\/l\/email-protection#1d6d7c7a7c717f7c5d73787174766b7478737c6e337169\" rel=\"nofollow noopener\" target=\"_blank\">Ra\u0161yti lai\u0161k\u0105<\/a><\/p>\n<p>Atsako per 72 val.<\/p>\n<\/td>\n<\/tr>\n<tr>\n<td>\n<p>T\u0117v\u0173 linija<\/p>\n<p>Emocin\u0117 parama t\u0117vams, pagalb\u0105 teikia psichologai<\/p>\n<\/td>\n<td>\n<p>+370 800 90012 (I\u2013V 9.00\u201313.00 val. ir 17.00\u201321.00 val.)<\/p>\n<p><a href=\"http:\/\/m.kauno.diena.lt\/cdn-cgi\/l\/email-protection#aadecfdcdfc6c3c4c3c0cbeadadcc984c6de\" rel=\"nofollow noopener\" target=\"_blank\">Ra\u0161yti lai\u0161k\u0105<\/a><\/p>\n<p>Konsultacija suteikiama per 7 darbo dienas<\/p>\n<\/td>\n<\/tr>\n<tr>\n<td>\n<p>Sidabrin\u0117 linija<br \/>Emocin\u0117 parama senjorams, pagalb\u0105 teikia profesional\u016bs konsultantai, reguliariai bendrauja savanoriai ir kiti senjorai<\/p>\n<p>Prireikus pagalbos, jau\u010diant poreik\u012f b\u016bti i\u0161klausytam, ar tiesiog norint susirasti bendramint\u012f nuolatiniam bendravimui telefonu, nedvejodami skambinkite nemokamu telefonu<\/p>\n<\/td>\n<td>+370 800 80020 (I\u2013V 8\u201322 val., VI\u2013VII 11\u201319 val.)<\/td>\n<\/tr>\n<p>Skambu\u010diai \u0161iais numeriais yra nemokami. Skubi psichologin\u0117 ar psichin\u0117 pagalba psichikos sveikatos centre visada suteikiama be eil\u0117s.<\/p>\n","protected":false},"excerpt":{"rendered":"Tre\u010diadienio ryte Kauno specialiosios tarnybos prad\u0117jo nakt\u012f m\u012fslingomis aplinkyb\u0117mis dingusios jaunos moters i\u0161 Domeikavos paie\u0161k\u0105. Apie tai ryte&hellip;\n","protected":false},"author":2,"featured_media":63918,"comment_status":"","ping_status":"","sticky":false,"template":"","format":"standard","meta":{"footnotes":""},"categories":[13],"tags":[25,30,31,34,35,24,32,33,37,39,36,38,40,23,22,28,29,26,27],"class_list":{"0":"post-63917","1":"post","2":"type-post","3":"status-publish","4":"format-standard","5":"has-post-thumbnail","7":"category-lietuva","8":"tag-antrastes","9":"tag-breaking-news","10":"tag-breakingnews","11":"tag-featured-news","12":"tag-featurednews","13":"tag-headlines","14":"tag-latest-news","15":"tag-latestnews","16":"tag-lietuva","17":"tag-lietuviu","18":"tag-lithuania","19":"tag-lithuanian","20":"tag-lt","21":"tag-naujienos","22":"tag-news","23":"tag-populiariausios-naujienos","24":"tag-populiariausiosnaujienos","25":"tag-top-stories","26":"tag-topstories"},"share_on_mastodon":{"url":"https:\/\/pubeurope.com\/@lt\/115734427898048982","error":""},"_links":{"self":[{"href":"https:\/\/www.europesays.com\/lt\/wp-json\/wp\/v2\/posts\/63917","targetHints":{"allow":["GET"]}}],"collection":[{"href":"https:\/\/www.europesays.com\/lt\/wp-json\/wp\/v2\/posts"}],"about":[{"href":"https:\/\/www.europesays.com\/lt\/wp-json\/wp\/v2\/types\/post"}],"author":[{"embeddable":true,"href":"https:\/\/www.europesays.com\/lt\/wp-json\/wp\/v2\/users\/2"}],"replies":[{"embeddable":true,"href":"https:\/\/www.europesays.com\/lt\/wp-json\/wp\/v2\/comments?post=63917"}],"version-history":[{"count":0,"href":"https:\/\/www.europesays.com\/lt\/wp-json\/wp\/v2\/posts\/63917\/revisions"}],"wp:featuredmedia":[{"embeddable":true,"href":"https:\/\/www.europesays.com\/lt\/wp-json\/wp\/v2\/media\/63918"}],"wp:attachment":[{"href":"https:\/\/www.europesays.com\/lt\/wp-json\/wp\/v2\/media?parent=63917"}],"wp:term":[{"taxonomy":"category","embeddable":true,"href":"https:\/\/www.europesays.com\/lt\/wp-json\/wp\/v2\/categories?post=63917"},{"taxonomy":"post_tag","embeddable":true,"href":"https:\/\/www.europesays.com\/lt\/wp-json\/wp\/v2\/tags?post=63917"}],"curies":[{"name":"wp","href":"https:\/\/api.w.org\/{rel}","templated":true}]}}