{"id":63923,"date":"2025-12-17T10:31:11","date_gmt":"2025-12-17T10:31:11","guid":{"rendered":"https:\/\/www.europesays.com\/lt\/63923\/"},"modified":"2025-12-17T10:31:11","modified_gmt":"2025-12-17T10:31:11","slug":"visoje-salyje-kauks-sirenos-bus-tikrinama-gyventoju-perspejimo-sistema","status":"publish","type":"post","link":"https:\/\/www.europesays.com\/lt\/63923\/","title":{"rendered":"Visoje \u0161alyje kauks sirenos: bus tikrinama gyventoj\u0173 persp\u0117jimo sistema"},"content":{"rendered":"<p>Patikrinimo metu visoje \u0161alyje bus \u012fjungiamos civilin\u0117s saugos sirenos, o gyventojams \u012f mobiliuosius telefonus bus siun\u010diami bandomieji persp\u0117jimo prane\u0161imai per Gyventoj\u0173 persp\u0117jimo ir informavimo sistem\u0105 (GPIS). Taip pat bus transliuojamas balsinis prane\u0161imas \u201ePersp\u0117jimo sistemos patikrinimas\u201c.<\/p>\n<p>PAGD informuoja, kad tai \u2013 planinis patikrinimas, skirtas \u012fvertinti persp\u0117jimo priemoni\u0173 technin\u0119 b\u016bkl\u0119 ir veikim\u0105. Realaus pavojaus n\u0117ra, tod\u0117l gyventoj\u0173 pra\u0161oma i\u0161likti ramiems \u2013 joki\u0173 papildom\u0173 veiksm\u0173 imtis nereikia.<\/p>\n<p>Savivaldyb\u0117se \u012fdiegtas centralizuoto valdymo persp\u0117jimo sirenas patikrinimo metu aktyvuos Prie\u0161gaisrin\u0117s apsaugos ir gelb\u0117jimo departamentas. Gyventoj\u0173 informavimas taip pat bus vykdomas per vietinius ir regioninius transliuotojus.<\/p>\n<p>Persp\u0117jimo ir informavimo sistemos patikrinimas atliekamas vadovaujantis galiojan\u010diais civilin\u0117s saugos teis\u0117s aktais ir derinamas su savivaldybi\u0173 vykdomomis civilin\u0117s saugos informavimo bei \u0161vietimo veiklomis.<\/p>\n","protected":false},"excerpt":{"rendered":"Patikrinimo metu visoje \u0161alyje bus \u012fjungiamos civilin\u0117s saugos sirenos, o gyventojams \u012f mobiliuosius telefonus bus siun\u010diami bandomieji persp\u0117jimo&hellip;\n","protected":false},"author":2,"featured_media":63924,"comment_status":"","ping_status":"","sticky":false,"template":"","format":"standard","meta":{"footnotes":""},"categories":[13],"tags":[25,30,31,34,35,24,32,33,37,39,36,38,40,23,22,28,29,26,27],"class_list":{"0":"post-63923","1":"post","2":"type-post","3":"status-publish","4":"format-standard","5":"has-post-thumbnail","7":"category-lietuva","8":"tag-antrastes","9":"tag-breaking-news","10":"tag-breakingnews","11":"tag-featured-news","12":"tag-featurednews","13":"tag-headlines","14":"tag-latest-news","15":"tag-latestnews","16":"tag-lietuva","17":"tag-lietuviu","18":"tag-lithuania","19":"tag-lithuanian","20":"tag-lt","21":"tag-naujienos","22":"tag-news","23":"tag-populiariausios-naujienos","24":"tag-populiariausiosnaujienos","25":"tag-top-stories","26":"tag-topstories"},"share_on_mastodon":{"url":"https:\/\/pubeurope.com\/@lt\/115734451504640180","error":""},"_links":{"self":[{"href":"https:\/\/www.europesays.com\/lt\/wp-json\/wp\/v2\/posts\/63923","targetHints":{"allow":["GET"]}}],"collection":[{"href":"https:\/\/www.europesays.com\/lt\/wp-json\/wp\/v2\/posts"}],"about":[{"href":"https:\/\/www.europesays.com\/lt\/wp-json\/wp\/v2\/types\/post"}],"author":[{"embeddable":true,"href":"https:\/\/www.europesays.com\/lt\/wp-json\/wp\/v2\/users\/2"}],"replies":[{"embeddable":true,"href":"https:\/\/www.europesays.com\/lt\/wp-json\/wp\/v2\/comments?post=63923"}],"version-history":[{"count":0,"href":"https:\/\/www.europesays.com\/lt\/wp-json\/wp\/v2\/posts\/63923\/revisions"}],"wp:featuredmedia":[{"embeddable":true,"href":"https:\/\/www.europesays.com\/lt\/wp-json\/wp\/v2\/media\/63924"}],"wp:attachment":[{"href":"https:\/\/www.europesays.com\/lt\/wp-json\/wp\/v2\/media?parent=63923"}],"wp:term":[{"taxonomy":"category","embeddable":true,"href":"https:\/\/www.europesays.com\/lt\/wp-json\/wp\/v2\/categories?post=63923"},{"taxonomy":"post_tag","embeddable":true,"href":"https:\/\/www.europesays.com\/lt\/wp-json\/wp\/v2\/tags?post=63923"}],"curies":[{"name":"wp","href":"https:\/\/api.w.org\/{rel}","templated":true}]}}