{"id":63927,"date":"2025-12-17T10:42:10","date_gmt":"2025-12-17T10:42:10","guid":{"rendered":"https:\/\/www.europesays.com\/lt\/63927\/"},"modified":"2025-12-17T10:42:10","modified_gmt":"2025-12-17T10:42:10","slug":"orbanas-sako-gaves-putino-pazada","status":"publish","type":"post","link":"https:\/\/www.europesays.com\/lt\/63927\/","title":{"rendered":"Orbanas sako gav\u0119s Putino pa\u017ead\u0105"},"content":{"rendered":"<p>L\u0117ktuve pakeliui \u012f Briusel\u012f V. Orbanas sak\u0117 para\u0161\u0119s lai\u0161k\u0105 V. Putinui, kuriame teiravosi, koki\u0105 reakcij\u0105 Rusija planuoja, jei Briuselis nuspr\u0119st\u0173 panaudoti Rusijos turt\u0105 \u201ereparacijos paskolai\u201c Ukrainai, ir ar bus atsi\u017evelgta \u012f pavieni\u0173 valstybi\u0173 nari\u0173 pozicij\u0105.<\/p>\n<p>V. Orbanas teigia gav\u0119s atsakym\u0105, kad Rusijos atsakas \u201ebus grie\u017etas\u201c, bet bus atsi\u017evelgta \u012f atskir\u0173 \u0161ali\u0173 nuomon\u0119 \u0161iuo klausimu.<\/p>\n<p>Vengrijos ministras pirmininkas pakartojo, kad jo \u0161alis nepritaria tam, kad Europos S\u0105junga panaudot\u0173 \u012f\u0161aldyt\u0105 Rusijos turt\u0105, nes tai b\u016bt\u0173 \u201enaujas eskalacijos lygis\u201c.<\/p>\n<p>Socialinio tinklo \u201eX\u201c paskyroje V. Orbanas taip pat para\u0161\u0117, kad Europos S\u0105junga \u201ei\u0161 Vengrijos at\u0117m\u0117 jos teises\u201c ir pa\u017eeid\u0117 \u201elojalaus bendradarbiavimo princip\u0105\u201c diskusijose d\u0117l sankcij\u0173, tod\u0117l Vengrija \u201edaugiau j\u0173 nebelaikys \u012fpareigojan\u010diomis\u201c.<\/p>\n<p>EK pirminink\u0117: artimiausios dienos bus lemiamos siekiant i\u0161laikyti Ukrainos finansavim\u0105<\/p>\n<p>Europos Komisijos (EK) pirminink\u0117 Ursula von der Leyen tre\u010diadien\u012f parei\u0161k\u0117, kad Europos S\u0105junga (ES) \u0161i\u0105 savait\u0119 vyksian\u010diame svarbiame vir\u0161\u016bni\u0173 susitikime turi priimti sprendim\u0105 d\u0117l Ukrainos finansavimo, lyderiams patiriant spaudim\u0105 susitarti d\u0117l \u012f\u0161aldyto Rusijos turto panaudojimo plano.<\/p>\n<p>\u201eN\u0117ra svarbesnio Europos gynybos veiksmo nei parama Ukrainos gynybai. Artimiausios dienos bus lemiamos siekiant tai u\u017etikrinti, mes turime pasirinkti, kaip finansuoti Ukrainos kov\u0105\u201c, \u2013 bloko \u012fstatym\u0173 leid\u0117jams sak\u0117 U. von der Leyen.<\/p>\n<p>\u201eMes suprantame skub\u0105. Tai labai svarbu. Mes visi tai jau\u010diame. Mes visi tai matome\u201c, \u2013 tvirtino ji.<\/p>\n<p>U. von der Leyen siekia \u012fgyvendinti plan\u0105, kuriame numatyta panaudoti \u012f\u0161aldyt\u0105 Rusijos centrinio banko turt\u0105, jog b\u016bt\u0173 galima per ateinan\u010dius dvejus metus Kyjivui suteikti 90 mlrd. eur\u0173 dyd\u017eio paskol\u0105. Vis d\u0117lto tokiam \u017eingsniui ar\u0161iai prie\u0161inasi Belgija, kurios jurisdikcijoje saugoma did\u017eioji \u0161i\u0173 l\u0117\u0161\u0173 dalis.<\/p>\n<p>Belgija baiminasi, kad d\u0117l \u0161ios schemos jos gali laukti Rusijos atsakomieji veiksmai, ir primygtinai reikalauja tvirt\u0173 garantij\u0173, jog kitos ES valstyb\u0117s pasidalys rizika. Bandymai nuraminti Belgijos vyriausyb\u0119 kol kas nepad\u0117jo i\u0161eiti i\u0161 aklaviet\u0117s, tad ketvirtadien\u012f prasid\u0117sian\u010diame vir\u0161\u016bni\u0173 susitikime gali laukti gin\u010d\u0173 maratonas.<\/p>\n<p>Kiti ES lyderiai teori\u0161kai gal\u0117t\u0173 apeiti Belgij\u0105 ir prastumti \u0161i\u0105 iniciatyv\u0105 bals\u0173 dauguma, ta\u010diau tai b\u016bt\u0173 \u201ebranduolinis\u201c sprendimas, kur\u012f kol kas tik nedaugelis laiko tik\u0117tinu. <\/p>\n<p>EK pasi\u016bl\u0117 galim\u0105 atsargin\u012f plan\u0105, pagal kur\u012f ES pati surinkt\u0173 pinigus, kurie b\u016bt\u0173 skolinami Ukrainai. Pasak diplomat\u0173, \u0161i schema, regis, yra pasmerkta \u017elugti, nes jai reikalingas vieningas 27 ES lyderi\u0173 pritarimas, o Vengrija toki\u0105 galimyb\u0119 atmet\u0117.<\/p>\n<p>\u201eTur\u0117sime nuspr\u0119sti, kuriuo keliu norime pasukti, ta\u010diau vienas dalykas yra labai ai\u0161kus \u2013 mes turime priimti sprendim\u0105 finansuoti Ukrain\u0105\u201c, \u2013 pa\u017eym\u0117jo U. von der Leyen.<\/p>\n<p>\u201eTai taip pat susij\u0119 su Ukrainos geb\u0117jimo u\u017etikrinti reali\u0105, teising\u0105, ilgalaik\u0119 ir Ukrain\u0105 bei Europ\u0105 saugan\u010di\u0105 taik\u0105, sustiprinimu\u201c, \u2013 nurod\u0117 ji. <\/p>\n","protected":false},"excerpt":{"rendered":"L\u0117ktuve pakeliui \u012f Briusel\u012f V. Orbanas sak\u0117 para\u0161\u0119s lai\u0161k\u0105 V. Putinui, kuriame teiravosi, koki\u0105 reakcij\u0105 Rusija planuoja, jei&hellip;\n","protected":false},"author":2,"featured_media":63928,"comment_status":"","ping_status":"","sticky":false,"template":"","format":"standard","meta":{"footnotes":""},"categories":[15],"tags":[25,30,31,34,35,24,121,32,33,37,39,36,38,40,23,22,44,28,29,26,27,331,120,74,75,76],"class_list":{"0":"post-63927","1":"post","2":"type-post","3":"status-publish","4":"format-standard","5":"has-post-thumbnail","7":"category-pasaulis","8":"tag-antrastes","9":"tag-breaking-news","10":"tag-breakingnews","11":"tag-featured-news","12":"tag-featurednews","13":"tag-headlines","14":"tag-karas-ukrainoje","15":"tag-latest-news","16":"tag-latestnews","17":"tag-lietuva","18":"tag-lietuviu","19":"tag-lithuania","20":"tag-lithuanian","21":"tag-lt","22":"tag-naujienos","23":"tag-news","24":"tag-pasaulis","25":"tag-populiariausios-naujienos","26":"tag-populiariausiosnaujienos","27":"tag-top-stories","28":"tag-topstories","29":"tag-viktoras-orbanas","30":"tag-vladimiras-putinas","31":"tag-world","32":"tag-world-news","33":"tag-worldnews"},"share_on_mastodon":{"url":"https:\/\/pubeurope.com\/@lt\/115734495252403762","error":""},"_links":{"self":[{"href":"https:\/\/www.europesays.com\/lt\/wp-json\/wp\/v2\/posts\/63927","targetHints":{"allow":["GET"]}}],"collection":[{"href":"https:\/\/www.europesays.com\/lt\/wp-json\/wp\/v2\/posts"}],"about":[{"href":"https:\/\/www.europesays.com\/lt\/wp-json\/wp\/v2\/types\/post"}],"author":[{"embeddable":true,"href":"https:\/\/www.europesays.com\/lt\/wp-json\/wp\/v2\/users\/2"}],"replies":[{"embeddable":true,"href":"https:\/\/www.europesays.com\/lt\/wp-json\/wp\/v2\/comments?post=63927"}],"version-history":[{"count":0,"href":"https:\/\/www.europesays.com\/lt\/wp-json\/wp\/v2\/posts\/63927\/revisions"}],"wp:featuredmedia":[{"embeddable":true,"href":"https:\/\/www.europesays.com\/lt\/wp-json\/wp\/v2\/media\/63928"}],"wp:attachment":[{"href":"https:\/\/www.europesays.com\/lt\/wp-json\/wp\/v2\/media?parent=63927"}],"wp:term":[{"taxonomy":"category","embeddable":true,"href":"https:\/\/www.europesays.com\/lt\/wp-json\/wp\/v2\/categories?post=63927"},{"taxonomy":"post_tag","embeddable":true,"href":"https:\/\/www.europesays.com\/lt\/wp-json\/wp\/v2\/tags?post=63927"}],"curies":[{"name":"wp","href":"https:\/\/api.w.org\/{rel}","templated":true}]}}