{"id":63929,"date":"2025-12-17T10:43:20","date_gmt":"2025-12-17T10:43:20","guid":{"rendered":"https:\/\/www.europesays.com\/lt\/63929\/"},"modified":"2025-12-17T10:43:20","modified_gmt":"2025-12-17T10:43:20","slug":"atsisiusti-ankstesnio-darbdavio-duomenys-gali-kainuoti-kone-44-000-eur","status":"publish","type":"post","link":"https:\/\/www.europesays.com\/lt\/63929\/","title":{"rendered":"Atsisi\u0173sti ankstesnio darbdavio duomenys gali kainuoti kone 44.000 Eur"},"content":{"rendered":"<p class=\"content-paragraph\">Tod\u0117l Martynas Valan\u010dius, dabar pristatomas kaip statybos UAB KRS vadovas, bendrovei tur\u0117t\u0173 sumok\u0117ti 43.600 Eur baud\u0105. Taip nusprend\u0117 Kauno apygardos teismas, suma\u017ein\u0119s i\u0161 prad\u017ei\u0173 Vilniaus miesto apylink\u0117s teismo skirt\u0105 55.375 Eur baud\u0105.<\/p>\n<p class=\"content-paragraph\">M. Valan\u010dius \u201eInfes\u201c dirbo nuo 2022 m. rugpj\u016b\u010dio iki 2024 m. baland\u017eio. Nuo 2023 m. gruod\u017eio jis \u0117jo statybos direktoriaus pavaduotojo projekt\u0173 valdymui pareigas.<\/p>\n<p class=\"content-paragraph\">Arvydas Markevi\u010dius, \u201eInfes\u201c generalinis direktorius, ai\u0161kina, kad galim\u0105 informacijos pasisavinim\u0105 nustat\u0117 po to, kai darbuotojas i\u0161\u0117jo i\u0161 darbo.<\/p>\n<p class=\"content-paragraph\">\u201ePaskutin\u0119 darbo dien\u0105 jis gr\u0105\u017eino \u012fmon\u0117s i\u0161duot\u0105 kompiuter\u012f visi\u0161kai i\u0161valyt\u0105, su atkurtais gamykliniais parametrais, nors tokio reikalavimo nebuvo. Tai suk\u0117l\u0117 \u012ftarim\u0105, tod\u0117l buvo inicijuotas IT auditas. Nustat\u0117me, kad konfidenciali\u0173 duomen\u0173 atsisiuntimo apimtis reik\u0161mingai padid\u0117jo 2024 m. kov\u0105 ir baland\u012f. Iki tol tokio masto duomen\u0173 siuntimo nebuvo, be to, sutapo su laikotarpiu, kai jis jau buvo apsisprend\u0119s palikti \u201eInfes\u201c ir pereiti dirbti \u012f kit\u0105 \u012fmon\u0119\u201c, \u2013 kalba A. Markevi\u010dius.<\/p>\n<p class=\"content-paragraph\">Pasak jo, i\u0161 prad\u017ei\u0173 \u012fmon\u0117 band\u0117 su buvusiu darbuotoju i\u0161siai\u0161kinti situacij\u0105, pra\u0161\u0117 gr\u0105\u017einti atsisi\u0173stus dokumentus, ta\u010diau nepavykus susitarti kreip\u0117si \u012f teism\u0105.<\/p>\n<p class=\"content-paragraph\">M. Valan\u010dius V\u017d sako, kad situacij\u0105 vertina kaip buvusio darbdavio ker\u0161t\u0105\u00a0d\u0117l par\u0117jimo dirbti \u012f konkuruojan\u010di\u0105 \u012fmon\u0119, ir rengiasi sk\u0173sti nutart\u012f.<\/p>\n<p class=\"content-paragraph\">M. Valan\u010dius \u012fmon\u0117s puslapyje pristatomas kaip bendrov\u0117s direktorius, ta\u010diau, Registr\u0173 centro duomenimis, bendrovei vadovauja Paulius Grigas.\u00a0<\/p>\n<p>                                                                                                                                                                Siunt\u0117si ilgai ir dideliais kiekiais<\/p>\n<p class=\"content-paragraph\">Apylink\u0117s teismas sprend\u0117, kad M. Valan\u010dius atsisiunt\u0117 ir negr\u0105\u017eino bei su\u017einot\u0105 konfidenciali\u0105 informacij\u0105 atskleid\u0117 bei panaudojo KRS naudai ir interesais dalyvauti pastat\u0173 statybos vie\u0161uosiuose pirkimuose, nors iki tol bendrov\u0117 dirbo su infrastrukt\u016bros projektais.<\/p>\n<blockquote>\n<p>M. Valan\u010dius tur\u0117jo prieig\u0105 prie \u201eInfes\u201c duomen\u0173 baz\u0117s, dokumentus siunt\u0117si ilgai ir dideliais kiekiais, negal\u0117jo pagr\u012fsti toki\u0173 veiksm\u0173 prie\u017eas\u010di\u0173, kompiuter\u012f darbdaviui gr\u0105\u017eino su atkurtais parametrais, kad neb\u016bt\u0173 galima nustatyti, ar atsisi\u0173sta informacija buvo v\u0117liau perra\u0161yta \u012f kitas laikmenas, netiesiogiai patvirtina, kad jis duomenis atsisiunt\u0117 ne darbo funkcijoms, ta\u010diau tur\u0117damas tiksl\u0105 j\u0105 panaudoti kito asmens interesais, \u2013 ai\u0161kino pirmosios instancijos teismas.<\/p>\n<\/blockquote>\n<p class=\"content-paragraph\">\u0160\u012f teismo sprendim\u0105 M. Valan\u010dius apskund\u0117. Jis negin\u010dijo, kad atsisiunt\u0117 didel\u012f kiek\u012f \u201eInfes\u201c duomen\u0173, ta\u010diau ai\u0161kino, jog informacija buvo reikalinga jo funkcijoms atlikti.<\/p>\n<p class=\"content-paragraph\">Jo teigimu, \u201eInfes\u201c nepateik\u0117 jam pareigini\u0173 nuostat\u0173, tod\u0117l teismas ir negal\u0117jo nustatyti, kokios buvo jo darbo funkcijos ir koki\u0173 duomen\u0173 jam gal\u0117jo prireikti. Taip pat M. Valan\u010dius k\u0117l\u0117 dokument\u0173 vertingumo klausim\u0105, nurod\u0117, kad dokumentai komercin\u0117s, informacin\u0117s vert\u0117s netur\u0117jo, tod\u0117l j\u0173 panaudoti kitoje \u012fmon\u0117je ir negal\u0117jo.<\/p>\n<p class=\"content-paragraph\">Kaip nustat\u0117 teismas, M. Valan\u010dius atsisiunt\u0117 vie\u0161\u0173j\u0173 pirkim\u0173 pasi\u016blym\u0173 rengimo did\u017ei\u0105sias knygas, i\u0161 kuri\u0173 matyti, kaip skai\u010diuojama pasi\u016blym\u0173 kaina, subrangov\u0173, partneri\u0173, tiek\u0117j\u0173 kainas ir kontaktus, savikainos ir pasi\u016blym\u0173 kainos skai\u010diavimo metodik\u0105, personalo dokumentus, tvarkas, \u0161ablonus, ISO dokumentacij\u0105.<\/p>\n<blockquote>\n<p>\u0160i informacija \u012fvertinta kaip konfidenciali, ji n\u0117ra vie\u0161ai prieinama, o susipa\u017einus netampa darbuotojo geb\u0117jim\u0173 ar kompetencijos dalimi. Pa\u017eym\u0117tina, kad M. Valan\u010diaus pozicija yra prie\u0161taringa, nes jis teigia, kad informacija yra nevertinga, bet siunt\u0117si j\u0105, nors su jo darbo pareigomis tai buvo nesusij\u0119, \u2013 teig\u0117 teismas.<\/p>\n<\/blockquote>\n<p class=\"content-paragraph\">Nors M. Valan\u010dius nesutiko, kad konfidenciali\u0105 informacij\u0105 jis perdav\u0117 KRS, teismas nustat\u0117, kad duomen\u0173 atsisiuntimo apimtis padid\u0117jo tuomet, kai jis jau buvo apsisprend\u0119s i\u0161eiti i\u0161 darbo.<\/p>\n<p class=\"content-paragraph\">\u201eKRS, kaip ir \u201eInfes\u201c, dalyvavo Lietuvos sveikatos moksl\u0173 universiteto, Vilniaus universiteto ligonin\u0117s Santaros klinik\u0173 bei Lietuvos did\u017eiojo kunigaik\u0161\u010dio K\u0119stu\u010dio p\u0117stinink\u0173 bataliono skelbtuose rangos konkursuose. J\u0173 pasiruo\u0161imo med\u017eiag\u0105, skai\u010diavimus, pasi\u016blym\u0173 did\u017ei\u0105sias knygas M. Valan\u010dius siunt\u0117si i\u0161 \u201eInfes\u201c serverio, nors su \u0161iais objektais nedirbo\u201c, \u2013 ai\u0161kino teismas.<\/p>\n<p>                                                                                                                                                                Naudojo savo reikm\u0117ms<\/p>\n<p class=\"content-paragraph\">M. Valan\u010dius V\u017d teigia, kad \u0161\u012f konflikt\u0105 nagrin\u0117jo ir Darbo gin\u010d\u0173 komisija, kuri buvo atmetusi \u201eInfes\u201c reikalavimus, tod\u0117l jis nesupranta, kod\u0117l teismas pri\u0117m\u0117 prie\u0161ing\u0105 sprendim\u0105.<\/p>\n<p class=\"content-paragraph\">\u201eJokio pa\u017eeidimo nepadariau ir joki\u0173 konfidenciali\u0173 duomen\u0173 neatskleid\u017eiau \u2013 neigiamas sprendimas mano at\u017evilgiu priimtas tik tod\u0117l, kad nutraukus darbo sutart\u012f gr\u0105\u017einau kompiuter\u012f su i\u0161valytais duomenimis, kur\u012f naudojau ir asmeniniais tikslais, tod\u0117l buvo lik\u0119 mano prisijungimai bei asmeniniai duomenys, o ir kompiuterio gr\u0105\u017einimo tvarka nebuvo nustatyta\u201c, \u2013 kalba M. Valan\u010dius.<\/p>\n<p class=\"content-paragraph\">Jis sako, kad \u201eInfes\u201c, pakeitusi jo pareigas \u012f statybos direktoriaus pavaduotojo, \u012fpareigojo j\u012f atlikti u\u017eduotis, kurioms reik\u0117jo papildomos informacijos.<\/p>\n<p class=\"content-paragraph\">\u201eDarbdavys nebuvo pareng\u0119s pareigini\u0173 nuostat\u0173, kurie bent kiek ribot\u0173 mano atsakomybes bei pareigas. Tad \u0161iandien esu nubaustas u\u017e tai, kad atlikau pavestas u\u017eduotis ir siekiau tinkamai vykdyti naujai suteiktas pareigas.\u00a0Esant tokiai situacijai, bet kuris darbuotojas ateityje tur\u0117t\u0173 ne tik atsiklausti leidimo prie\u0161 susipa\u017eindamas su bet kokia dokumentacija, bet ir reikalauti ra\u0161ti\u0161ko patvirtinimo, nes, prie\u0161ingu atveju, kyla reali gr\u0117sm\u0117 b\u016bti apkaltintam tuo, kad susipa\u017einta su \u201eper daug\u201c informacijos\u201c, \u2013 mano KRS vadovas.<\/p>\n<p class=\"content-paragraph\">A. Markevi\u010dius ai\u0161kina, kad \u0161i\u0105 istorij\u0105, nors atvejis ir nebuvo susij\u0119s su technologin\u0117mis spragomis, vertina kaip pamok\u0105.<\/p>\n<p class=\"content-paragraph\">\u201e\u012emon\u0117je jau atlikta prieig\u0173 ir teisi\u0173 per\u017ei\u016bra, nustatyti papildomi apribojimai dirbant su konfidencialiais duomenimis, sustiprintos IT saugumo priemon\u0117s. Taip pat atnaujintos vidin\u0117s taisykl\u0117s, \u012fgyvendintas IT sistem\u0173 konsolidavimas, vykdomi darbuotoj\u0173 mokymai, taikomos priemon\u0117s, leid\u017eian\u010dios realiuoju laiku steb\u0117ti sistemas ir operatyviai reaguoti \u012f galimus incidentus. Papildomai sutartyse su tiek\u0117jais numatyta galimyb\u0117 inicijuoti IT saugumo patikrinimus\u201c, \u2013 sako \u201eInfes\u201c direktorius.<\/p>\n<p>                                                                                                                                                                <a href=\"https:\/\/www.europesays.com\/lt\/wp-content\/uploads\/2025\/12\/Exant and Infes - 0323H 2048.jpg\" target=\"_blank\" rel=\"nofollow noopener\" data-fancybox=\"nuotrauka\"><img decoding=\"async\" src=\"https:\/\/www.europesays.com\/lt\/wp-content\/uploads\/2025\/12\/Exant and Infes - 0323H 2048.jpg\" alt=\"\"\/><\/a>Arvydas Markevi\u010dius, \u201eInfes\u201c generalinis direktorius. Bendrov\u0117s nuotr.<\/p>\n<p class=\"content-paragraph\">\u201eNorime atkreipti d\u0117mes\u012f \u012f tai, koki\u0173 s\u0105moning\u0173 ir kompleksi\u0161k\u0173 nes\u0105\u017einingos konkurencijos metod\u0173 \u0161iandien pasitaiko, kaip svarbu tur\u0117ti ai\u0161kias konfidencialumo sutartis bei veikian\u010dius prevencinius mechanizmus, kurie v\u0117liau padeda laiku identifikuoti pa\u017eeidimus, apginti \u012fmon\u0117s interesus ir u\u017etikrinti s\u0105\u017einingos konkurencijos princip\u0173 laikym\u0105si\u201c, \u2013 priduria jis.<\/p>\n<p>                    <a href=\"https:\/\/www.vz.lt\/finansai\/2025\/12\/17\/ukmerges-gyvenamojo-nt-rinka-paklausa-auga-greiciau-nei-pasiula-578232\" aria-label=\"Ukmerg\u0117s gyvenamojo NT rinka: paklausa auga grei\u010diau nei pasi\u016bla\" rel=\"nofollow noopener\" target=\"_blank\"><br \/>\n                        <img loading=\"lazy\" decoding=\"async\" src=\"https:\/\/www.europesays.com\/lt\/wp-content\/uploads\/2025\/12\/bOPVTUYq-daugiabuciai-v3a-ukmergeje-vizualizacijos-002-page-0004.jpg\" width=\"600\" height=\"360\" title=\"Ukmerg\u0117je pradedamas vystyti projektas \u201eBlumo namai\u201c\" alt=\"Ukmerg\u0117je pradedamas vystyti projektas \u201eBlumo namai\u201c\"\/><br \/>\n                    <\/a><\/p>\n<p>                    <a class=\"custom\" href=\"https:\/\/www.vz.lt\/finansai\/2025\/12\/17\/ukmerges-gyvenamojo-nt-rinka-paklausa-auga-greiciau-nei-pasiula-578232\" rel=\"nofollow noopener\" target=\"_blank\"><br \/>\n                        Ukmerg\u0117s gyvenamojo NT rinka: paklausa auga grei\u010diau nei pasi\u016bla<br \/>\n                    <\/a><\/p>\n<p>Gyvenamojo nekilnojamojo turto rinkoje d\u0117mesys vis da\u017eniau krypsta ne \u012f Vilni\u0173, bet \u012f miestus, kuriuose paklausa jau susiformavusi, o pasi\u016bla jos vis dar nepasivijo. Ukmerg\u0117 \u2013 vienas i\u0161 toki\u0173 atvej\u0173. Mieste b\u016bsto ie\u0161ko tiek vietos gyventojai, tiek atvykstantys darbuotojai, ta\u010diau naujos statybos pasirinkimas iki \u0161iol buvo itin ribotas. Toks atotr\u016bkis tampa vienu pagrindini\u0173 veiksni\u0173, lemian\u010di\u0173 tiek pirk\u0117j\u0173 elgsen\u0105, tiek investuotoj\u0173 susidom\u0117jim\u0105.<\/p>\n<p>                    <a href=\"https:\/\/www.vz.lt\/statyba-ir-nt\/2025\/12\/15\/juros-miestas-pleciasi-pradeti-unikalaus-prekybos-verslo-ir-sveikatingumo-parko-antrojo-etapo-statybu-darbai-577944\" aria-label=\"\u201eJ\u016bros miestas\u201c ple\u010diasi: prad\u0117ti unikalaus prekybos, verslo ir sveikatingumo parko antrojo etapo statyb\u0173 darbai \" rel=\"nofollow noopener\" target=\"_blank\"><br \/>\n                        <img loading=\"lazy\" decoding=\"async\" src=\"https:\/\/www.europesays.com\/lt\/wp-content\/uploads\/2025\/12\/1765825029_413_24XFg8In-ukbn7bub-processed-6d27c0b2-554f-497e-8557-787c277fb82d-v1.jpeg\" width=\"600\" height=\"360\" title=\"\u201eJ\u016bros miestas\u201c.\" alt=\"\u201eJ\u016bros miestas\u201c.\"\/><br \/>\n                    <\/a><\/p>\n<p>                    <a class=\"custom\" href=\"https:\/\/www.vz.lt\/statyba-ir-nt\/2025\/12\/15\/juros-miestas-pleciasi-pradeti-unikalaus-prekybos-verslo-ir-sveikatingumo-parko-antrojo-etapo-statybu-darbai-577944\" rel=\"nofollow noopener\" target=\"_blank\"><br \/>\n                        \u201eJ\u016bros miestas\u201c ple\u010diasi: prad\u0117ti unikalaus prekybos, verslo ir sveikatingumo parko antrojo etapo statyb\u0173 darbai<br \/>\n                    <\/a><\/p>\n<p>Svarbiausiame Vakar\u0173 Lietuvos susisiekimo mazge prie Jak\u0173 \u017eiedo (Til\u017e\u0117s g. 145) spar\u010diai auga \u201eJ\u016bros miestas\u201c. \u0160iemet \u010dia jau u\u017ebaigtos pirmojo 7370 m2 ploto \u201estock-office\u201c paskirties pastato statybos, o \u0161alia jo prad\u0117jo kilti dar du pastatai, kuriuose bus \u012frengtos 3500 m2 ploto patalpos prekybai ir maitinimo, gro\u017eio, sveikatingumo bei kitoms paslaugoms. Projekt\u0105 vystan\u010di\u0173 \u201eANTAI Group\u201c atstov\u0173 teigimu, ateinan\u010diais metais numatoma ne tik u\u017ebaigti antr\u0105j\u012f \u201eJ\u016bros miesto\u201c pl\u0117tros etap\u0105, bet ir prad\u0117ti dar vieno \u201estock-office\u201c pastato statybas.<\/p>\n<p>                                                                                                                                    Svarbiausia ai\u0161kiai apsibr\u0117\u017eti<\/p>\n<p class=\"content-paragraph\">R\u016bta Globyt\u0117, advokat\u0173 profesin\u0117s bendrijos \u201eWiden Legal\u201c partner\u0117, atstovavusi \u201eInfes\u201c interesams, teigia, kad \u012fprastai bylos d\u0117l konfidenciali\u0173 duomen\u0173 atskleidimo yra sud\u0117tingos, nes darbdaviui nelengva \u012frodyti, jog darbuotojas atskleid\u0117 b\u016btent toki\u0105 informacij\u0105.<\/p>\n<p class=\"content-paragraph\">\u201eTeismai vertina vis\u0173 aplinkybi\u0173 visum\u0105 ir neretai link\u0119 laikyti, kad atskleista informacija yra \u012fg\u016bd\u017eiai ar kompetencija. Tai lemia, kad baudos n\u0117ra priteisiamos, nes darbdaviai negali \u012frodyti nei informacijos atskleidimo fakto, nei jos vertingumo. Viskas slypi detal\u0117se\u201c, \u2013 teigia ji.<\/p>\n<p class=\"content-paragraph\">Pasak advokat\u0117s, atskirti konfidenciali\u0105 informacij\u0105 nuo \u012fg\u016bd\u017ei\u0173 padeda ai\u0161kus informacijos s\u0105ra\u0161as, su kuriuo darbuotojas yra supa\u017eindinamas, priemon\u0117s jai apsaugoti.<\/p>\n<p class=\"content-paragraph\">Visgi ji nurodo, kad \u012fprastai gin\u010duose viskas priklauso nuo to, kokia informacija yra atskleista.<\/p>\n<p>                                                                                                                                                                <a href=\"https:\/\/www.europesays.com\/lt\/wp-content\/uploads\/2025\/12\/globyt\u0117.png\" target=\"_blank\" rel=\"nofollow noopener\" data-fancybox=\"nuotrauka\"><img decoding=\"async\" src=\"https:\/\/www.europesays.com\/lt\/wp-content\/uploads\/2025\/12\/globyt\u0117.png\" alt=\"\"\/><\/a>R\u016bta Globyt\u0117, advokat\u0173 kontoros \u201eWiden\u201c partner\u0117. Bendrov\u0117s nuotr.<\/p>\n<p class=\"content-paragraph\">\u201eKai darbdavys su\u017eino, kad buvo atskleista informacija, turi \u012fvertinti, kokio ji pob\u016bd\u017eio. Jei tai darbdavio taikoma tam tikra pardavim\u0173 strategija, kuri\u0105 darbuotojas naudojo kiekvien\u0105 dien\u0105 ir tai tapo jo \u012fg\u016bd\u017ei\u0173 dalimi, vargu ar gal\u0117sime laikyti, kad darbdavio naudojama pardavim\u0173 strategija yra konfidenciali informacija\u201c, \u2013 kalba advokat\u0117<\/p>\n<p class=\"content-paragraph\">Ta\u010diau, kaip pa\u017eymi R. Globyt\u0117, jei darbuotojas atskleist\u0173 konkurentui nauj\u0105 strategij\u0105, kuri sukuria kitam darbdaviui prana\u0161um\u0105, su kuria jis dar nedirbo, bet apie j\u0105 \u017eino, tuomet tai jau gal\u0117t\u0173 b\u016bti pa\u017eeidimas.<\/p>\n<p class=\"content-paragraph\">Laurynas Staniulis, advokat\u0173 profesin\u0117s bendrijos \u201eAvocad\u201c partneris, nedirb\u0119s prie \u0161io gin\u010du, antrina, kad viskas priklauso nuo to, kokio tipo informacija buvo atskleista. Jis teigia, kad jei darbuotojas, pakeit\u0119s darbdav\u012f, naudojasi informacija, kuri jam tapo \u017einoma i\u0161imtinai d\u0117l jo ankstesni\u0173 pareig\u0173, ji n\u0117ra vie\u0161ai randama, tuomet tur\u0117t\u0173 susilaikyti nuo tokios informacijos naudojimo.<\/p>\n<p class=\"content-paragraph\">Abu advokatai pataria \u012fmon\u0117ms susidaryti konfidencialios informacijos s\u0105ra\u0161us, kuriuose apsibr\u0117\u017et\u0173, k\u0105 laiko tokiais duomenimis.<\/p>\n<p class=\"content-paragraph\">\u201eDarbuotojas, nor\u0117damas apsisaugoti nuo galim\u0173 gin\u010d\u0173 ateityje, sudarydamas konfidencialumo sutart\u012f, turi \u012fsivertinti informacijos, laikomos konfidencialia, apimt\u012f ir nuspr\u0119sti, ar tokie \u012fsipareigojimai nesukels problem\u0173 ateityje kei\u010diant darb\u0105 arba nusprendus prad\u0117ti nuosav\u0105 versl\u0105\u201c, \u2013 pa\u017eymi L. Staniulis.<\/p>\n","protected":false},"excerpt":{"rendered":"Tod\u0117l Martynas Valan\u010dius, dabar pristatomas kaip statybos UAB KRS vadovas, bendrovei tur\u0117t\u0173 sumok\u0117ti 43.600 Eur baud\u0105. Taip nusprend\u0117&hellip;\n","protected":false},"author":2,"featured_media":63930,"comment_status":"","ping_status":"","sticky":false,"template":"","format":"standard","meta":{"footnotes":""},"categories":[13],"tags":[25,30,31,34,35,24,32,33,37,39,36,38,40,23,22,28,29,26,27],"class_list":{"0":"post-63929","1":"post","2":"type-post","3":"status-publish","4":"format-standard","5":"has-post-thumbnail","7":"category-lietuva","8":"tag-antrastes","9":"tag-breaking-news","10":"tag-breakingnews","11":"tag-featured-news","12":"tag-featurednews","13":"tag-headlines","14":"tag-latest-news","15":"tag-latestnews","16":"tag-lietuva","17":"tag-lietuviu","18":"tag-lithuania","19":"tag-lithuanian","20":"tag-lt","21":"tag-naujienos","22":"tag-news","23":"tag-populiariausios-naujienos","24":"tag-populiariausiosnaujienos","25":"tag-top-stories","26":"tag-topstories"},"share_on_mastodon":{"url":"https:\/\/pubeurope.com\/@lt\/115734498825302811","error":""},"_links":{"self":[{"href":"https:\/\/www.europesays.com\/lt\/wp-json\/wp\/v2\/posts\/63929","targetHints":{"allow":["GET"]}}],"collection":[{"href":"https:\/\/www.europesays.com\/lt\/wp-json\/wp\/v2\/posts"}],"about":[{"href":"https:\/\/www.europesays.com\/lt\/wp-json\/wp\/v2\/types\/post"}],"author":[{"embeddable":true,"href":"https:\/\/www.europesays.com\/lt\/wp-json\/wp\/v2\/users\/2"}],"replies":[{"embeddable":true,"href":"https:\/\/www.europesays.com\/lt\/wp-json\/wp\/v2\/comments?post=63929"}],"version-history":[{"count":0,"href":"https:\/\/www.europesays.com\/lt\/wp-json\/wp\/v2\/posts\/63929\/revisions"}],"wp:featuredmedia":[{"embeddable":true,"href":"https:\/\/www.europesays.com\/lt\/wp-json\/wp\/v2\/media\/63930"}],"wp:attachment":[{"href":"https:\/\/www.europesays.com\/lt\/wp-json\/wp\/v2\/media?parent=63929"}],"wp:term":[{"taxonomy":"category","embeddable":true,"href":"https:\/\/www.europesays.com\/lt\/wp-json\/wp\/v2\/categories?post=63929"},{"taxonomy":"post_tag","embeddable":true,"href":"https:\/\/www.europesays.com\/lt\/wp-json\/wp\/v2\/tags?post=63929"}],"curies":[{"name":"wp","href":"https:\/\/api.w.org\/{rel}","templated":true}]}}