{"id":63931,"date":"2025-12-17T10:44:08","date_gmt":"2025-12-17T10:44:08","guid":{"rendered":"https:\/\/www.europesays.com\/lt\/63931\/"},"modified":"2025-12-17T10:44:08","modified_gmt":"2025-12-17T10:44:08","slug":"australijos-policija-apkaltino-itariama-bondajaus-zudika-terorizmu-ir-15-zmogzudysciu","status":"publish","type":"post","link":"https:\/\/www.europesays.com\/lt\/63931\/","title":{"rendered":"Australijos policija apkaltino \u012ftariam\u0105 Bondajaus \u017eudik\u0105 terorizmu ir 15 \u017emog\u017eudys\u010di\u0173"},"content":{"rendered":"<p>\u201ePolicija teisme tvirtins, kad \u0161is vyras savo veiksmais suk\u0117l\u0117 mirt\u012f, sunkius su\u017eeidimus ir pavoj\u0173 gyvybei, siekdamas propaguoti religinius u\u017emojus ir sukelti baim\u0119 bendruomen\u0117je\u201c, \u2013 informavo Naujojo Piet\u0173 Velso valstijos policija.<\/p>\n<p>\u201ePirmieji po\u017eymiai liudija teroristin\u012f i\u0161puol\u012f, \u012fkv\u0117pt\u0105 ISIS, kuri Australijoje \u012ftraukta \u012f teroristini\u0173 organizacij\u0173 s\u0105ra\u0161\u0105\u201c, \u2013 parei\u0161kime nurod\u0117 policija, pavartodama kit\u0105 grupuot\u0117s \u201eIslamo valstyb\u0117\u201c pavadinim\u0105.<\/p>\n<p>Pareig\u016bnai teigia, kad N. Akramas ir jo t\u0117vas Sajidas Akramas sekmadienio vakar\u0105 paleido ugn\u012f \u017eyd\u0173 festivalyje garsiajame Sidn\u0117jaus Bondajaus papl\u016bdimyje ir pra\u017eud\u0117 15 \u017emoni\u0173, o dar keliasde\u0161imt su\u017ealojo. Tarp auk\u0173 yra 10-met\u0117 mergait\u0117, du Holokaust\u0105 i\u0161gyven\u0119 asmenys ir du sutuoktiniai, kurie buvo nu\u0161auti, kai band\u0117 su\u017elugdyti i\u0161puol\u012f.<\/p>\n<p>\u0160audyni\u0173 metu policija sunkiai su\u017eeid\u0117 N. Akram\u0105, o vietos \u017einiasklaida prane\u0161\u0117, kad antradienio vakar\u0105 jis pabudo i\u0161 komos. S. Akramas per susi\u0161audym\u0105 su policij\u0105 \u017euvo.<\/p>\n<p>Pasak policijos, N. Akramui taip pat buvo pateikta 40 kaltinim\u0173 d\u0117l sunkaus sveikatos sutrikdymo turint tiksl\u0105 nu\u017eudyti ir vie\u0161o draud\u017eiamos teroristin\u0117s organizacijos simbolio demonstravimo. N. Akramo vardu registruotame netoli papl\u016bdimio pastatytame automobilyje buvo rastos dvi savadarb\u0117s \u201eIslamo valstyb\u0117s\u201c v\u0117liavos.<\/p>\n<p>N. Akramas vis dar yra ligonin\u0117je ir tre\u010diadien\u012f stos prie\u0161 teism\u0105 garso ir vaizdo ry\u0161iu, prane\u0161\u0117 policija.<\/p>\n","protected":false},"excerpt":{"rendered":"\u201ePolicija teisme tvirtins, kad \u0161is vyras savo veiksmais suk\u0117l\u0117 mirt\u012f, sunkius su\u017eeidimus ir pavoj\u0173 gyvybei, siekdamas propaguoti religinius&hellip;\n","protected":false},"author":2,"featured_media":63932,"comment_status":"","ping_status":"","sticky":false,"template":"","format":"standard","meta":{"footnotes":""},"categories":[6],"tags":[25,356,30,31,34,35,24,32,33,37,39,36,38,40,23,22,28,29,26,27],"class_list":{"0":"post-63931","1":"post","2":"type-post","3":"status-publish","4":"format-standard","5":"has-post-thumbnail","7":"category-antrastes","8":"tag-antrastes","9":"tag-australija","10":"tag-breaking-news","11":"tag-breakingnews","12":"tag-featured-news","13":"tag-featurednews","14":"tag-headlines","15":"tag-latest-news","16":"tag-latestnews","17":"tag-lietuva","18":"tag-lietuviu","19":"tag-lithuania","20":"tag-lithuanian","21":"tag-lt","22":"tag-naujienos","23":"tag-news","24":"tag-populiariausios-naujienos","25":"tag-populiariausiosnaujienos","26":"tag-top-stories","27":"tag-topstories"},"share_on_mastodon":{"url":"","error":""},"_links":{"self":[{"href":"https:\/\/www.europesays.com\/lt\/wp-json\/wp\/v2\/posts\/63931","targetHints":{"allow":["GET"]}}],"collection":[{"href":"https:\/\/www.europesays.com\/lt\/wp-json\/wp\/v2\/posts"}],"about":[{"href":"https:\/\/www.europesays.com\/lt\/wp-json\/wp\/v2\/types\/post"}],"author":[{"embeddable":true,"href":"https:\/\/www.europesays.com\/lt\/wp-json\/wp\/v2\/users\/2"}],"replies":[{"embeddable":true,"href":"https:\/\/www.europesays.com\/lt\/wp-json\/wp\/v2\/comments?post=63931"}],"version-history":[{"count":0,"href":"https:\/\/www.europesays.com\/lt\/wp-json\/wp\/v2\/posts\/63931\/revisions"}],"wp:featuredmedia":[{"embeddable":true,"href":"https:\/\/www.europesays.com\/lt\/wp-json\/wp\/v2\/media\/63932"}],"wp:attachment":[{"href":"https:\/\/www.europesays.com\/lt\/wp-json\/wp\/v2\/media?parent=63931"}],"wp:term":[{"taxonomy":"category","embeddable":true,"href":"https:\/\/www.europesays.com\/lt\/wp-json\/wp\/v2\/categories?post=63931"},{"taxonomy":"post_tag","embeddable":true,"href":"https:\/\/www.europesays.com\/lt\/wp-json\/wp\/v2\/tags?post=63931"}],"curies":[{"name":"wp","href":"https:\/\/api.w.org\/{rel}","templated":true}]}}