{"id":63935,"date":"2025-12-17T10:49:09","date_gmt":"2025-12-17T10:49:09","guid":{"rendered":"https:\/\/www.europesays.com\/lt\/63935\/"},"modified":"2025-12-17T10:49:09","modified_gmt":"2025-12-17T10:49:09","slug":"zemaitaitis-man-geda-uz-mano-kolegas","status":"publish","type":"post","link":"https:\/\/www.europesays.com\/lt\/63935\/","title":{"rendered":"\u017demaitaitis: man g\u0117da u\u017e mano kolegas"},"content":{"rendered":"<p>\u201eA\u0161 tik galiu atsipra\u0161yti vis\u0173 Lietuvos gyventoj\u0173 Seimo vardu (\u2026). Man yra gaila ir g\u0117da u\u017e mano kolegas. Kai Seimo nariai, kurie turi ne\u0161ti atsakomyb\u0119 u\u017e savo balsuojamus sprendimus, arba registruojamus projektus, prabalsuoja u\u017e tok\u012f projekt\u0105, kad katinas arba Garfildas, arba dar koks nors Grikis, spr\u0119s, kas gali b\u016bt\u0173 direktorius\u201c, \u2013 \u017eurnalistams Seime komentavo R. \u017demaitaitis. <\/p>\n<p>\u201eMan kelia nuoskaud\u0105 ir pykt\u012f, kad mes ir m\u016bs\u0173 kolegos, Seimo nariai opozicijoje, pradeda direktori\u0173 skirstyti pagal partines linijas, metrus, auk\u0161tus, svor\u012f, kalb\u0105 ir pana\u0161iai. Manau, kad kiekvienas Lietuvos gyventojas pamat\u0117, kad j\u0173 tikslas buvo kelti chaos\u0105\u201c, \u2013 t\u0119s\u0117 jis. <\/p>\n<p>Be to, politikas svarst\u0117, jog iki i\u0161nakt\u0173 u\u017esit\u0119s\u0119 ir toliau besit\u0119siantys Seimo pos\u0117d\u017eiai brangiai kainuos mokes\u010di\u0173 mok\u0117tojams.<\/p>\n<p>\u201eFinansi\u0161kai, mums vakaryk\u0161tis pos\u0117dis tur\u0117t\u0173 kainuoti apie 17 t\u016bkst., \u0161iandien pos\u0117dis tur\u0117t\u0173 kainuoti apie 10 t\u016bkst., jeigu jie toliau \u0161itaip ty\u010diosis \u2013 bendroje sumoje, skai\u010diuoju, kad mokes\u010di\u0173 mok\u0117tojams kainuos apie 60-70 t\u016bkst.\u201c \u2013 tre\u010diadien\u012f sak\u0117 parlamentaras. <\/p>\n<p>    <img decoding=\"async\" src=\"https:\/\/www.europesays.com\/lt\/wp-content\/uploads\/2025\/12\/51217f0a-7fbd-47f7-a4f5-571b82503901.jpg\" loading=\"lazy\" alt=\"Prasid\u0117jo nenumatytas Seimo pos\u0117dis d\u0117l LRT patais\u0173\"\/>      <\/p>\n<p>Kaip skelbta, tre\u010diadien\u012f nenumatyto pos\u0117d\u017eio metu parlamentarai t\u0119sia prie\u0161taringai vertinam\u0173 LRT patais\u0173 svarstym\u0105.<\/p>\n<p>Surengti nenumatyt\u0105 pos\u0117d\u012f buvo nuspr\u0119sta antradien\u012f vakare, kai parlamentarai daugiau nei 7 valandas svarst\u0117 visuomeninio transliuotojo pataisas. Procesas u\u017esit\u0119s\u0117, nes opozicija, reaguodama \u012f valdan\u010di\u0173j\u0173 iniciatyv\u0105, registravo daugiau nei 150 pasi\u016blym\u0173, kuri\u0173 daugelis \u2013 komi\u0161ki. Parlamentarai ai\u0161kina, jog taip siekia vilkinti, j\u0173 vertinimu, yding\u0173 patais\u0173 pri\u0117mim\u0105.<\/p>\n<p>Galutinai min\u0117to \u012fstatymo pataisas Seimo nariai ketina priimti ketvirtadien\u012f.<\/p>\n<p>I\u0161 daugiau kaip 150 opozicijos registruot\u0173 pasi\u016blym\u0173 Seimas atmet\u0117 per 60. Tiesa, vienam pasi\u016blymui buvo pritarta \u2013 konservator\u0117 Dalia Asanavi\u010di\u016bt\u0117-Gru\u017eauskien\u0117 pasi\u016bl\u0117, jog LRT generalin\u012f direktori\u0173 d\u0117l nepasitik\u0117jimo i\u0161 pareig\u0173 nepasibaigus jo \u012fgaliojim\u0173 laikui galima atleisti tik tuo atveju, jei demokrat\u0117s Agn\u0117s \u0160irinskien\u0117s katinas Nuod\u0117gulis i\u0161rei\u0161kia nepasitik\u0117jim\u0105 juo.<\/p>\n<p>Antradien\u012f \u0161i\u0173 \u012fstatymo patais\u0173 svarstymo metu, prie Seimo vyko \u017eurnalist\u0173 bendruomen\u0117s organizuotos protesto akcijos. J\u0173 metu Nepriklausomyb\u0117s aik\u0161t\u0117je prie Seimo deg\u0117 lau\u017eai, susirinko keli t\u016bkstan\u010diai \u017emoni\u0173, nepritarian\u010di\u0173 valdan\u010di\u0173j\u0173 si\u016blomoms LRT pataisoms. Protest\u0105 planuojama t\u0119sti ir tre\u010diadien\u012f bei ketvirtadien\u012f.<\/p>\n<p>Valdan\u010di\u0173j\u0173 inicijuotomis skubos tvarka svarstomomis pataisomis numatoma, kad skiriant ir atleid\u017eiant LRT generalin\u012f direktori\u0173 b\u016bt\u0173 balsuojama slaptai. Be to, patvirtinus pakeitimus, visuomeninio transliuotojo generalinis direktorius gal\u0117t\u0173 b\u016bti atleistas i\u0161 pareig\u0173 i\u0161rei\u0161kus nepasitik\u0117jim\u0105 d\u0117l netinkamai vykdom\u0173 funkcij\u0173 arba Tarybai nepatvirtinus metin\u0117s veiklos ataskaitos. Tai pat u\u017e tok\u012f sprendim\u0105 tur\u0117t\u0173 balsuoti daugiau nei 1\/2 tarybos nari\u0173, t. y., bent 7 i\u0161 12.<\/p>\n","protected":false},"excerpt":{"rendered":"\u201eA\u0161 tik galiu atsipra\u0161yti vis\u0173 Lietuvos gyventoj\u0173 Seimo vardu (\u2026). Man yra gaila ir g\u0117da u\u017e mano kolegas.&hellip;\n","protected":false},"author":2,"featured_media":63936,"comment_status":"","ping_status":"","sticky":false,"template":"","format":"standard","meta":{"footnotes":""},"categories":[13],"tags":[25,30,31,34,35,24,32,33,37,39,36,38,519,40,23,355,22,28,29,128,26,27],"class_list":{"0":"post-63935","1":"post","2":"type-post","3":"status-publish","4":"format-standard","5":"has-post-thumbnail","7":"category-lietuva","8":"tag-antrastes","9":"tag-breaking-news","10":"tag-breakingnews","11":"tag-featured-news","12":"tag-featurednews","13":"tag-headlines","14":"tag-latest-news","15":"tag-latestnews","16":"tag-lietuva","17":"tag-lietuviu","18":"tag-lithuania","19":"tag-lithuanian","20":"tag-lrt","21":"tag-lt","22":"tag-naujienos","23":"tag-nemuno-ausra","24":"tag-news","25":"tag-populiariausios-naujienos","26":"tag-populiariausiosnaujienos","27":"tag-seimas","28":"tag-top-stories","29":"tag-topstories"},"share_on_mastodon":{"url":"https:\/\/pubeurope.com\/@lt\/115734522637153019","error":""},"_links":{"self":[{"href":"https:\/\/www.europesays.com\/lt\/wp-json\/wp\/v2\/posts\/63935","targetHints":{"allow":["GET"]}}],"collection":[{"href":"https:\/\/www.europesays.com\/lt\/wp-json\/wp\/v2\/posts"}],"about":[{"href":"https:\/\/www.europesays.com\/lt\/wp-json\/wp\/v2\/types\/post"}],"author":[{"embeddable":true,"href":"https:\/\/www.europesays.com\/lt\/wp-json\/wp\/v2\/users\/2"}],"replies":[{"embeddable":true,"href":"https:\/\/www.europesays.com\/lt\/wp-json\/wp\/v2\/comments?post=63935"}],"version-history":[{"count":0,"href":"https:\/\/www.europesays.com\/lt\/wp-json\/wp\/v2\/posts\/63935\/revisions"}],"wp:featuredmedia":[{"embeddable":true,"href":"https:\/\/www.europesays.com\/lt\/wp-json\/wp\/v2\/media\/63936"}],"wp:attachment":[{"href":"https:\/\/www.europesays.com\/lt\/wp-json\/wp\/v2\/media?parent=63935"}],"wp:term":[{"taxonomy":"category","embeddable":true,"href":"https:\/\/www.europesays.com\/lt\/wp-json\/wp\/v2\/categories?post=63935"},{"taxonomy":"post_tag","embeddable":true,"href":"https:\/\/www.europesays.com\/lt\/wp-json\/wp\/v2\/tags?post=63935"}],"curies":[{"name":"wp","href":"https:\/\/api.w.org\/{rel}","templated":true}]}}