{"id":63943,"date":"2025-12-17T10:55:37","date_gmt":"2025-12-17T10:55:37","guid":{"rendered":"https:\/\/www.europesays.com\/lt\/63943\/"},"modified":"2025-12-17T10:55:37","modified_gmt":"2025-12-17T10:55:37","slug":"kasciunas-lietuva-nekeis-ribojimu-baltarusijos-trasoms-net-jei-jav-naikina-sankcijas","status":"publish","type":"post","link":"https:\/\/www.europesays.com\/lt\/63943\/","title":{"rendered":"Kas\u010di\u016bnas: Lietuva nekeis ribojim\u0173 Baltarusijos tr\u0105\u0161oms, net jei JAV naikina sankcijas"},"content":{"rendered":"\n<p>\u201eJeigu jos (sankcijos \u2013 ELTA) bus prat\u0119stos <a href=\"https:\/\/www.tv3.lt\/rubrika\/naujienos\/uzsienis\/europa\" target=\"_blank\" class=\"phrase\" rel=\"nofollow noopener\">Europos<\/a> S\u0105jungoje, jos bus prat\u0119stos ir niekas nesikei\u010dia. Jeigu Europos S\u0105jungos sankcijos kei\u010diasi, pavyzd\u017eiui, jos nebus prat\u0119stos, nepamir\u0161kime, kad tai yra Lietuvos ir teismo sprendimas \u2013 ne tik Vyriausyb\u0117s sprendimas, bet ir teismo sprendimas. Tai galimyb\u0117 \u010dia ka\u017ek\u0105 labai keisti yra minimali. Tai labai ai\u0161kiai reikia pasakyti\u201c, \u2013 \u017eurnalistams Seime antradien\u012f sak\u0117 L. Kas\u010di\u016bnas.<\/p>\n<p>Taip pat, anot jo, labai svarbu visus su sankcijomis susijusius sprendimus vertinti per j\u0173 darom\u0105 \u012ftak\u0105 Lietuvos nacionaliniam saugumui.<\/p>\n<p>\u201eMes turime labai ai\u0161kiai atskirti, kur yra amerikieti\u0161ka diplomatija, amerikieti\u0161kas takelis, o kur yra Europos S\u0105junga ir Lietuvos pozicija, Lietuvos nacionalinis saugumas, susij\u0119s su tuo, kad yra labai daug lobistini\u0173 grupi\u0173 proluka\u0161enkini\u0173 grupi\u0173, kurios nori, kad tas tranzito palengvinimas atsirast\u0173 <a href=\"https:\/\/www.tv3.lt\/rubrika\/naujienos\/lietuva\" target=\"_blank\" class=\"phrase\" rel=\"nofollow noopener\">Lietuvoje\u201c<\/a>, \u2013 akcentavo L. Kas\u010di\u016bnas.<\/p>\n<p>\u201eTai \u0161ioje vietoje mes tur\u0117sime vertinti Lietuvos nacionalinio saugumo po\u017ei\u016briu ir a\u0161 tikiuosi, kad mes b\u016bsime tvirti\u201c, \u2013 prid\u016br\u0117 jis.<\/p>\n<p>Kaip jau buvo skelbta, \u0161e\u0161tadien\u012f JAV specialusis pasiuntinys Baltarusijoje Johnas Coale\u2018as prane\u0161\u0117, kad Jungtin\u0117s Valstijos naikina sankcijas Baltarusijos kalio eksportui. Jis taip pat pa\u017eym\u0117jo, kad diskusijos d\u0117l sankcij\u0173 bus t\u0119siamos ir toliau.<\/p>\n<p>Buvusio JAV prezidento Joe Bideno administracija sankcijas Baltarusijos kalio tr\u0105\u0161oms \u012fved\u0117 2021 m. \u2013 pra\u0117jus metams po Baltarusijos prezidento rinkim\u0173, kuriuos neteis\u0117tai laim\u0117jo Aliaksandras\u00a0Luka\u0161enka.<\/p>\n<p><a href=\"https:\/\/www.indeliai.lt\/\" target=\"_blank\" rel=\"nofollow noopener\"><img decoding=\"async\" alt=\"indeliai.lt\" src=\"https:\/\/www.europesays.com\/lt\/wp-content\/uploads\/2025\/12\/1765299134_26_Indeliainew.jpg\" style=\"width: 100%; max-height: 250px; max-width: 800px\" \/><\/a><\/p>\n","protected":false},"excerpt":{"rendered":"\u201eJeigu jos (sankcijos \u2013 ELTA) bus prat\u0119stos Europos S\u0105jungoje, jos bus prat\u0119stos ir niekas nesikei\u010dia. Jeigu Europos S\u0105jungos&hellip;\n","protected":false},"author":2,"featured_media":63944,"comment_status":"","ping_status":"","sticky":false,"template":"","format":"standard","meta":{"footnotes":""},"categories":[13],"tags":[14826,25,30,31,57,43,34,35,55,48,24,54,51,49,50,32,33,37,39,36,38,40,45,23,22,44,28,29,53,42,56,47,26,27,41,46,58,52],"class_list":{"0":"post-63943","1":"post","2":"type-post","3":"status-publish","4":"format-standard","5":"has-post-thumbnail","7":"category-lietuva","8":"tag-2025-12-16-122302","9":"tag-antrastes","10":"tag-breaking-news","11":"tag-breakingnews","12":"tag-daiktai","13":"tag-dienos-kronika","14":"tag-featured-news","15":"tag-featurednews","16":"tag-gatves-tekstai","17":"tag-gyvenimas","18":"tag-headlines","19":"tag-interneto-pievos","20":"tag-keliones","21":"tag-kultura","22":"tag-laisvalaikis","23":"tag-latest-news","24":"tag-latestnews","25":"tag-lietuva","26":"tag-lietuviu","27":"tag-lithuania","28":"tag-lithuanian","29":"tag-lt","30":"tag-mokslas-ir-it","31":"tag-naujienos","32":"tag-news","33":"tag-pasaulis","34":"tag-populiariausios-naujienos","35":"tag-populiariausiosnaujienos","36":"tag-projektai","37":"tag-rinktiniai-tekstai","38":"tag-simtmecio-portalas","39":"tag-sportas","40":"tag-top-stories","41":"tag-topstories","42":"tag-tv3-lt","43":"tag-verslas","44":"tag-video","45":"tag-zaidimai"},"share_on_mastodon":{"url":"","error":"Validation failed: Text character limit of 500 exceeded"},"_links":{"self":[{"href":"https:\/\/www.europesays.com\/lt\/wp-json\/wp\/v2\/posts\/63943","targetHints":{"allow":["GET"]}}],"collection":[{"href":"https:\/\/www.europesays.com\/lt\/wp-json\/wp\/v2\/posts"}],"about":[{"href":"https:\/\/www.europesays.com\/lt\/wp-json\/wp\/v2\/types\/post"}],"author":[{"embeddable":true,"href":"https:\/\/www.europesays.com\/lt\/wp-json\/wp\/v2\/users\/2"}],"replies":[{"embeddable":true,"href":"https:\/\/www.europesays.com\/lt\/wp-json\/wp\/v2\/comments?post=63943"}],"version-history":[{"count":0,"href":"https:\/\/www.europesays.com\/lt\/wp-json\/wp\/v2\/posts\/63943\/revisions"}],"wp:featuredmedia":[{"embeddable":true,"href":"https:\/\/www.europesays.com\/lt\/wp-json\/wp\/v2\/media\/63944"}],"wp:attachment":[{"href":"https:\/\/www.europesays.com\/lt\/wp-json\/wp\/v2\/media?parent=63943"}],"wp:term":[{"taxonomy":"category","embeddable":true,"href":"https:\/\/www.europesays.com\/lt\/wp-json\/wp\/v2\/categories?post=63943"},{"taxonomy":"post_tag","embeddable":true,"href":"https:\/\/www.europesays.com\/lt\/wp-json\/wp\/v2\/tags?post=63943"}],"curies":[{"name":"wp","href":"https:\/\/api.w.org\/{rel}","templated":true}]}}