{"id":63947,"date":"2025-12-17T10:57:37","date_gmt":"2025-12-17T10:57:37","guid":{"rendered":"https:\/\/www.europesays.com\/lt\/63947\/"},"modified":"2025-12-17T10:57:37","modified_gmt":"2025-12-17T10:57:37","slug":"is-jono-sakalausko-ypatinga-zinia","status":"publish","type":"post","link":"https:\/\/www.europesays.com\/lt\/63947\/","title":{"rendered":"I\u0161 Jono Sakalausko \u2013 ypatinga \u017einia"},"content":{"rendered":"\n<p style=\"text-align:justify\">Scenoje \u2013 kur kas daugiau nei dar viena pasakos inscenizacija <\/p>\n<p style=\"text-align:justify\">Po s\u0117kmingos miuziklo visai \u0161eimai \u201eMa\u017easis Princas\u201c premjeros kompozitorius ir operos solistas <a href=\"https:\/\/www.tv3.lt\/gaires\/jonas-sakalauskas\" target=\"_blank\" rel=\"nofollow noopener\">Jonas Sakalauskas<\/a> su \u201eNaujosios operos\u201c komanda \u017eengia \u012f dar vien\u0105 k\u016brybin\u012f projekt\u0105. Menininko teigimu, \u201eSnieguol\u0117 ir septyni nyk\u0161tukai\u201c \u2013 auk\u0161\u010diausio lygio <a href=\"https:\/\/www.tv3.lt\/rubrika\/naujienos\/lietuva\" target=\"_blank\" class=\"phrase\" rel=\"nofollow noopener\">Lietuvos<\/a> k\u016br\u0117j\u0173 darbas, tampantis puikia alternatyva tradiciniams \u017eiemos baletams, tokiems kaip \u201eSpragtukas\u201c.<\/p>\n<p>Jono Sakalausko premjera &#8211; \u0161iuolaikinis baletas <\/p>\n<p>(10 nuotr.) <a style=\"height: 63vw;\" itemprop=\"contentUrl\" data-size=\"0x0\" href=\"#gid=116521&amp;pid=1\" data-href=\"https:\/\/static4.inspektorius.lt\/usi\/800x600\/2\/bf\/c8\/39\/bfc8394e1656cf52ae9344b605488a5a.jpg?v=4.2.7.303&amp;t=cr&amp;s=800x600&amp;m=2&amp;f=\/Uploads\/UGallery\/photos\/f0\/35\/1e\/34\/f0351e34447eb23369f2f3072f1950a5.jpg\" rel=\"nofollow\" target=\"_blank\"><img decoding=\"async\" style=\"height: 63vw; object-fit: cover;\" itemprop=\"thumbnail\" class=\"newsPhoto300 landscape\" id=\"imgid-116521-2608714\" alt=\"1\" src=\"https:\/\/www.europesays.com\/lt\/wp-content\/uploads\/2025\/12\/f0351e34447eb23369f2f3072f1950a5.jpg\" title=\"Jono Sakalausko premjera - \u0161iuolaikinis baletas  (nuotr. Organizatori\u0173)\" loading=\"lazy\" \/> <\/a> <\/p>\n<p>Jono Sakalausko premjera &#8211; \u0161iuolaikinis baletas  (nuotr. Organizatori\u0173)<\/p>\n<p>  <a itemprop=\"contentUrl\" data-size=\"0x0\" href=\"#gid=116521&amp;pid=2\" data-href=\"https:\/\/static4.inspektorius.lt\/usi\/800x600\/2\/f0\/a3\/8e\/f0a38e9a127763d35f9174e1266d4e90.jpg?v=4.2.7.303&amp;t=cr&amp;s=800x600&amp;m=2&amp;f=\/Uploads\/UGallery\/photos\/d4\/9f\/09\/17\/d49f09177a91c6484cd9f7fb30c00e8a.jpg\" rel=\"nofollow\" target=\"_blank\"><img decoding=\"async\" itemprop=\"thumbnail\" class=\"newsPhoto300 portrait\" id=\"imgid-116521-2608713\" alt=\"2\" src=\"https:\/\/www.europesays.com\/lt\/wp-content\/uploads\/2025\/12\/d49f09177a91c6484cd9f7fb30c00e8a.jpg\" title=\"Jono Sakalausko premjera - \u0161iuolaikinis baletas  (nuotr. Organizatori\u0173)\" loading=\"lazy\" \/> <\/a> <\/p>\n<p>Jono Sakalausko premjera &#8211; \u0161iuolaikinis baletas  (nuotr. Organizatori\u0173)<\/p>\n<p>  <a itemprop=\"contentUrl\" data-size=\"0x0\" href=\"#gid=116521&amp;pid=3\" data-href=\"https:\/\/static4.inspektorius.lt\/usi\/800x600\/2\/4c\/d1\/11\/4cd111b0e3c6ed497805297dbe80c1e8.jpg?v=4.2.7.303&amp;t=cr&amp;s=800x600&amp;m=2&amp;f=\/Uploads\/UGallery\/photos\/9d\/37\/2b\/2b\/9d372b2bfee8bcc800bb62da7fdb3d60.jpg\" rel=\"nofollow\" target=\"_blank\"><img decoding=\"async\" itemprop=\"thumbnail\" class=\"newsPhoto300 portrait\" id=\"imgid-116521-2608712\" alt=\"3\" src=\"https:\/\/www.europesays.com\/lt\/wp-content\/uploads\/2025\/12\/9d372b2bfee8bcc800bb62da7fdb3d60.jpg\" title=\"Jono Sakalausko premjera - \u0161iuolaikinis baletas  (nuotr. Organizatori\u0173)\" loading=\"lazy\" \/> <\/a> <\/p>\n<p>Jono Sakalausko premjera &#8211; \u0161iuolaikinis baletas  (nuotr. Organizatori\u0173)<\/p>\n<p>  <a itemprop=\"contentUrl\" data-size=\"0x0\" href=\"#gid=116521&amp;pid=4\" data-href=\"https:\/\/static4.inspektorius.lt\/usi\/800x600\/2\/ad\/1a\/98\/ad1a98f44ba9d09f471662f9137b4bb4.jpg?v=4.2.7.303&amp;t=cr&amp;s=800x600&amp;m=2&amp;f=\/Uploads\/UGallery\/photos\/b5\/e6\/f1\/92\/b5e6f19213133c3b87ff95ba19b31e2b.jpg\" rel=\"nofollow\" target=\"_blank\"><img decoding=\"async\" itemprop=\"thumbnail\" class=\"newsPhoto300 portrait\" id=\"imgid-116521-2608711\" alt=\"4\" src=\"https:\/\/www.europesays.com\/lt\/wp-content\/uploads\/2025\/12\/b5e6f19213133c3b87ff95ba19b31e2b.jpg\" title=\"Jono Sakalausko premjera - \u0161iuolaikinis baletas  (nuotr. Organizatori\u0173)\" loading=\"lazy\" \/> <\/a> <\/p>\n<p>Jono Sakalausko premjera &#8211; \u0161iuolaikinis baletas  (nuotr. Organizatori\u0173)<\/p>\n<p>  <a itemprop=\"contentUrl\" data-size=\"0x0\" href=\"#gid=116521&amp;pid=5\" data-href=\"https:\/\/static4.inspektorius.lt\/usi\/800x600\/2\/28\/89\/88\/2889884bb4409fc13a07c20a12745bcc.jpg?v=4.2.7.303&amp;t=cr&amp;s=800x600&amp;m=2&amp;f=\/Uploads\/UGallery\/photos\/11\/bf\/a1\/a8\/11bfa1a84e3f2ad7fb3ffeeb75123158.jpg\" rel=\"nofollow\" target=\"_blank\"><img decoding=\"async\" itemprop=\"thumbnail\" class=\"newsPhoto300 portrait\" id=\"imgid-116521-2608710\" alt=\"5\" src=\"https:\/\/www.europesays.com\/lt\/wp-content\/uploads\/2025\/12\/11bfa1a84e3f2ad7fb3ffeeb75123158.jpg\" title=\"Jono Sakalausko premjera - \u0161iuolaikinis baletas  (nuotr. Organizatori\u0173)\" loading=\"lazy\" \/> <\/a> <\/p>\n<p>Jono Sakalausko premjera &#8211; \u0161iuolaikinis baletas  (nuotr. Organizatori\u0173)<\/p>\n<p>  <a itemprop=\"contentUrl\" data-size=\"0x0\" href=\"#gid=116521&amp;pid=6\" data-href=\"https:\/\/static4.inspektorius.lt\/usi\/800x600\/2\/6d\/7b\/8c\/6d7b8c15ba396adb5faaf5857a668cb8.jpg?v=4.2.7.303&amp;t=cr&amp;s=800x600&amp;m=2&amp;f=\/Uploads\/UGallery\/photos\/55\/c1\/f6\/96\/55c1f69666fe06e7bf4ef7e811ab409b.jpg\" rel=\"nofollow\" target=\"_blank\"><img decoding=\"async\" itemprop=\"thumbnail\" class=\"newsPhoto300 portrait\" id=\"imgid-116521-2608709\" alt=\"6\" src=\"https:\/\/www.europesays.com\/lt\/wp-content\/uploads\/2025\/12\/55c1f69666fe06e7bf4ef7e811ab409b.jpg\" title=\"Jono Sakalausko premjera - \u0161iuolaikinis baletas  (nuotr. Organizatori\u0173)\" loading=\"lazy\" \/> <\/a> <\/p>\n<p>Jono Sakalausko premjera &#8211; \u0161iuolaikinis baletas  (nuotr. Organizatori\u0173)<\/p>\n<p>  <a itemprop=\"contentUrl\" data-size=\"0x0\" href=\"#gid=116521&amp;pid=7\" data-href=\"https:\/\/static4.inspektorius.lt\/usi\/800x600\/2\/c0\/bc\/95\/c0bc95685c5fc5f99a0920601e64ebcd.jpg?v=4.2.7.303&amp;t=cr&amp;s=800x600&amp;m=2&amp;f=\/Uploads\/UGallery\/photos\/f2\/86\/b8\/02\/f286b802e232e66abe2ed1625db68ce5.jpg\" rel=\"nofollow\" target=\"_blank\"><img decoding=\"async\" itemprop=\"thumbnail\" class=\"newsPhoto300 portrait\" id=\"imgid-116521-2608708\" alt=\"7\" src=\"https:\/\/www.europesays.com\/lt\/wp-content\/uploads\/2025\/12\/f286b802e232e66abe2ed1625db68ce5.jpg\" title=\"Jono Sakalausko premjera - \u0161iuolaikinis baletas  (nuotr. Organizatori\u0173)\" loading=\"lazy\" \/> <\/a> <\/p>\n<p>Jono Sakalausko premjera &#8211; \u0161iuolaikinis baletas  (nuotr. Organizatori\u0173)<\/p>\n<p>  <a itemprop=\"contentUrl\" data-size=\"0x0\" href=\"#gid=116521&amp;pid=8\" data-href=\"https:\/\/static4.inspektorius.lt\/usi\/800x600\/2\/88\/87\/2d\/88872daf247a944224b403f2064bd7e7.jpg?v=4.2.7.303&amp;t=cr&amp;s=800x600&amp;m=2&amp;f=\/Uploads\/UGallery\/photos\/7f\/b7\/83\/fd\/7fb783fd4dfbc45eeb291b0afe5d8da0.jpg\" rel=\"nofollow\" target=\"_blank\"><img decoding=\"async\" itemprop=\"thumbnail\" class=\"newsPhoto300 portrait\" id=\"imgid-116521-2608707\" alt=\"8\" src=\"https:\/\/www.europesays.com\/lt\/wp-content\/uploads\/2025\/12\/7fb783fd4dfbc45eeb291b0afe5d8da0.jpg\" title=\"Jono Sakalausko premjera - \u0161iuolaikinis baletas  (nuotr. Organizatori\u0173)\" loading=\"lazy\" \/> <\/a> <\/p>\n<p>Jono Sakalausko premjera &#8211; \u0161iuolaikinis baletas  (nuotr. Organizatori\u0173)<\/p>\n<p>  <a itemprop=\"contentUrl\" data-size=\"0x0\" href=\"#gid=116521&amp;pid=9\" data-href=\"https:\/\/static4.inspektorius.lt\/usi\/800x600\/2\/8d\/70\/27\/8d70275be712b429d28e769e60eb4291.jpg?v=4.2.7.303&amp;t=cr&amp;s=800x600&amp;m=2&amp;f=\/Uploads\/UGallery\/photos\/8b\/e9\/92\/a3\/8be992a373ced97cfc168b8c704a390a.jpg\" rel=\"nofollow\" target=\"_blank\"><img decoding=\"async\" itemprop=\"thumbnail\" class=\"newsPhoto300 portrait\" id=\"imgid-116521-2608706\" alt=\"9\" src=\"https:\/\/www.europesays.com\/lt\/wp-content\/uploads\/2025\/12\/8be992a373ced97cfc168b8c704a390a.jpg\" title=\"Jono Sakalausko premjera - \u0161iuolaikinis baletas  (nuotr. Organizatori\u0173)\" loading=\"lazy\" \/> <\/a> <\/p>\n<p>Jono Sakalausko premjera &#8211; \u0161iuolaikinis baletas  (nuotr. Organizatori\u0173)<\/p>\n<p>  <a itemprop=\"contentUrl\" data-size=\"0x0\" href=\"#gid=116521&amp;pid=10\" data-href=\"https:\/\/static4.inspektorius.lt\/usi\/800x600\/2\/bb\/96\/06\/bb9606192e029a2cdaa3a64d9257527b.jpg?v=4.2.7.303&amp;t=cr&amp;s=800x600&amp;m=2&amp;f=\/Uploads\/UGallery\/photos\/fe\/72\/0c\/53\/fe720c5308f4c2766189de33939b7ec1.jpg\" rel=\"nofollow\" target=\"_blank\"><img decoding=\"async\" itemprop=\"thumbnail\" class=\"newsPhoto300 portrait\" id=\"imgid-116521-2608705\" alt=\"10\" src=\"https:\/\/www.europesays.com\/lt\/wp-content\/uploads\/2025\/12\/fe720c5308f4c2766189de33939b7ec1.jpg\" title=\"Jono Sakalausko premjera - \u0161iuolaikinis baletas  (nuotr. Organizatori\u0173)\" loading=\"lazy\" \/> <\/a> <\/p>\n<p>Jono Sakalausko premjera &#8211; \u0161iuolaikinis baletas  (nuotr. Organizatori\u0173)<\/p>\n<p style=\"text-align:justify\">\u201e\u0160iais ambicingais projektais tikim\u0117s u\u017epildyti spektakli\u0173 \u0161eimai ni\u0161\u0105 \u2013 juk negalima vaik\u0173 maitinti tik saldainiais. Dovanoti emocijas yra \u017eymiai brangiau nei daiktus, tad baleto premjera \u2013 puiki proga visai \u0161eimai patirti bendr\u0105 nuotyk\u012f, kuris i\u0161liks atmintyje daug ilgiau nei bet kuris \u017eaislas\u201c, \u2013 sako \u201eNaujosios operos\u201c \u012fk\u016br\u0117jas <a href=\"https:\/\/www.tv3.lt\/naujiena\/zmones\/susizadejo-jonas-sakalauskas-mylimoji-jaunesne-16-metu-n1397471\" rel=\"nofollow noopener\" target=\"_blank\">J. Sakalauskas<\/a>.<\/p>\n<p style=\"text-align:justify\">Jam antrina ir \u201eCompensa\u201c koncert\u0173 sal\u0117s k\u016brybin\u0117 komanda, kuri deda dideles pastangas pritraukti kuo daugiau edukacini\u0173, kult\u016brini\u0173 rengini\u0173, i\u0161 kuri\u0173 nema\u017ea dalis orientuoti \u012f vaik\u0173 ugdym\u0105 ir kult\u016brin\u012f \u0161vietim\u0105.<\/p>\n<p style=\"text-align:justify\">\u201eTeatro, operos, miuziklo ar baleto pa\u017einimas u\u017eima reik\u0161ming\u0105 viet\u0105 tiek jauno, tiek suaugusio \u017emogaus meniniame ugdyme \u2013 tai prisideda prie dvasinio, emocinio bei intelektualinio tobul\u0117jimo, taip pat estetinio ir kult\u016brinio suvokimo augimo. \u0160iemet toki\u0173 kult\u016brini\u0173 projekt\u0173 skai\u010dius \u2013 rekordinis, o \u201eSnieguol\u0117 ir septyni nyk\u0161tukai\u201c \u0161i\u0105 tendencij\u0105 prat\u0119s pa\u010dioje 2026 m. prad\u017eioje\u201c, \u2013 dalijasi \u201eCompensa\u201c koncert\u0173 sal\u0117s atstov\u0117 Gabija Lydyt\u0117.<\/p>\n<p style=\"text-align:justify\">\u201eSnieguol\u0117 ir septyni nyk\u0161tukai\u201c \u2013 pasaka, kurioje slypi gili \u017einia apie vald\u017eios tro\u0161kim\u0105, pavyd\u0105 ir bendryst\u0117s gali\u0105.<\/p>\n<p style=\"text-align:justify\">\u201ePasakos turi ypating\u0105 gali\u0105 \u2013 jos leid\u017eia atvirai, bet lengvai kalb\u0117ti apie sud\u0117tingus dalykus. \u0160i istorija mus gr\u0105\u017eina prie vertybi\u0173, kurios stiprina bendruomen\u0119 ir \u017emog\u0173\u201c, \u2013 sako id\u0117jos autorius J. Sakalauskas.<\/p>\n<p style=\"text-align:justify\">Tiesa, k\u016brybin\u0117 komanda pa\u017eada: tai bus kur kas daugiau nei dar viena pasakos inscenizacija. \u0160iuolaiki\u0161koje interpretacijoje klasikin\u0117 istorija taps metafora apie darn\u0105, pasitik\u0117jim\u0105 ir tikrojo gro\u017eio j\u0117g\u0105.<\/p>\n<p>     \u012ekv\u0117ps ne tik vaikus, bet ir suaugusiuosius <\/p>\n<p style=\"text-align:justify\">Vis d\u0117lto, \u0161is baletas n\u0117ra skirtas vien vaikams \u2013 k\u016brybin\u0117 komanda s\u0105moningai pl\u0117toja temas, aktualias visoms am\u017eiaus grup\u0117ms, kad visa \u0161eima, i\u0161\u0117jusi i\u0161 spektaklio, tur\u0117t\u0173 apie k\u0105 kalb\u0117tis ir i\u0161sine\u0161t\u0173 ka\u017ek\u0105 svarbaus.<\/p>\n<p style=\"text-align:justify\">\u201eTai \u2013 ne tik \u017eaismingas reginys ma\u017eiesiems, bet ir gilus k\u016brinys suaugusiems, kvie\u010diantis perm\u0105styti bendryst\u0117s, empatijos ir k\u016brybos svarb\u0105, patirti \u0161okio ir scenos magij\u0105, atrasti draugyst\u0117s j\u0117g\u0105 ir \u012fsitraukti \u012f stebukling\u0105 pasakos pasaul\u012f\u201c, \u2013 sako menininkai.<\/p>\n<p style=\"text-align:justify\">Libreto autorius ir kompozitorius Jonas Sakalauskas, choreografas ir re\u017eisierius Marijanas Staniul\u0117nas, baleto mokyklos vadovas Nerijus Ju\u0161ka ir jo ugdytiniai bei baletmeister\u0117 Kristina Gud\u017ei\u016bnait\u0117 ruo\u0161ia i\u0161skirtin\u012f scenin\u012f regin\u012f, gimus\u012f i\u0161 \u0161iuolaikin\u0117s k\u016brybin\u0117s vizijos.<\/p>\n<p style=\"text-align:justify\">\u010cia vizualiai turtinga scenografija ir \u012ftaigi muzika susipins su ekspresyvia choreografija ir jautriais soliniai numeriais, kuriuos atliks vieni geriausi\u0173 Lietuvos baleto \u0161ok\u0117j\u0173: Olga Kono\u0161enko, Kristina Gud\u017ei\u016bnait\u0117 ir Genadijus \u017dukovskis. Neatskiriama k\u016brinio dalis \u2013 charakteringi septyni nyk\u0161tuk\u0173 persona\u017eai, kuri\u0173 choreografija kurs savit\u0105 spektaklio ritm\u0105 ir nuotaik\u0105.<\/p>\n<p style=\"text-align:justify\">\u201eNaujoji Opera\u201c \u2013 tai k\u016brybin\u0117 organizacija, \u012fkurta kompozitoriaus ir operos solisto Jono Sakalausko, kurios veiklos centras \u2013 \u0161iuolaikin\u0117 muzikin\u0117 rai\u0161ka, atvira tarpdisciplininiams ie\u0161kojimams, naujoms formoms bei gyvam dialogui tarp meno ir visuomen\u0117s.<\/p>\n<p style=\"text-align:justify\">J\u0173 misija \u2013 padaryti profesional\u0173 men\u0105 prieinam\u0105 visiems, jungiant \u017emones, sritis ir id\u0117jas per integral\u0173 men\u0105, kuris sprend\u017eia aktualias visuomen\u0117s problemas ir \u012fkvepia bendrystei.<\/p>\n<p style=\"text-align:justify\">Naujausias \u201eNaujosios operos\u201c darbas \u2013 baletas \u201eSnieguol\u0117 ir septyni nyk\u0161tukai\u201c \u2013 \u017ei\u016brov\u0173 lauks jau sausio 4 dien\u0105 (sekmadien\u012f), \u201eCompensa\u201c koncert\u0173 sal\u0117je, Vilniuje.<\/p>\n<p>Kvie\u010diame atrasti nauj\u0105 tv3.lt turin\u012f! Nuo \u0161iol portale j\u016bs\u0173 laukia <a href=\"https:\/\/www.tv3.lt\/testai\" rel=\"nofollow noopener\" target=\"_blank\">kasdien nauji testai<\/a>   \u2013 i\u0161bandykite savo \u017einias ir smagiai praleiskite laik\u0105. <\/p>\n","protected":false},"excerpt":{"rendered":"Scenoje \u2013 kur kas daugiau nei dar viena pasakos inscenizacija Po s\u0117kmingos miuziklo visai \u0161eimai \u201eMa\u017easis Princas\u201c premjeros&hellip;\n","protected":false},"author":2,"featured_media":63948,"comment_status":"","ping_status":"","sticky":false,"template":"","format":"standard","meta":{"footnotes":""},"categories":[21],"tags":[14829,57,43,113,55,48,54,51,49,50,37,39,36,38,40,45,23,44,114,53,42,56,47,41,46,58,52],"class_list":{"0":"post-63947","1":"post","2":"type-post","3":"status-publish","4":"format-standard","5":"has-post-thumbnail","7":"category-pramogos","8":"tag-2025-12-16-145500","9":"tag-daiktai","10":"tag-dienos-kronika","11":"tag-entertainment","12":"tag-gatves-tekstai","13":"tag-gyvenimas","14":"tag-interneto-pievos","15":"tag-keliones","16":"tag-kultura","17":"tag-laisvalaikis","18":"tag-lietuva","19":"tag-lietuviu","20":"tag-lithuania","21":"tag-lithuanian","22":"tag-lt","23":"tag-mokslas-ir-it","24":"tag-naujienos","25":"tag-pasaulis","26":"tag-pramogos","27":"tag-projektai","28":"tag-rinktiniai-tekstai","29":"tag-simtmecio-portalas","30":"tag-sportas","31":"tag-tv3-lt","32":"tag-verslas","33":"tag-video","34":"tag-zaidimai"},"share_on_mastodon":{"url":"https:\/\/pubeurope.com\/@lt\/115734554022339471","error":""},"_links":{"self":[{"href":"https:\/\/www.europesays.com\/lt\/wp-json\/wp\/v2\/posts\/63947","targetHints":{"allow":["GET"]}}],"collection":[{"href":"https:\/\/www.europesays.com\/lt\/wp-json\/wp\/v2\/posts"}],"about":[{"href":"https:\/\/www.europesays.com\/lt\/wp-json\/wp\/v2\/types\/post"}],"author":[{"embeddable":true,"href":"https:\/\/www.europesays.com\/lt\/wp-json\/wp\/v2\/users\/2"}],"replies":[{"embeddable":true,"href":"https:\/\/www.europesays.com\/lt\/wp-json\/wp\/v2\/comments?post=63947"}],"version-history":[{"count":0,"href":"https:\/\/www.europesays.com\/lt\/wp-json\/wp\/v2\/posts\/63947\/revisions"}],"wp:featuredmedia":[{"embeddable":true,"href":"https:\/\/www.europesays.com\/lt\/wp-json\/wp\/v2\/media\/63948"}],"wp:attachment":[{"href":"https:\/\/www.europesays.com\/lt\/wp-json\/wp\/v2\/media?parent=63947"}],"wp:term":[{"taxonomy":"category","embeddable":true,"href":"https:\/\/www.europesays.com\/lt\/wp-json\/wp\/v2\/categories?post=63947"},{"taxonomy":"post_tag","embeddable":true,"href":"https:\/\/www.europesays.com\/lt\/wp-json\/wp\/v2\/tags?post=63947"}],"curies":[{"name":"wp","href":"https:\/\/api.w.org\/{rel}","templated":true}]}}