{"id":6395,"date":"2025-09-29T09:35:08","date_gmt":"2025-09-29T09:35:08","guid":{"rendered":"https:\/\/www.europesays.com\/lt\/6395\/"},"modified":"2025-09-29T09:35:08","modified_gmt":"2025-09-29T09:35:08","slug":"politico-costa-siekia-apeiti-orbano-veto-del-ukrainos-es-narystes","status":"publish","type":"post","link":"https:\/\/www.europesays.com\/lt\/6395\/","title":{"rendered":"\u201ePolitico\u201c: Costa siekia apeiti Orbano veto d\u0117l Ukrainos ES naryst\u0117s"},"content":{"rendered":"<p>Europos Vadov\u0173 Tarybos pirmininkas <a rel=\"noopener nofollow\" target=\"_blank\" href=\"https:\/\/www.delfi.lt\/temos\/antonio-costa\" tag-id=\"69661800\">Ant\u00f3nio Costa<\/a> \u0117m\u0117si lyderyst\u0117s, kad paspartint\u0173 Ukrainos tapimo ES nare proces\u0105 nepaisant prie\u0161taraujan\u010dios <a rel=\"noopener nofollow\" target=\"_blank\" href=\"https:\/\/www.delfi.lt\/temos\/vengrija\" tag-id=\"21801514\">Vengrijos<\/a>.<\/p>\n<p>Kaip \u201ePolitiko\u201c su anonimi\u0161kumo s\u0105lyga sak\u0117 penki diplomatai ir pareig\u016bnai, A. Costa siekia ES \u0161ali\u0173 paramos nauj\u0173 nari\u0173 pri\u0117mimo procesui supaprastinti ir taip i\u0161eiti i\u0161 aklaviet\u0117s, kurioje \u012fstrigo Ukrainos ir Moldovos naryst\u0117s klausimas.<\/p>\n<p>Teigiama, kad \u0161iuo diplomatiniu \u0117jimu siekiama \u201eap\u017eaisti\u201c Vengrijos premjer\u0105 Viktor\u0105 Orban\u0105, pasinaudojus\u012f savo \u0161alies veto teise ir sustabd\u017eius\u012f Ukrainos ES naryst\u0117s proces\u0105. Pagal \u0161iuo metu galiojan\u010dias taisykles, kiekvienam stojimo proceso etapui turi pritarti visos 27 ES valstyb\u0117s nar\u0117s.<\/p>\n<p>Moldova, kuri taip pat yra oficiali kandidat\u0117 \u012f ES nares, stojimo procese yra suporuota su Kyjivu ir negali jud\u0117ti \u012f priek\u012f tol, kol t\u0119siasi susidariusi aklaviet\u0117.<\/p>\n<p>A. Costa si\u016blo, kad vadinamieji deryb\u0173 skyriai \u2013 pagrindiniai teisiniai stojimo \u012f ES \u017eingsniai \u2013 gal\u0117t\u0173 b\u016bti atverti ES \u0161ali\u0173 kvalifikuota bals\u0173 dauguma, o ne vienbalsiu sutarimu. Deryb\u0173 skyriui u\u017ebaigti vis dar reik\u0117t\u0173 vis\u0173 ES \u0161ali\u0173 sostini\u0173 pritarimo, bet nuleista deryb\u0173 prad\u017eios kartel\u0117 leist\u0173 Ukrainai ir Moldovai prad\u0117ti reformas, b\u016btinas siekiant parodyti pa\u017eang\u0105 tam tikrose politikos srityse ES standartams atitikti. Pasak su planu susipa\u017einusio asmens, Ki\u0161iniovas ir Kyjivas gal\u0117t\u0173 pasist\u016bm\u0117ti pirmyn su naryst\u0117s parai\u0161komis net ir jei viena ar dvi \u0161alys tam prie\u0161taraut\u0173.<\/p>\n<p>Pasak diplomat\u0173, savo pasi\u016blym\u0105 A. Kosta tiesiogiai pristat\u0117 ES lyderiams neseniai lankydamasis beveik visose bloko sostin\u0117se, taip pat per pra\u0117jusios savait\u0117s dvi\u0161alius susitikimus Jungtini\u0173 Taut\u0173 Generalin\u0117s Asambl\u0117jos Niujorke metu.<\/p>\n","protected":false},"excerpt":{"rendered":"Europos Vadov\u0173 Tarybos pirmininkas Ant\u00f3nio Costa \u0117m\u0117si lyderyst\u0117s, kad paspartint\u0173 Ukrainos tapimo ES nare proces\u0105 nepaisant prie\u0161taraujan\u010dios Vengrijos.&hellip;\n","protected":false},"author":2,"featured_media":6396,"comment_status":"","ping_status":"","sticky":false,"template":"","format":"standard","meta":{"footnotes":"","_share_on_mastodon":"0"},"categories":[15],"tags":[2767,25,30,31,1068,34,35,24,32,33,37,39,36,38,40,23,22,44,28,29,26,27,330,74,75,76],"class_list":["post-6395","post","type-post","status-publish","format-standard","has-post-thumbnail","category-pasaulis","tag-antonio-costa","tag-antrastes","tag-breaking-news","tag-breakingnews","tag-europos-sajunga","tag-featured-news","tag-featurednews","tag-headlines","tag-latest-news","tag-latestnews","tag-lietuva","tag-lietuviu","tag-lithuania","tag-lithuanian","tag-lt","tag-naujienos","tag-news","tag-pasaulis","tag-populiariausios-naujienos","tag-populiariausiosnaujienos","tag-top-stories","tag-topstories","tag-vengrija","tag-world","tag-world-news","tag-worldnews"],"share_on_mastodon":{"url":"","error":""},"_links":{"self":[{"href":"https:\/\/www.europesays.com\/lt\/wp-json\/wp\/v2\/posts\/6395","targetHints":{"allow":["GET"]}}],"collection":[{"href":"https:\/\/www.europesays.com\/lt\/wp-json\/wp\/v2\/posts"}],"about":[{"href":"https:\/\/www.europesays.com\/lt\/wp-json\/wp\/v2\/types\/post"}],"author":[{"embeddable":true,"href":"https:\/\/www.europesays.com\/lt\/wp-json\/wp\/v2\/users\/2"}],"replies":[{"embeddable":true,"href":"https:\/\/www.europesays.com\/lt\/wp-json\/wp\/v2\/comments?post=6395"}],"version-history":[{"count":0,"href":"https:\/\/www.europesays.com\/lt\/wp-json\/wp\/v2\/posts\/6395\/revisions"}],"wp:featuredmedia":[{"embeddable":true,"href":"https:\/\/www.europesays.com\/lt\/wp-json\/wp\/v2\/media\/6396"}],"wp:attachment":[{"href":"https:\/\/www.europesays.com\/lt\/wp-json\/wp\/v2\/media?parent=6395"}],"wp:term":[{"taxonomy":"category","embeddable":true,"href":"https:\/\/www.europesays.com\/lt\/wp-json\/wp\/v2\/categories?post=6395"},{"taxonomy":"post_tag","embeddable":true,"href":"https:\/\/www.europesays.com\/lt\/wp-json\/wp\/v2\/tags?post=6395"}],"curies":[{"name":"wp","href":"https:\/\/api.w.org\/{rel}","templated":true}]}}