{"id":63951,"date":"2025-12-17T11:01:35","date_gmt":"2025-12-17T11:01:35","guid":{"rendered":"https:\/\/www.europesays.com\/lt\/63951\/"},"modified":"2025-12-17T11:01:35","modified_gmt":"2025-12-17T11:01:35","slug":"naujai-isrinkta-direktore-atsitrauke-pati","status":"publish","type":"post","link":"https:\/\/www.europesays.com\/lt\/63951\/","title":{"rendered":"naujai i\u0161rinkta direktor\u0117 atsitrauk\u0117 pati"},"content":{"rendered":"<p>\u201eGird\u017eiu U\u017eupio gimnazijos bendruomen\u0117s \u012fvardijamas rizikas, baimes d\u0117l naujai konkurso b\u016bdu i\u0161rinktos direktor\u0117s Rasos Dagien\u0117s. Stiprios, brand\u017eios bendruomen\u0117s k\u016brimas, r\u016bpestis savo aplinka, galimyb\u0117 atvirai kalb\u0117tis visada buvo ir bus skatinama Vilniuje.<\/p>\n<p>Svarbu suprasti, kad konkurso nugal\u0117toj\u0105 i\u0161rinko ne meras, ar savivaldyb\u0117, bet 7 \u017emoni\u0173 komisija, kuri\u0105 sudar\u0117: du gimnazijos bendruomen\u0117s nariai, vienas i\u0161 mokykl\u0173 vadov\u0173 asociacijos, vienas Vilnius Tech atstovas, vienas Nacionalin\u0117s \u0161vietimo agent\u016bros atstovas ir du atstovai nuo savivaldyb\u0117s administracijos. B\u016btent tokios sud\u0117ties komisija \u012fvertino \u0161ios kandidat\u0117s kompetencij\u0105 ir patirt\u012f kaip tinkamiausi\u0105 \u0161iai pozicijai.<\/p>\n<p>Visgi, gavau lai\u0161k\u0105 i\u0161 Rasos Dagien\u0117s, kuriame ji \u012fvardija, kad pasitraukia i\u0161 konkurso laim\u0117tojos pozicij\u0173, nelaukiant galutinio savivaldyb\u0117s sprendimo d\u0117l skyrimo \u012f pareigas, kuriam priimti dar lauk\u0117me STT i\u0161vados\u201c, \u2013 feisbuke ra\u0161\u0117 sostin\u0117s meras.<\/p>\n<p>Jis pacitavo ir i\u0161 R.Dagien\u0117s gauto lai\u0161ko dal\u012f.<\/p>\n<p>\u201eEsu \u012fsitikinusi, kad darbas tokiomis s\u0105lygomis b\u016bt\u0173 itin sud\u0117tingas ir gal\u0117t\u0173 neigiamai paveikti gimnazijos kasdien\u0119 veikl\u0105, jos mikroklimat\u0105 bei pasiektus rezultatus. Nenoriu, kad nesutarimai ar \u012ftampos persismelkt\u0173 \u012f ugdymo proces\u0105 ir trukdyt\u0173 bendruomenei siekti jai svarbi\u0173 tiksl\u0173.<\/p>\n<p>Tod\u0117l, vadovaudamasi gimnazijos bendruomen\u0117s interesais ir siekdama i\u0161vengti tolesn\u0117s \u012ftampos, informuoju Jus, kad, nepaisant atrankos komisijos auk\u0161tai \u012fvertint\u0173 mano kompetencij\u0173, pri\u0117miau sprendim\u0105 pasitraukti i\u0161 konkurso laim\u0117tojos pozicij\u0173, nelaukiant savivaldyb\u0117s sprendimo d\u0117l naujojo vadovo paskyrimo.<\/p>\n<p>Nuo\u0161ird\u017eiai linkiu Vilniaus U\u017eupio gimnazijai i\u0161saugoti savo identitet\u0105, stipryb\u0119 ir bendruomeni\u0161kum\u0105 bei rasti vadov\u0105, su kuriuo b\u016bt\u0173 galima kryptingai ir ramiai siekti tolimesni\u0173 poky\u010di\u0173, ugdyti bendruomen\u0117s pilieti\u0161kum\u0105 ir kritin\u012f m\u0105stym\u0105, \u012fvertinant visas puses ir sudarant galimybes kiekvienai j\u0173 b\u016bti i\u0161girstai\u201c.<\/p>\n<p>Taip \u012fvykus konkurso laim\u0117toju tampa antr\u0105j\u0105 viet\u0105 konkurse u\u017e\u0117m\u0119s kandidatas. Galutiniam sprendimui tur\u0117sime gauti laim\u0117tojo sutikim\u0105 ir v\u0117l sulaukti STT vertinimo. Tikiuosi, kad \u0161i istorija leis kurti dar stipresn\u0119 u\u017eupie\u010di\u0173 bendruomen\u0119, vienijan\u010di\u0105 tiek dabartines, tiek jau prie\u0161 daug met\u0173 mokykl\u0105 baigusias kartas. Kartu kurkime tok\u012f Vilni\u0173, kuriuo did\u017eiuotum\u0117m\u0117s kasdien\u201c, \u2013 R.Dagien\u0119 citavo V.Benkunskas.<\/p>\n<p>Primename, kad pra\u0117j\u0119s penktadienis Vilniaus U\u017eupio gimnazijoje prasid\u0117jo ne\u012fprasta pilieti\u0161kumo pamoka, kurioje dalyvavo \u0161imtai mokini\u0173, t\u0117v\u0173 ir kit\u0173 gimnazijos bendruomen\u0117s nari\u0173.<\/p>\n<p>Iniciatyvos autoriai \u0161i\u0105 pamok\u0105 prad\u0117jo nuo mokyklos apjuosimo, o v\u0117liau patrauk\u0117 \u012f Vilniaus miesto savivaldyb\u0119. Taip siekta dar ai\u0161kiau parodyti nepritarim\u0105 naujos direktor\u0117s paskyrimui.<\/p>\n<p>U\u017eupio gimnazija d\u0117l naujos direktor\u0117s ruo\u0161\u0117si\u00a0rimtai kovai. Daugiau apie tai skaityti galite <a href=\"https:\/\/www.lrytas.lt\/lietuvosdiena\/svietimas\/2025\/12\/04\/news\/sostines-uzupio-gimnazija-del-naujos-direktores-ruosiasi-rimtai-kovai-bet-galiausiai-tyla-nutrauke-ir-ji-pati-40472005\" target=\"_blank\" rel=\"nofollow noopener\">\u010cIA.<\/a><\/p>\n<p>Kaip jau anks\u010diau ra\u0161\u0117 Lrytas, presti\u017eine neretai vadinamos sostin\u0117s U\u017eupio gimnazijos direktoriaus konkurs\u0105 neseniai laim\u0117jo R.Dagien\u0117, anks\u010diau vadovavusi Radvili\u0161kio V.Kudirkos progimnazijai.<\/p>\n<p>Ta\u010diau prie\u0161 kelerius metus Radvili\u0161kio rajono meras Kazimieras Ra\u010dkauskis ja i\u0161rei\u0161k\u0117 nepasitik\u0117jim\u0105, tod\u0117l i\u0161 pareig\u0173 R.Dagien\u0117 buvo patraukta. Tuomet kalb\u0117ta apie prast\u0105 psichologin\u0119 atmosfer\u0105, net mobingo aprai\u0161kas.<\/p>\n<p>Kaip pernai skelb\u0117 Lrytas, \u0161i\u0105 \u0161vietimo \u012fstaig\u0105 palik\u0119 11 pedagog\u0173 ir darbuotoj\u0173 patvirtino, kad apsispr\u0119sti pad\u0117jo tiek mobingas, tiek nepagarbus elgesys, paty\u010dios. Jie nesl\u0117p\u0117, kad d\u0117l autokrati\u0161ko vadovavimo stiliaus \u0161i \u012fstaiga vadinama \u201e\u0160iaur\u0117s Kor\u0117ja\u201c.<\/p>\n","protected":false},"excerpt":{"rendered":"\u201eGird\u017eiu U\u017eupio gimnazijos bendruomen\u0117s \u012fvardijamas rizikas, baimes d\u0117l naujai konkurso b\u016bdu i\u0161rinktos direktor\u0117s Rasos Dagien\u0117s. Stiprios, brand\u017eios bendruomen\u0117s&hellip;\n","protected":false},"author":2,"featured_media":63952,"comment_status":"","ping_status":"","sticky":false,"template":"","format":"standard","meta":{"footnotes":""},"categories":[13],"tags":[25,30,31,34,35,24,32,33,37,39,36,38,40,23,22,28,29,26,27],"class_list":{"0":"post-63951","1":"post","2":"type-post","3":"status-publish","4":"format-standard","5":"has-post-thumbnail","7":"category-lietuva","8":"tag-antrastes","9":"tag-breaking-news","10":"tag-breakingnews","11":"tag-featured-news","12":"tag-featurednews","13":"tag-headlines","14":"tag-latest-news","15":"tag-latestnews","16":"tag-lietuva","17":"tag-lietuviu","18":"tag-lithuania","19":"tag-lithuanian","20":"tag-lt","21":"tag-naujienos","22":"tag-news","23":"tag-populiariausios-naujienos","24":"tag-populiariausiosnaujienos","25":"tag-top-stories","26":"tag-topstories"},"share_on_mastodon":{"url":"https:\/\/pubeurope.com\/@lt\/115734569531250712","error":""},"_links":{"self":[{"href":"https:\/\/www.europesays.com\/lt\/wp-json\/wp\/v2\/posts\/63951","targetHints":{"allow":["GET"]}}],"collection":[{"href":"https:\/\/www.europesays.com\/lt\/wp-json\/wp\/v2\/posts"}],"about":[{"href":"https:\/\/www.europesays.com\/lt\/wp-json\/wp\/v2\/types\/post"}],"author":[{"embeddable":true,"href":"https:\/\/www.europesays.com\/lt\/wp-json\/wp\/v2\/users\/2"}],"replies":[{"embeddable":true,"href":"https:\/\/www.europesays.com\/lt\/wp-json\/wp\/v2\/comments?post=63951"}],"version-history":[{"count":0,"href":"https:\/\/www.europesays.com\/lt\/wp-json\/wp\/v2\/posts\/63951\/revisions"}],"wp:featuredmedia":[{"embeddable":true,"href":"https:\/\/www.europesays.com\/lt\/wp-json\/wp\/v2\/media\/63952"}],"wp:attachment":[{"href":"https:\/\/www.europesays.com\/lt\/wp-json\/wp\/v2\/media?parent=63951"}],"wp:term":[{"taxonomy":"category","embeddable":true,"href":"https:\/\/www.europesays.com\/lt\/wp-json\/wp\/v2\/categories?post=63951"},{"taxonomy":"post_tag","embeddable":true,"href":"https:\/\/www.europesays.com\/lt\/wp-json\/wp\/v2\/tags?post=63951"}],"curies":[{"name":"wp","href":"https:\/\/api.w.org\/{rel}","templated":true}]}}