{"id":63953,"date":"2025-12-17T11:02:09","date_gmt":"2025-12-17T11:02:09","guid":{"rendered":"https:\/\/www.europesays.com\/lt\/63953\/"},"modified":"2025-12-17T11:02:09","modified_gmt":"2025-12-17T11:02:09","slug":"po-vaizdo-prie-vilniaus-egles-juozas-statkevicius-pratruko-kaip-nesuprast","status":"publish","type":"post","link":"https:\/\/www.europesays.com\/lt\/63953\/","title":{"rendered":"Po vaizdo prie Vilniaus egl\u0117s Juozas Statkevi\u010dius pratr\u016bko: kaip nesuprast!"},"content":{"rendered":"<p>Savo pasteb\u0117jimais J. Statkevi\u010dius dalijosi socialiniuose tinkluose, ra\u0161ydamas: <\/p>\n<p>\u201ePas mus \u0161iuk\u0161l\u0117ms visada did\u017eiausia pagarba. Greitai raskit kit\u0105 viet\u0105. G\u0117da\u201c. <\/p>\n<p>Garsus dizaineris dar i\u0161d\u0117st\u0117 ir savo pasi\u016blym\u0105, kaip b\u016bt\u0173 galima spr\u0119sti toki\u0105 problem\u0105. <\/p>\n<p>\u201eSmulkmena, bet labai negra\u017eu. <\/p>\n<p>U\u017e kiekvieno kal\u0117dinio namuko gali b\u016bti tos d\u0117\u017e\u0117s, na, ne pagrindin\u0117j vietoj. Kaip nesuprast! Ir i\u0161 vie\u0161bu\u010dio balkon\u0173, ir lang\u0173 tik tos d\u0117\u017e\u0117s ir matosi\u201c, \u2013 teig\u0117 jis. <\/p>\n<p>    <img decoding=\"async\" src=\"https:\/\/www.europesays.com\/lt\/wp-content\/uploads\/2025\/12\/cb6a94eb-cc41-48ab-9853-c888a5e7a8f7.jpg\" loading=\"lazy\" alt=\"Juozas Statkevi\u010dius pasisak\u0117 apie \u0161alia Vilniaus egl\u0117s esan\u010di\u0105 netvark\u0105\"\/>    <\/p>\n<p>Komentaro d\u0117l \u0161ios situacijos \u017emon\u0117s.lt kreip\u0117si \u012f Vilniaus miesto savivaldyb\u0119. Ry\u0161i\u0173 su \u017einiasklaida specialistas Gabrielius Grubinskas paai\u0161kino, kod\u0117l buvo priimtas sprendimas konteinerius statyti b\u016btent prie\u0161ais pagrindin\u0119 Vilniaus miesto egl\u0119.<\/p>\n<p>\u201eVykstant Kal\u0117d\u0173 mugei ir kitiems kal\u0117diniams renginiams Katedros aik\u0161t\u0117je, nat\u016braliai susidaro didesnis atliek\u0173 kiekis nei \u012fprastai, tod\u0117l reikalingi papildomi konteineriai. Ta\u010diau svarbu u\u017etikrinti ne tik atliek\u0173 surinkim\u0105, bet ir i\u0161ve\u017eim\u0105 \u2013 t.y., kad \u0161iukliave\u017eiai gal\u0117t\u0173 priva\u017eiuoti ir aptarnauti konteinerius. Tod\u0117l kasmet konteineriai statomi tose pa\u010diose dviejose vietose \u2013 stov\u0117jimo aik\u0161tel\u0117s pakra\u0161tyje ir ar\u010diau Sereiki\u0161ki\u0173 parko. Atliek\u0173 konteineriai yra i\u0161tu\u0161tinami kasdien\u201c, \u2013 sak\u0117 jis. <\/p>\n","protected":false},"excerpt":{"rendered":"Savo pasteb\u0117jimais J. Statkevi\u010dius dalijosi socialiniuose tinkluose, ra\u0161ydamas: \u201ePas mus \u0161iuk\u0161l\u0117ms visada did\u017eiausia pagarba. Greitai raskit kit\u0105 viet\u0105.&hellip;\n","protected":false},"author":2,"featured_media":63954,"comment_status":"","ping_status":"","sticky":false,"template":"","format":"standard","meta":{"footnotes":""},"categories":[6],"tags":[25,30,31,34,35,24,2342,32,33,37,39,36,38,40,23,22,28,29,26,27],"class_list":{"0":"post-63953","1":"post","2":"type-post","3":"status-publish","4":"format-standard","5":"has-post-thumbnail","7":"category-antrastes","8":"tag-antrastes","9":"tag-breaking-news","10":"tag-breakingnews","11":"tag-featured-news","12":"tag-featurednews","13":"tag-headlines","14":"tag-juozas-statkevicius","15":"tag-latest-news","16":"tag-latestnews","17":"tag-lietuva","18":"tag-lietuviu","19":"tag-lithuania","20":"tag-lithuanian","21":"tag-lt","22":"tag-naujienos","23":"tag-news","24":"tag-populiariausios-naujienos","25":"tag-populiariausiosnaujienos","26":"tag-top-stories","27":"tag-topstories"},"share_on_mastodon":{"url":"https:\/\/pubeurope.com\/@lt\/115734573525274180","error":""},"_links":{"self":[{"href":"https:\/\/www.europesays.com\/lt\/wp-json\/wp\/v2\/posts\/63953","targetHints":{"allow":["GET"]}}],"collection":[{"href":"https:\/\/www.europesays.com\/lt\/wp-json\/wp\/v2\/posts"}],"about":[{"href":"https:\/\/www.europesays.com\/lt\/wp-json\/wp\/v2\/types\/post"}],"author":[{"embeddable":true,"href":"https:\/\/www.europesays.com\/lt\/wp-json\/wp\/v2\/users\/2"}],"replies":[{"embeddable":true,"href":"https:\/\/www.europesays.com\/lt\/wp-json\/wp\/v2\/comments?post=63953"}],"version-history":[{"count":0,"href":"https:\/\/www.europesays.com\/lt\/wp-json\/wp\/v2\/posts\/63953\/revisions"}],"wp:featuredmedia":[{"embeddable":true,"href":"https:\/\/www.europesays.com\/lt\/wp-json\/wp\/v2\/media\/63954"}],"wp:attachment":[{"href":"https:\/\/www.europesays.com\/lt\/wp-json\/wp\/v2\/media?parent=63953"}],"wp:term":[{"taxonomy":"category","embeddable":true,"href":"https:\/\/www.europesays.com\/lt\/wp-json\/wp\/v2\/categories?post=63953"},{"taxonomy":"post_tag","embeddable":true,"href":"https:\/\/www.europesays.com\/lt\/wp-json\/wp\/v2\/tags?post=63953"}],"curies":[{"name":"wp","href":"https:\/\/api.w.org\/{rel}","templated":true}]}}