{"id":63955,"date":"2025-12-17T11:08:13","date_gmt":"2025-12-17T11:08:13","guid":{"rendered":"https:\/\/www.europesays.com\/lt\/63955\/"},"modified":"2025-12-17T11:08:13","modified_gmt":"2025-12-17T11:08:13","slug":"skelbia-naujausia-zinia-del-stepukonio-bylos-ikiteisminis-tyrimas-baigiamojoje-stadijoje","status":"publish","type":"post","link":"https:\/\/www.europesays.com\/lt\/63955\/","title":{"rendered":"Skelbia naujausi\u0105 \u017eini\u0105 d\u0117l Stepukonio bylos: ikiteisminis tyrimas \u2013 baigiamojoje stadijoje"},"content":{"rendered":"\n<p>Portal\u0105 informavo Finansini\u0173 nusikaltim\u0173 tyrim\u0173 tarnyba.<\/p>\n<p>Skelbiama, jog tyrim\u0105 organizuojantis <a href=\"https:\/\/www.tv3.lt\/rubrika\/naujienos\/uzsienis\/europa\" target=\"_blank\" class=\"phrase\" rel=\"nofollow noopener\">Europos<\/a> deleguotasis prokuroras byl\u0105 teismui perduos per pirmuosius 2026 met\u0173 m\u0117nesius.<\/p>\n<p>BNS antradien\u012f ra\u0161\u0117, kad baigiantis eiliniam intensyvios prie\u017ei\u016bros terminui \u0160. Stepukoniui prokuroras papra\u0161\u0117 jam skirti \u012fpareigojim\u0105 nuolat registruotis policijoje.<\/p>\n<p>Teismo paskirta intensyvi prie\u017ei\u016bra \u0160. Stepukoniui baigia galioti gruod\u017eio 19 dien\u0105. D\u0117l naujos kardomosios priemon\u0117s \u0161iomis dienomis tur\u0117s spr\u0119sti Vilniaus apylink\u0117s teismas.\u00a0<\/p>\n<p>\u0160. Stepukonis \u012ftariamas i\u0161 \u201eBaltCap\u201c infrastrukt\u016bros fondo \u012fmoni\u0173 pasisavin\u0119s daugiau nei 42 mln. eur\u0173. Did\u017ei\u0105j\u0105 dal\u012f \u0161i\u0173 pinig\u0173 jis pralo\u0161\u0117 internetiniuose lo\u0161imuose.<\/p>\n<p>Vyras 2024 met\u0173 vasar\u012f buvo sulaikytas, o kovo 22-\u0105j\u0105 jam pritaikyta intensyvi prie\u017ei\u016bra ir u\u017ed\u0117ta apykoj\u0117. \u0160i kardomoji priemon\u0117 kas tris m\u0117nesius b\u016bdavo prat\u0119siama.<\/p>\n<p>\n                                        \u0160altinis:<br \/>\n                                                                                    BNS\n                                                                                <\/p>\n<p>Kvie\u010diame atrasti nauj\u0105 tv3.lt turin\u012f! Nuo \u0161iol portale j\u016bs\u0173 laukia <a href=\"https:\/\/www.tv3.lt\/testai\" rel=\"nofollow noopener\" target=\"_blank\">kasdien nauji testai<\/a>   \u2013 i\u0161bandykite savo \u017einias ir smagiai praleiskite laik\u0105. <\/p>\n","protected":false},"excerpt":{"rendered":"Portal\u0105 informavo Finansini\u0173 nusikaltim\u0173 tyrim\u0173 tarnyba. Skelbiama, jog tyrim\u0105 organizuojantis Europos deleguotasis prokuroras byl\u0105 teismui perduos per pirmuosius&hellip;\n","protected":false},"author":2,"featured_media":63956,"comment_status":"","ping_status":"","sticky":false,"template":"","format":"standard","meta":{"footnotes":""},"categories":[6],"tags":[14830,25,30,31,57,43,34,35,55,48,24,54,51,49,50,32,33,37,39,36,38,40,45,23,22,44,28,29,53,42,56,47,26,27,41,46,58,52],"class_list":{"0":"post-63955","1":"post","2":"type-post","3":"status-publish","4":"format-standard","5":"has-post-thumbnail","7":"category-antrastes","8":"tag-2025-12-17-081729","9":"tag-antrastes","10":"tag-breaking-news","11":"tag-breakingnews","12":"tag-daiktai","13":"tag-dienos-kronika","14":"tag-featured-news","15":"tag-featurednews","16":"tag-gatves-tekstai","17":"tag-gyvenimas","18":"tag-headlines","19":"tag-interneto-pievos","20":"tag-keliones","21":"tag-kultura","22":"tag-laisvalaikis","23":"tag-latest-news","24":"tag-latestnews","25":"tag-lietuva","26":"tag-lietuviu","27":"tag-lithuania","28":"tag-lithuanian","29":"tag-lt","30":"tag-mokslas-ir-it","31":"tag-naujienos","32":"tag-news","33":"tag-pasaulis","34":"tag-populiariausios-naujienos","35":"tag-populiariausiosnaujienos","36":"tag-projektai","37":"tag-rinktiniai-tekstai","38":"tag-simtmecio-portalas","39":"tag-sportas","40":"tag-top-stories","41":"tag-topstories","42":"tag-tv3-lt","43":"tag-verslas","44":"tag-video","45":"tag-zaidimai"},"share_on_mastodon":{"url":"","error":"Validation failed: Text character limit of 500 exceeded"},"_links":{"self":[{"href":"https:\/\/www.europesays.com\/lt\/wp-json\/wp\/v2\/posts\/63955","targetHints":{"allow":["GET"]}}],"collection":[{"href":"https:\/\/www.europesays.com\/lt\/wp-json\/wp\/v2\/posts"}],"about":[{"href":"https:\/\/www.europesays.com\/lt\/wp-json\/wp\/v2\/types\/post"}],"author":[{"embeddable":true,"href":"https:\/\/www.europesays.com\/lt\/wp-json\/wp\/v2\/users\/2"}],"replies":[{"embeddable":true,"href":"https:\/\/www.europesays.com\/lt\/wp-json\/wp\/v2\/comments?post=63955"}],"version-history":[{"count":0,"href":"https:\/\/www.europesays.com\/lt\/wp-json\/wp\/v2\/posts\/63955\/revisions"}],"wp:featuredmedia":[{"embeddable":true,"href":"https:\/\/www.europesays.com\/lt\/wp-json\/wp\/v2\/media\/63956"}],"wp:attachment":[{"href":"https:\/\/www.europesays.com\/lt\/wp-json\/wp\/v2\/media?parent=63955"}],"wp:term":[{"taxonomy":"category","embeddable":true,"href":"https:\/\/www.europesays.com\/lt\/wp-json\/wp\/v2\/categories?post=63955"},{"taxonomy":"post_tag","embeddable":true,"href":"https:\/\/www.europesays.com\/lt\/wp-json\/wp\/v2\/tags?post=63955"}],"curies":[{"name":"wp","href":"https:\/\/api.w.org\/{rel}","templated":true}]}}