{"id":63961,"date":"2025-12-17T11:20:22","date_gmt":"2025-12-17T11:20:22","guid":{"rendered":"https:\/\/www.europesays.com\/lt\/63961\/"},"modified":"2025-12-17T11:20:22","modified_gmt":"2025-12-17T11:20:22","slug":"is-automobilio-neliko-nieko-vairuotojas-zuvo-skelbia-tragiskos-avarijos-vaizdus-panevezio-rajone","status":"publish","type":"post","link":"https:\/\/www.europesays.com\/lt\/63961\/","title":{"rendered":"I\u0161 automobilio neliko nieko, vairuotojas \u017euvo: skelbia tragi\u0161kos avarijos vaizdus Panev\u0117\u017eio rajone"},"content":{"rendered":"\n<p>Kaip prane\u0161a Panev\u0117\u017eio apskrities vyriausiasis policijos komisariatas, apie 8.27 val. Pa\u012fstrio seni\u016bnijoje, Gaili\u016bn\u0173 kaime, susid\u016br\u0117 automobilis \u201eVW Passat\u201c ir autokranas.<\/p>\n<p>Tragi\u0161ka nelaim\u0117 Panev\u0117\u017eio rajone: \u0161\u012f ryt\u0105 susid\u016brus \u201eVW Passat\u201c ir autokranui \u017euvo vyras<\/p>\n<p>(4 nuotr.) <a style=\"height: 63vw;\" itemprop=\"contentUrl\" data-size=\"0x0\" href=\"#gid=116540&amp;pid=1\" data-href=\"https:\/\/static4.inspektorius.lt\/usi\/800x600\/2\/50\/0c\/79\/500c7941a9fc65b988a868d65dff9a99.jpg?v=4.2.7.303&amp;t=cr&amp;s=800x600&amp;m=2&amp;f=\/Uploads\/UGallery\/photos\/27\/8b\/80\/00\/278b8000b6f0d9e08519811b1970c82b.jpg\" rel=\"nofollow\" target=\"_blank\"><img decoding=\"async\" style=\"height: 63vw; object-fit: cover;\" itemprop=\"thumbnail\" class=\"newsPhoto300 landscape\" id=\"imgid-116540-2609309\" alt=\"1\" src=\"https:\/\/www.europesays.com\/lt\/wp-content\/uploads\/2025\/12\/278b8000b6f0d9e08519811b1970c82b.jpg\" title=\"Tragi\u0161ka nelaim\u0117 Panev\u0117\u017eio rajone: \u0161\u012f ryt\u0105 susid\u016brus \u201eVW Passat\u201c ir autokranui \u017euvo vyras (nuotr. &lt;a href=\" https:=\"\" target=\"_blank\" \/>TV3<\/a>)&#8221; loading=&#8221;lazy&#8221;\/&gt;  <\/p>\n<p>Tragi\u0161ka nelaim\u0117 Panev\u0117\u017eio rajone: \u0161\u012f ryt\u0105 susid\u016brus \u201eVW Passat\u201c ir autokranui \u017euvo vyras (nuotr. TV3)<\/p>\n<p>  <a itemprop=\"contentUrl\" data-size=\"0x0\" href=\"#gid=116540&amp;pid=2\" data-href=\"https:\/\/static4.inspektorius.lt\/usi\/800x600\/2\/52\/bd\/63\/52bd633e2e54cbb1c04db76e32931c9b.jpg?v=4.2.7.303&amp;t=cr&amp;s=800x600&amp;m=2&amp;f=\/Uploads\/UGallery\/photos\/a0\/03\/80\/39\/a0038039df64f823d0968e5b7fc82224.jpg\" rel=\"nofollow\" target=\"_blank\"><img decoding=\"async\" itemprop=\"thumbnail\" class=\"newsPhoto300 portrait\" id=\"imgid-116540-2609310\" alt=\"2\" src=\"https:\/\/www.europesays.com\/lt\/wp-content\/uploads\/2025\/12\/a0038039df64f823d0968e5b7fc82224.jpg\" title=\"Tragi\u0161ka nelaim\u0117 Panev\u0117\u017eio rajone: \u0161\u012f ryt\u0105 susid\u016brus \u201eVW Passat\u201c ir autokranui \u017euvo vyras (nuotr. TV3)\" loading=\"lazy\" \/> <\/a> <\/p>\n<p>Tragi\u0161ka nelaim\u0117 Panev\u0117\u017eio rajone: \u0161\u012f ryt\u0105 susid\u016brus \u201eVW Passat\u201c ir autokranui \u017euvo vyras (nuotr. TV3)<\/p>\n<p>  <a itemprop=\"contentUrl\" data-size=\"0x0\" href=\"#gid=116540&amp;pid=3\" data-href=\"https:\/\/static4.inspektorius.lt\/usi\/800x600\/2\/ad\/d7\/ab\/add7abb0a6aaac12dcb6ece2a39ac712.jpg?v=4.2.7.303&amp;t=cr&amp;s=800x600&amp;m=2&amp;f=\/Uploads\/UGallery\/photos\/6a\/f8\/6d\/f9\/6af86df9b605af1bce628d4fae2a8fef.jpg\" rel=\"nofollow\" target=\"_blank\"><img decoding=\"async\" itemprop=\"thumbnail\" class=\"newsPhoto300 portrait\" id=\"imgid-116540-2609311\" alt=\"3\" src=\"https:\/\/www.europesays.com\/lt\/wp-content\/uploads\/2025\/12\/6af86df9b605af1bce628d4fae2a8fef.jpg\" title=\"Tragi\u0161ka nelaim\u0117 Panev\u0117\u017eio rajone: \u0161\u012f ryt\u0105 susid\u016brus \u201eVW Passat\u201c ir autokranui \u017euvo vyras (nuotr. TV3)\" loading=\"lazy\" \/> <\/a> <\/p>\n<p>Tragi\u0161ka nelaim\u0117 Panev\u0117\u017eio rajone: \u0161\u012f ryt\u0105 susid\u016brus \u201eVW Passat\u201c ir autokranui \u017euvo vyras (nuotr. TV3)<\/p>\n<p>  <a itemprop=\"contentUrl\" data-size=\"0x0\" href=\"#gid=116540&amp;pid=4\" data-href=\"https:\/\/static4.inspektorius.lt\/usi\/800x600\/2\/ef\/a4\/da\/efa4da64d0fe026a1433541956b72977.jpg?v=4.2.7.303&amp;t=cr&amp;s=800x600&amp;m=2&amp;f=\/Uploads\/UGallery\/photos\/cb\/e0\/ce\/e9\/cbe0cee92292047570323fc8b36929f6.jpg\" rel=\"nofollow\" target=\"_blank\"><img decoding=\"async\" itemprop=\"thumbnail\" class=\"newsPhoto300 portrait\" id=\"imgid-116540-2609355\" alt=\"4\" src=\"https:\/\/www.europesays.com\/lt\/wp-content\/uploads\/2025\/12\/cbe0cee92292047570323fc8b36929f6.jpg\" title=\"Avarija (nuotr. TV3)\" loading=\"lazy\" \/> <\/a> <\/p>\n<p>Avarija (nuotr. TV3)<\/p>\n<p>Pirminiais duomenimis, \u017euvo lengvojo automobilio vairuotojas.\u00a0<\/p>\n<p>\u0160iuo metu eismo \u012fvykio vietoje dirba policijos ir prie\u0161gaisrin\u0117s gelb\u0117jimo tarnybos pareig\u016bnai.<\/p>\n<p>Kvie\u010diame atrasti nauj\u0105 tv3.lt turin\u012f! Nuo \u0161iol portale j\u016bs\u0173 laukia <a href=\"https:\/\/www.tv3.lt\/testai\" rel=\"nofollow noopener\" target=\"_blank\">kasdien nauji testai<\/a>   \u2013 i\u0161bandykite savo \u017einias ir smagiai praleiskite laik\u0105. <\/p>\n","protected":false},"excerpt":{"rendered":"Kaip prane\u0161a Panev\u0117\u017eio apskrities vyriausiasis policijos komisariatas, apie 8.27 val. Pa\u012fstrio seni\u016bnijoje, Gaili\u016bn\u0173 kaime, susid\u016br\u0117 automobilis \u201eVW Passat\u201c&hellip;\n","protected":false},"author":2,"featured_media":63962,"comment_status":"","ping_status":"","sticky":false,"template":"","format":"standard","meta":{"footnotes":""},"categories":[6],"tags":[14831,25,30,31,57,43,34,35,55,48,24,54,51,49,50,32,33,37,39,36,38,40,45,23,22,44,28,29,53,42,56,47,26,27,41,46,58,52],"class_list":{"0":"post-63961","1":"post","2":"type-post","3":"status-publish","4":"format-standard","5":"has-post-thumbnail","7":"category-antrastes","8":"tag-2025-12-17-092000","9":"tag-antrastes","10":"tag-breaking-news","11":"tag-breakingnews","12":"tag-daiktai","13":"tag-dienos-kronika","14":"tag-featured-news","15":"tag-featurednews","16":"tag-gatves-tekstai","17":"tag-gyvenimas","18":"tag-headlines","19":"tag-interneto-pievos","20":"tag-keliones","21":"tag-kultura","22":"tag-laisvalaikis","23":"tag-latest-news","24":"tag-latestnews","25":"tag-lietuva","26":"tag-lietuviu","27":"tag-lithuania","28":"tag-lithuanian","29":"tag-lt","30":"tag-mokslas-ir-it","31":"tag-naujienos","32":"tag-news","33":"tag-pasaulis","34":"tag-populiariausios-naujienos","35":"tag-populiariausiosnaujienos","36":"tag-projektai","37":"tag-rinktiniai-tekstai","38":"tag-simtmecio-portalas","39":"tag-sportas","40":"tag-top-stories","41":"tag-topstories","42":"tag-tv3-lt","43":"tag-verslas","44":"tag-video","45":"tag-zaidimai"},"share_on_mastodon":{"url":"","error":"Validation failed: Text character limit of 500 exceeded"},"_links":{"self":[{"href":"https:\/\/www.europesays.com\/lt\/wp-json\/wp\/v2\/posts\/63961","targetHints":{"allow":["GET"]}}],"collection":[{"href":"https:\/\/www.europesays.com\/lt\/wp-json\/wp\/v2\/posts"}],"about":[{"href":"https:\/\/www.europesays.com\/lt\/wp-json\/wp\/v2\/types\/post"}],"author":[{"embeddable":true,"href":"https:\/\/www.europesays.com\/lt\/wp-json\/wp\/v2\/users\/2"}],"replies":[{"embeddable":true,"href":"https:\/\/www.europesays.com\/lt\/wp-json\/wp\/v2\/comments?post=63961"}],"version-history":[{"count":0,"href":"https:\/\/www.europesays.com\/lt\/wp-json\/wp\/v2\/posts\/63961\/revisions"}],"wp:featuredmedia":[{"embeddable":true,"href":"https:\/\/www.europesays.com\/lt\/wp-json\/wp\/v2\/media\/63962"}],"wp:attachment":[{"href":"https:\/\/www.europesays.com\/lt\/wp-json\/wp\/v2\/media?parent=63961"}],"wp:term":[{"taxonomy":"category","embeddable":true,"href":"https:\/\/www.europesays.com\/lt\/wp-json\/wp\/v2\/categories?post=63961"},{"taxonomy":"post_tag","embeddable":true,"href":"https:\/\/www.europesays.com\/lt\/wp-json\/wp\/v2\/tags?post=63961"}],"curies":[{"name":"wp","href":"https:\/\/api.w.org\/{rel}","templated":true}]}}