{"id":63967,"date":"2025-12-17T11:26:16","date_gmt":"2025-12-17T11:26:16","guid":{"rendered":"https:\/\/www.europesays.com\/lt\/63967\/"},"modified":"2025-12-17T11:26:16","modified_gmt":"2025-12-17T11:26:16","slug":"i-uzvirusia-beatos-virtuves-algos-diskusija-isivele-ir-fausta-marija-lesciauskaite","status":"publish","type":"post","link":"https:\/\/www.europesays.com\/lt\/63967\/","title":{"rendered":"\u012e u\u017evirusi\u0105 \u201eBeatos virtuv\u0117s\u201c algos diskusij\u0105 \u012fsiv\u0117l\u0117 ir Fausta Marija Le\u0161\u010diauskait\u0117"},"content":{"rendered":"<p>Po to, kai \u201eNemuno Au\u0161ros\u201c lyderis Remigijus \u017demaitaitis pavie\u0161ino laidos \u201eBeatos virtuv\u0117\u201c \u012fkainius, laidos k\u016br\u0117ja ir ved\u0117ja Beata suskubo pasiai\u0161kinti. Garsi moteris soc. tinkle pavie\u0161ino \u012fra\u0161\u0105, kuriame atskleid\u0117, kad tas skai\u010dius, \u2013 239 t\u016bkstan\u010diai, \u2013 apie kuriuos kalb\u0117jo R. \u017demaitaitis, jos ki\u0161en\u0117je neatsiduria. Tai suma, kuri apima vis\u0173 met\u0173 laid\u0173, kai prie vienos i\u0161 j\u0173 dirba 8 \u017emoni\u0173 komanda, biud\u017eet\u0105. Jos pa\u010dios honoraras u\u017e vien\u0105 laid\u0105 \u2013 800 eur\u0173.  <\/p>\n<p>    <img decoding=\"async\" src=\"https:\/\/www.europesays.com\/lt\/wp-content\/uploads\/2025\/12\/1765970775_232_04d0bdea-0565-45c5-914d-5bc1b8a6e4b0.jpg\" loading=\"lazy\" alt=\"Beata Nicholson\"\/>    <\/p>\n<p>R. Luko\u0161evi\u010di\u016btei vie\u0161ai nusisteb\u0117jus komandos dyd\u017eiu, v\u0117l kilo diskusija. Soc. tinkl\u0173 vartotoja po \u201eDelfi\u201c straipsniu feisbuke ra\u0161\u0117: \u201eDaugiame\u010diame Beatos Nicholson vaidmenyje ir pa\u010dioje laidoje nematau nei la\u0161elio tautos kult\u016bros. Gra\u017eiausiai Beat\u0105 apib\u016bdino viena brandaus am\u017eiaus VU aukl\u0117tin\u0117: \u201eAr ta, kur rankomis kalba?\u201c. Kas d\u0117l atlyginimo? U\u017e pusvalandin\u012f pasiskery\u010diojim\u0105 \u2013 800 eur\u0173 \u2013 tikrai per daug. Sakot, u\u017etrunka filmavimas. Taip, bet kas moka mokytojui ir kitiems specialistams u\u017e pasiruo\u0161im\u0105 darbui?\u201c<\/p>\n<p>Po \u0161iuo komentaru suskubo pasisakyti ir F. M. Le\u0161\u010diauskait\u0117. \u201ePabandykite taip pusvaland\u012f pasiskery\u010dioti. Vis\u0173 pirma, abejotina, ar jums pavyks taip, kad nors pora \u017emoni\u0173 \u017ei\u016br\u0117t\u0173. Vis\u0173 antra, pasi\u017ei\u016br\u0117kime, kas pas jus \u012f laid\u0105 ateis. Kaimyn\u0117 Danut\u0117? Ji gal geras \u017emogus, bet kas, i\u0161skyrus jos draugus, nor\u0117s jos klausytis? J\u016bs tiesiog piktybi\u0161kai nesuprantate, u\u017e k\u0105 laid\u0173 ved\u0117jams mokami pinigai ir kokia tai sistema. Bet visame pasaulyje did\u017eiausios \u0161alies \u017evaig\u017ed\u0117s u\u017edirba daug, o Lietuva pasaulio kontekste atrodo gana kukliai\u201c, \u2013 teig\u0117 laid\u0173 ved\u0117ja. <\/p>\n<p>    <img decoding=\"async\" src=\"https:\/\/www.europesays.com\/lt\/wp-content\/uploads\/2025\/12\/c07905ce-11a0-458b-9113-1167d4ea708d.jpg\" loading=\"lazy\" alt=\"Fausta Marija Le\u0161\u010diauskait\u0117\"\/>      <\/p>\n<p>Stebisi komandos dyd\u017eiu<\/p>\n<p>Su \u201eDelfi\u201c kalb\u0117dama apie galimyb\u0119 dirbti su didele komanda, R. Luko\u0161evi\u010di\u016bt\u0117 pabr\u0117\u017e\u0117, kad tai rodo geb\u0117jim\u0105 organizuoti darb\u0105. Vis d\u0117lto ji pripa\u017eino, kad pati taip dirbti niekada negal\u0117jo.<\/p>\n<p>\u201eI\u0161 tikr\u0173j\u0173, jeigu ji gali sau leisti dirbti su a\u0161tuoniais \u017emon\u0117mis, tai belieka tik pasid\u017eiaugti. Kaip sakoma, vadinasi, \u017emon\u0117s moka taip dirbti \u2013 man asmeni\u0161kai taip niekada nepavyko. A\u0161 nesu verslinink\u0117 \u0161ioje srityje, tod\u0117l daug k\u0105 darome patys kartu su vyru\u201c, \u2013 sak\u0117 R\u016bta.<\/p>\n<p>Ji taip pat suabejojo, ar didel\u0117 komanda visada yra privalumas. Pasak jos, tam tikrais atvejais \u017emoni\u0173 skai\u010dius gali b\u016bti net perteklinis.<\/p>\n<p>\u201eNemanau, kad tai yra labai didelis pliusas, nes ir pavargsti, vienas \u017emogus negali visko padaryti, bet a\u0161tuoni \u2013 irgi per daug. \u012esivaizduoju, kad gal yra trys operatoriai, dar stilistas, kuris parenka drabu\u017eius, daro grim\u0105 ir pana\u0161iai. Daug k\u0105 i\u0161 ties\u0173 galima padaryti patiems, tod\u0117l ne\u017einau, ar \u010dia labai geras pavyzdys\u201c, \u2013 svarst\u0117 R. Luko\u0161evi\u010di\u016bt\u0117. <\/p>\n<p>       <img decoding=\"async\" src=\"https:\/\/www.europesays.com\/lt\/wp-content\/uploads\/2025\/12\/c3bc7220-7c6d-11ed-b50f-6fa38dc383a6.jpg\" loading=\"lazy\" alt=\"R\u016bta Luko\u0161evi\u010di\u016bt\u0117-Daudien\u0117 (RutaLu)\"\/>      <\/p>\n<p>Kalb\u0117dama apie pat\u012f laidos filmavimo proces\u0105, ji pabr\u0117\u017e\u0117, kad neturi asmenin\u0117s patirties dirbant tokiomis s\u0105lygomis. D\u0117l to dal\u012f dalyk\u0173 ji vertina remdamasi tuo, k\u0105 yra gird\u0117jusi.<\/p>\n<p>\u201eSupratau, kad prie tos laidos dirba a\u0161tuoni \u017emon\u0117s, bet jeigu daugiau gyvenime nieko nedarytum ir tik vestum \u0161i\u0105 laid\u0105\u2026 Na, a\u0161 niekada nesu buvusi laidos filmavime, bet, kiek suprantu, ne visk\u0105 ji pati daro \u2013 net ir kalbant apie maist\u0105. Ne\u017einau, ar tai tiesa, bet, kiek gird\u0117jau, daug kas b\u016bna jau padaryta i\u0161 anksto: supjaustyta ar paruo\u0161ta, kad filmavimo metu likt\u0173 tik nusifilmuoti. V\u0117lgi, ne\u017einau, ar tam reikia 16 ar kiek valand\u0173 pasiruo\u0161imo\u201c, \u2013 sak\u0117 ji. <\/p>\n<p>\u201eTai tikrai nema\u017ei pinigai\u201c<\/p>\n<p>Gar moteris pabr\u0117\u017e\u0117, kad jokiu b\u016bdu nenuvertina televizijos specialist\u0173 darbo. Vis d\u0117lto, jos nuomone, ma\u017eesn\u0117 komanda gal\u0117t\u0173 pasiekti pana\u0161\u0173 rezultat\u0105.<\/p>\n<p>\u201eA\u0161 n\u0117 kiek nenuvertinu \u017emoni\u0173 darbo, nes gra\u017eiai nufilmuoti ir sumontuoti \u2013 tikrai yra k\u0105 veikti, ypa\u010d kai kalbame apie maist\u0105. Darbo ten tikrai yra, bet, mano nuomone, ma\u017eesnis kolektyvas gal\u0117t\u0173 padaryti ne k\u0105 pras\u010diau, nes vienai laidai tiek \u017emoni\u0173 tikrai nereikia. Nebent ten dar atskirai yra reklamos ie\u0161kotojos ar dar ka\u017ekas\u201c, \u2013 kalb\u0117jo R\u016bta.<\/p>\n<p>Galiausiai R. Luko\u0161evi\u010di\u016bt\u0117 paliet\u0117 ir finansin\u012f aspekt\u0105. Ji teig\u0117, kad vertinant bendr\u0105 kontekst\u0105, situacija tikrai neatrodo dramati\u0161ka.<\/p>\n<p>\u201eSuprantu, jeigu tai b\u016bt\u0173 vienintelis darbas, bet, kiek man atrodo, ji turi pajam\u0173 ir i\u0161 kit\u0173 sri\u010di\u0173. Sud\u0117jus visk\u0105 bendrai, tikrai n\u0117ra ko li\u016bd\u0117ti. A\u0161 taip galvoju. Nors nem\u0117gstu skai\u010diuoti kit\u0173 \u017emoni\u0173 pinig\u0173, bet bendrai pa\u0117mus \u2013 800 eur\u0173 u\u017e laid\u0105 yra tikrai nema\u017ei pinigai\u201c, \u2013 su \u201eDelfi\u201c kalb\u0117jo garsi moteris. <\/p>\n<p>Atsak\u0117, koks jos atlyginimas<\/p>\n<p>Savo \u012fra\u0161u su sek\u0117jais ji pasidalijo socialiniuose tinkluose. Garsi moteris jame ra\u0161\u0117, kad skai\u010dius \u2013 239 t\u016bkstan\u010diai, \u2013 apie kuriuos kalb\u0117jo R. \u017demaitaitis, n\u0117ra jos ki\u0161en\u0117je. <\/p>\n<p>\u201eTai yra metinis mano laidos \u201eBeatos Virtuv\u0117\u201c biud\u017eetas. Per metus nufilmuojamos 37 laidos, ir visus \u0161iuos skai\u010dius, nes LRT yra biud\u017eetin\u0117 organizacija, galima laisvai pamatyti vie\u0161ai. Tai n\u0117ra vieno \u017emogaus produktas. Televizija yra komandinis darbas. Kas \u017ei\u016br\u0117jo laid\u0105, mat\u0117, kiek \u017emoni\u0173 joje dirba (8 ma\u017eiausiai prie vienos laidos)\u201c, \u2013 teig\u0117 B. Nicholson.<\/p>\n<p>Ji taip pat atvirai pasisak\u0117 ir apie savo darbo u\u017emokest\u012f.<\/p>\n<p>\u201eMano honoraras u\u017e vien\u0105 laid\u0105 yra 800 su mokes\u010diais. Vienos laidos filmavimas trunka apie 6\u20137 valandas, dar tiek pat laiko u\u017eima pasiruo\u0161imas ir komunikacija. Prie vienos laidos dirbu apie 16 valand\u0173. Atmetus mokes\u010dius, tai yra pras\u010diausiai apmokamas mano darbas. Kitose veiklose per valand\u0105 galiu u\u017edirbti ir kelis t\u016bkstan\u010dius eur\u0173\u201c, \u2013 ra\u0161\u0117 garsi moteris.<\/p>\n<p>Visas Beatos Nicholson \u012fra\u0161as:<\/p>\n","protected":false},"excerpt":{"rendered":"Po to, kai \u201eNemuno Au\u0161ros\u201c lyderis Remigijus \u017demaitaitis pavie\u0161ino laidos \u201eBeatos virtuv\u0117\u201c \u012fkainius, laidos k\u016br\u0117ja ir ved\u0117ja Beata&hellip;\n","protected":false},"author":2,"featured_media":63968,"comment_status":"","ping_status":"","sticky":false,"template":"","format":"standard","meta":{"footnotes":""},"categories":[6],"tags":[25,6295,30,31,4282,34,35,24,32,33,37,39,36,38,40,23,22,28,29,5358,26,27],"class_list":{"0":"post-63967","1":"post","2":"type-post","3":"status-publish","4":"format-standard","5":"has-post-thumbnail","7":"category-antrastes","8":"tag-antrastes","9":"tag-beata-nicholson","10":"tag-breaking-news","11":"tag-breakingnews","12":"tag-fausta-marija-lesciauskaite","13":"tag-featured-news","14":"tag-featurednews","15":"tag-headlines","16":"tag-latest-news","17":"tag-latestnews","18":"tag-lietuva","19":"tag-lietuviu","20":"tag-lithuania","21":"tag-lithuanian","22":"tag-lt","23":"tag-naujienos","24":"tag-news","25":"tag-populiariausios-naujienos","26":"tag-populiariausiosnaujienos","27":"tag-ruta-lukoseviciute","28":"tag-top-stories","29":"tag-topstories"},"share_on_mastodon":{"url":"https:\/\/pubeurope.com\/@lt\/115734667886256662","error":""},"_links":{"self":[{"href":"https:\/\/www.europesays.com\/lt\/wp-json\/wp\/v2\/posts\/63967","targetHints":{"allow":["GET"]}}],"collection":[{"href":"https:\/\/www.europesays.com\/lt\/wp-json\/wp\/v2\/posts"}],"about":[{"href":"https:\/\/www.europesays.com\/lt\/wp-json\/wp\/v2\/types\/post"}],"author":[{"embeddable":true,"href":"https:\/\/www.europesays.com\/lt\/wp-json\/wp\/v2\/users\/2"}],"replies":[{"embeddable":true,"href":"https:\/\/www.europesays.com\/lt\/wp-json\/wp\/v2\/comments?post=63967"}],"version-history":[{"count":0,"href":"https:\/\/www.europesays.com\/lt\/wp-json\/wp\/v2\/posts\/63967\/revisions"}],"wp:featuredmedia":[{"embeddable":true,"href":"https:\/\/www.europesays.com\/lt\/wp-json\/wp\/v2\/media\/63968"}],"wp:attachment":[{"href":"https:\/\/www.europesays.com\/lt\/wp-json\/wp\/v2\/media?parent=63967"}],"wp:term":[{"taxonomy":"category","embeddable":true,"href":"https:\/\/www.europesays.com\/lt\/wp-json\/wp\/v2\/categories?post=63967"},{"taxonomy":"post_tag","embeddable":true,"href":"https:\/\/www.europesays.com\/lt\/wp-json\/wp\/v2\/tags?post=63967"}],"curies":[{"name":"wp","href":"https:\/\/api.w.org\/{rel}","templated":true}]}}