{"id":63969,"date":"2025-12-17T11:28:08","date_gmt":"2025-12-17T11:28:08","guid":{"rendered":"https:\/\/www.europesays.com\/lt\/63969\/"},"modified":"2025-12-17T11:28:08","modified_gmt":"2025-12-17T11:28:08","slug":"prakalbo-apdovanojima-nesistojusiai-rutai-meilutytei-nuneses-kunigas-doveika-stai-ka-mano-tv3-lt","status":"publish","type":"post","link":"https:\/\/www.europesays.com\/lt\/63969\/","title":{"rendered":"Prakalbo apdovanojim\u0105 nesistojusiai R\u016btai Meilutytei nune\u0161\u0119s kunigas Doveika: \u0161tai k\u0105 mano &#8211; tv3.lt"},"content":{"rendered":"<ol>\n<li><a href=\"https:\/\/news.google.com\/rss\/articles\/CBMi0gFBVV95cUxOOXpldTJGaTFJZUxKQmtGajdUZEZfbEticm9zOFJIa0tEX0R1ZExZd1U1aEFNWHVjcU5VbUM1RHVyUndUZWU0Tmp6RlYtRW9oYVBlSTNkQWFPNGZXamFDdk4yV2wzNllPdWtZUUtTQkN6WkNFX0U5RmRwVXhzV2tkQk1lYWdfekVBV0FqVHBmWUp3YURleGF0WUNfT3hISmxQdkEwOVBPRU1xVEZYa2dqa2JqRXREcWYxZzNxV1RJcUNFdVFGZllUT1dFVG13WGJ1TFE?oc=5\" target=\"_blank\" rel=\"nofollow noopener\">Prakalbo apdovanojim\u0105 nesistojusiai R\u016btai Meilutytei nune\u0161\u0119s kunigas Doveika: \u0161tai k\u0105 mano<\/a>&nbsp;&nbsp;tv3.lt<\/li>\n<li><a href=\"https:\/\/news.google.com\/rss\/articles\/CBMi_AFBVV95cUxOSWNWR29pVEpOYjQzQ0RzeGxDR2ZXNDlUOVVtRDVoYnJZQUZhT0VsREI4WkNFYkdyM3AwYTUwdjhONURVWGFHS2dHdFlOQllNNUV2Y0pvbVBSWlcxc2pieHVIeWYwdlloNEZNOGp5MmZGZnFERzdIeXNnUUJCZzZRVEV4WHVDZ0M1SU90c1hTZFBaczlqTUJWSThqUnREZFd0TGNRbjVoWjBSVkI3Z2U0SHY2cTFpeTF5dmJkVmg1cktPYmxkRElMZzhaUFo2UWNxV0V0Ym5YcnZoQmUzSW92SjlKRmNyMFJOQUFwekJBOVhuVWU2MkJReVg3cjg?oc=5\" target=\"_blank\" rel=\"nofollow noopener\">R. Meilutyt\u0117 prakalbo, kod\u0117l nusprend\u0117 neatsiimti Met\u0173 sportinink\u0117s apdovanojimo<\/a>&nbsp;&nbsp;Lrytas<\/li>\n<li><a href=\"https:\/\/news.google.com\/rss\/articles\/CBMi3AFBVV95cUxNVS1JaW90RXJVamtWeE8xTkRVVm5nUC1XQWIwdUY1dmhJSy01N2ZrNDBBN2wwZjJlSm1idmlQdHE1R012SWEyZGtOdnJ6UEN4a1A3UlZBWmU2NzRmSWt6Rllpei1zY0szMzhuRkFUUGZJeFZ5WE5UQzdtS1VNcmJyMmxFclNfZ3M4OUE4d0dsUEl6RjAtdnNoNGs2VWhzc2xwSUZ4ekNieGxldXNGRlk3ZTBPNGpncDJTbGlmTjV1Zl9RZXg4eWxudi04al85R2RPLXNVUmZKQmhLUFVz?oc=5\" target=\"_blank\" rel=\"nofollow noopener\">Geriausias met\u0173 treneris \u2013 apie idealus, Meilutyt\u0117s protest\u0105 ir skandal\u0105 plaukime<\/a>&nbsp;&nbsp;15min.lt<\/li>\n<li><a href=\"https:\/\/news.google.com\/rss\/articles\/CBMiwwFBVV95cUxPR2U0MDY5VDdENDdJNkR2Zi1Dc2NEY1NQSFdhQWRCVmxHNWpBVUdvYzNUUjJDYlBpbURxZThlZDF0SUhZM2FUaVBaQm4ya3c5TThHTDI4Mk5qS2hQcEo5WTBOSk9IOEd4T0Y4WTJsN2YzenNGX21RZ2JaSWlDS1RoU1ZyOTRfSXZaaHNTaDBGclFLeVhYcldNVDZ6NHhGbUt4dGV5MElzbzhrWmVCVzc0T1FadzhWQnNVYkZ4a1NEbnRTZUk?oc=5\" target=\"_blank\" rel=\"nofollow noopener\">Lietuvos met\u0173 sportininkais pripa\u017einti R\u016bta Meilutyt\u0117 ir Mykolas Alekna<\/a>&nbsp;&nbsp;LRT<\/li>\n<\/ol>\n","protected":false},"excerpt":{"rendered":"Prakalbo apdovanojim\u0105 nesistojusiai R\u016btai Meilutytei nune\u0161\u0119s kunigas Doveika: \u0161tai k\u0105 mano&nbsp;&nbsp;tv3.lt R. Meilutyt\u0117 prakalbo, kod\u0117l nusprend\u0117 neatsiimti Met\u0173&hellip;\n","protected":false},"author":2,"featured_media":63970,"comment_status":"","ping_status":"","sticky":false,"template":"","format":"standard","meta":{"footnotes":""},"categories":[19],"tags":[14832,57,43,55,48,54,51,49,50,37,39,36,38,40,45,23,44,53,42,56,47,104,41,46,58,52],"class_list":{"0":"post-63969","1":"post","2":"type-post","3":"status-publish","4":"format-standard","5":"has-post-thumbnail","7":"category-sportas","8":"tag-2025-12-17-122100","9":"tag-daiktai","10":"tag-dienos-kronika","11":"tag-gatves-tekstai","12":"tag-gyvenimas","13":"tag-interneto-pievos","14":"tag-keliones","15":"tag-kultura","16":"tag-laisvalaikis","17":"tag-lietuva","18":"tag-lietuviu","19":"tag-lithuania","20":"tag-lithuanian","21":"tag-lt","22":"tag-mokslas-ir-it","23":"tag-naujienos","24":"tag-pasaulis","25":"tag-projektai","26":"tag-rinktiniai-tekstai","27":"tag-simtmecio-portalas","28":"tag-sportas","29":"tag-sports","30":"tag-tv3-lt","31":"tag-verslas","32":"tag-video","33":"tag-zaidimai"},"share_on_mastodon":{"url":"https:\/\/pubeurope.com\/@lt\/115734675782426364","error":""},"_links":{"self":[{"href":"https:\/\/www.europesays.com\/lt\/wp-json\/wp\/v2\/posts\/63969","targetHints":{"allow":["GET"]}}],"collection":[{"href":"https:\/\/www.europesays.com\/lt\/wp-json\/wp\/v2\/posts"}],"about":[{"href":"https:\/\/www.europesays.com\/lt\/wp-json\/wp\/v2\/types\/post"}],"author":[{"embeddable":true,"href":"https:\/\/www.europesays.com\/lt\/wp-json\/wp\/v2\/users\/2"}],"replies":[{"embeddable":true,"href":"https:\/\/www.europesays.com\/lt\/wp-json\/wp\/v2\/comments?post=63969"}],"version-history":[{"count":0,"href":"https:\/\/www.europesays.com\/lt\/wp-json\/wp\/v2\/posts\/63969\/revisions"}],"wp:featuredmedia":[{"embeddable":true,"href":"https:\/\/www.europesays.com\/lt\/wp-json\/wp\/v2\/media\/63970"}],"wp:attachment":[{"href":"https:\/\/www.europesays.com\/lt\/wp-json\/wp\/v2\/media?parent=63969"}],"wp:term":[{"taxonomy":"category","embeddable":true,"href":"https:\/\/www.europesays.com\/lt\/wp-json\/wp\/v2\/categories?post=63969"},{"taxonomy":"post_tag","embeddable":true,"href":"https:\/\/www.europesays.com\/lt\/wp-json\/wp\/v2\/tags?post=63969"}],"curies":[{"name":"wp","href":"https:\/\/api.w.org\/{rel}","templated":true}]}}