{"id":63975,"date":"2025-12-17T11:31:08","date_gmt":"2025-12-17T11:31:08","guid":{"rendered":"https:\/\/www.europesays.com\/lt\/63975\/"},"modified":"2025-12-17T11:31:08","modified_gmt":"2025-12-17T11:31:08","slug":"didziausias-investicines-saskaitos-isbandymas-ateis-2026-m","status":"publish","type":"post","link":"https:\/\/www.europesays.com\/lt\/63975\/","title":{"rendered":"Did\u017eiausias investicin\u0117s s\u0105skaitos i\u0161bandymas ateis 2026 m."},"content":{"rendered":"<p class=\"content-paragraph\">Investicin\u0117 s\u0105skaita \u2013 tai atskira s\u0105skaita, skirta tik investuoti \u012f atitinkamas finansines priemones. Jai taikomas naujas mokestinis re\u017eimas, investuotojams leid\u017eiantis atid\u0117ti kapitalo prieaugio apmokestinim\u0105 gyventoj\u0173 pajam\u0173 mokes\u010diu iki tol, kol jis n\u0117ra i\u0161gryninamas.<\/p>\n<p class=\"content-paragraph\">Konkre\u010dias s\u0105skaitas, kurioms \u0161\u012f mokestin\u012f re\u017eim\u0105 nor\u0117t\u0173 taikyti, gyventojai tur\u0117s pasirinkti deklaruodami pajamas u\u017e 2025 m., iki 2026 m. gegu\u017e\u0117s 1 d.<\/p>\n","protected":false},"excerpt":{"rendered":"Investicin\u0117 s\u0105skaita \u2013 tai atskira s\u0105skaita, skirta tik investuoti \u012f atitinkamas finansines priemones. Jai taikomas naujas mokestinis re\u017eimas,&hellip;\n","protected":false},"author":2,"featured_media":63976,"comment_status":"","ping_status":"","sticky":false,"template":"","format":"standard","meta":{"footnotes":""},"categories":[13],"tags":[25,30,31,34,35,24,32,33,37,39,36,38,40,23,22,28,29,26,27],"class_list":{"0":"post-63975","1":"post","2":"type-post","3":"status-publish","4":"format-standard","5":"has-post-thumbnail","7":"category-lietuva","8":"tag-antrastes","9":"tag-breaking-news","10":"tag-breakingnews","11":"tag-featured-news","12":"tag-featurednews","13":"tag-headlines","14":"tag-latest-news","15":"tag-latestnews","16":"tag-lietuva","17":"tag-lietuviu","18":"tag-lithuania","19":"tag-lithuanian","20":"tag-lt","21":"tag-naujienos","22":"tag-news","23":"tag-populiariausios-naujienos","24":"tag-populiariausiosnaujienos","25":"tag-top-stories","26":"tag-topstories"},"share_on_mastodon":{"url":"https:\/\/pubeurope.com\/@lt\/115734687545514280","error":""},"_links":{"self":[{"href":"https:\/\/www.europesays.com\/lt\/wp-json\/wp\/v2\/posts\/63975","targetHints":{"allow":["GET"]}}],"collection":[{"href":"https:\/\/www.europesays.com\/lt\/wp-json\/wp\/v2\/posts"}],"about":[{"href":"https:\/\/www.europesays.com\/lt\/wp-json\/wp\/v2\/types\/post"}],"author":[{"embeddable":true,"href":"https:\/\/www.europesays.com\/lt\/wp-json\/wp\/v2\/users\/2"}],"replies":[{"embeddable":true,"href":"https:\/\/www.europesays.com\/lt\/wp-json\/wp\/v2\/comments?post=63975"}],"version-history":[{"count":0,"href":"https:\/\/www.europesays.com\/lt\/wp-json\/wp\/v2\/posts\/63975\/revisions"}],"wp:featuredmedia":[{"embeddable":true,"href":"https:\/\/www.europesays.com\/lt\/wp-json\/wp\/v2\/media\/63976"}],"wp:attachment":[{"href":"https:\/\/www.europesays.com\/lt\/wp-json\/wp\/v2\/media?parent=63975"}],"wp:term":[{"taxonomy":"category","embeddable":true,"href":"https:\/\/www.europesays.com\/lt\/wp-json\/wp\/v2\/categories?post=63975"},{"taxonomy":"post_tag","embeddable":true,"href":"https:\/\/www.europesays.com\/lt\/wp-json\/wp\/v2\/tags?post=63975"}],"curies":[{"name":"wp","href":"https:\/\/api.w.org\/{rel}","templated":true}]}}