{"id":63979,"date":"2025-12-17T11:34:19","date_gmt":"2025-12-17T11:34:19","guid":{"rendered":"https:\/\/www.europesays.com\/lt\/63979\/"},"modified":"2025-12-17T11:34:19","modified_gmt":"2025-12-17T11:34:19","slug":"ruta-meilutyte-apie-lietuvos-plaukima-sudrebinusi-skandala-pavojaus-signalai-skambejo-jau-kuri-laika-bet-niekas-nieko-nedare","status":"publish","type":"post","link":"https:\/\/www.europesays.com\/lt\/63979\/","title":{"rendered":"R\u016bta Meilutyt\u0117 apie Lietuvos plaukim\u0105 sudrebinus\u012f skandal\u0105: \u201ePavojaus signalai skamb\u0117jo jau kur\u012f laik\u0105, bet niekas nieko nedar\u0117\u201c"},"content":{"rendered":"<p>\u00a0Pra\u0117jusi\u0105 savait\u0119 pasirod\u017eius vie\u0161ai informacijai d\u0117l galimai netinkamo elgesio, vienas i\u0161 Lietuvos plaukimo rinktin\u0117s treneri\u0173 \u2013 Paulius Andrijauskas nusprend\u0117 pasitraukti i\u0161 einam\u0173 pareig\u0173.<\/p>\n<p>P. Andrijauskas atsistatydino, kai Lietuvos plaukimo rinktin\u0117s nar\u0117 18-met\u0117 Smilt\u0117 Plytnykait\u0117 prabilo apie trenerio priekabiavim\u0105, o antradien\u012f ji dar kart\u0105 vie\u0161ai kreip\u0117si \u012f visuomen\u0119 bei teig\u0117, kad treneris \u201epats \u017einojo apie savo problemas\u201c.<\/p>\n<p>Netrukus \u012f S. Plytnykait\u0117s \u017eod\u017eius sureagavo ir Lietuvos plaukimo rinktin\u0117s lyder\u0117 R\u016bta Meilutyt\u0117. Ji pagyr\u0117 tautiet\u0119 u\u017e dr\u0105s\u0105 ir steb\u0117josi, kod\u0117l taip ilgai niekas nesi\u0117m\u0117 veiksm\u0173.<\/p>\n<p>\u201eSmilt\u0117 \u2013 labai dr\u0105si, nes prabilo. Kaip sunku yra kartais \u012fvardinti smurt\u0105, kada to nemato tave saugoti turin\u010dios atstovyb\u0117s, kada instituci\u0161kai yra palaikomas smurtas. Pavojaus signalai jau skamb\u0117jo kur\u012f laik\u0105, bet niekas nieko nedar\u0117. Tai turi keistis\u201c, \u2013 savo \u201einstagram\u201c paskyroje ra\u0161\u0117 R. Meilutyt\u0117.<\/p>\n<p>                    <a class=\"a-fancybox\" data-fancybox=\"\" data-src=\"https:\/\/static3.sportas.lt\/usi\/662x590\/2\/02\/7e\/5a\/027e5ad1fb628a0cf17f312713f4fa0d.jpg?v=1.0.8.08&amp;t=cr&amp;s=662x590&amp;m=2&amp;f=\/Uploads\/UGallery\/photos\/cf\/75\/7d\/a6\/cf757da6f1ad551e7d94754508ca5f57.jpg\"><br \/>\n                <img decoding=\"async\" align=\"center\" alt=\"R\u016btos Meilutyt\u0117s \u017einut\u0117 | Instagram.com nuotr\" title=\"R\u016btos Meilutyt\u0117s \u017einut\u0117 | Instagram.com nuotr\" src=\"https:\/\/www.europesays.com\/lt\/wp-content\/uploads\/2025\/12\/cf757da6f1ad551e7d94754508ca5f57.jpg\" \/><br \/>\n            <\/a><\/p>\n<p class=\"photoSource\">R\u016btos Meilutyt\u0117s \u017einut\u0117 | Instagram.com nuotr<\/p>\n<p>Pati R. Meilutyt\u0117 kiek anks\u010diau \u0161iemet nusprend\u0117 dr\u0105siai prabilti apie buvusio trenerio Jono Ruddo u\u017egauliojimus ir patirtas paty\u010dias. R. Meilutyt\u0117 teig\u0117, kad J. Ruddas skyr\u0117 per didel\u012f d\u0117mes\u012f svoriui ir plaukik\u0173 mitybai bei prisid\u0117jo prie jos valgymo sutrikim\u0173 ir depresijos. I\u0161 viso 12 buvusi\u0173 plaukik\u0173 BBC liudijo, kad b\u016bdami elitiniame jaun\u0173j\u0173 plaukik\u0173 klube, kai J. Ruddas buvo vyriausiasis treneris, patyr\u0117 paty\u010dias, toksi\u0161k\u0105 treniruo\u010di\u0173 atmosfer\u0105 ir maisto kontrol\u0117s kult\u016br\u0105.<\/p>\n<p>                                                                    <a href=\"https:\/\/www.sportas.lt\/naujiena\/532103\/mailto:info@sportas.lt\" rel=\"nofollow noopener\" target=\"_blank\">info@sportas.lt<\/a><\/p>\n<p>Naujien\u0173 portalo sportas.lt informacij\u0105 atgaminti visuomen\u0117s informavimo priemon\u0117se bei interneto tinklalapiuose be ra\u0161ti\u0161ko sutikimo draud\u017eiama.<\/p>\n<p>                                                            <script async src=\"\/\/www.instagram.com\/embed.js\"><\/script><\/p>\n","protected":false},"excerpt":{"rendered":"\u00a0Pra\u0117jusi\u0105 savait\u0119 pasirod\u017eius vie\u0161ai informacijai d\u0117l galimai netinkamo elgesio, vienas i\u0161 Lietuvos plaukimo rinktin\u0117s treneri\u0173 \u2013 Paulius Andrijauskas&hellip;\n","protected":false},"author":2,"featured_media":63980,"comment_status":"","ping_status":"","sticky":false,"template":"","format":"standard","meta":{"footnotes":""},"categories":[19],"tags":[57,43,55,48,54,51,49,50,37,39,36,38,40,45,23,44,53,42,56,47,112,104,46,58,52],"class_list":{"0":"post-63979","1":"post","2":"type-post","3":"status-publish","4":"format-standard","5":"has-post-thumbnail","7":"category-sportas","8":"tag-daiktai","9":"tag-dienos-kronika","10":"tag-gatves-tekstai","11":"tag-gyvenimas","12":"tag-interneto-pievos","13":"tag-keliones","14":"tag-kultura","15":"tag-laisvalaikis","16":"tag-lietuva","17":"tag-lietuviu","18":"tag-lithuania","19":"tag-lithuanian","20":"tag-lt","21":"tag-mokslas-ir-it","22":"tag-naujienos","23":"tag-pasaulis","24":"tag-projektai","25":"tag-rinktiniai-tekstai","26":"tag-simtmecio-portalas","27":"tag-sportas","28":"tag-sportas-lt","29":"tag-sports","30":"tag-verslas","31":"tag-video","32":"tag-zaidimai"},"share_on_mastodon":{"url":"https:\/\/pubeurope.com\/@lt\/115734699446240063","error":""},"_links":{"self":[{"href":"https:\/\/www.europesays.com\/lt\/wp-json\/wp\/v2\/posts\/63979","targetHints":{"allow":["GET"]}}],"collection":[{"href":"https:\/\/www.europesays.com\/lt\/wp-json\/wp\/v2\/posts"}],"about":[{"href":"https:\/\/www.europesays.com\/lt\/wp-json\/wp\/v2\/types\/post"}],"author":[{"embeddable":true,"href":"https:\/\/www.europesays.com\/lt\/wp-json\/wp\/v2\/users\/2"}],"replies":[{"embeddable":true,"href":"https:\/\/www.europesays.com\/lt\/wp-json\/wp\/v2\/comments?post=63979"}],"version-history":[{"count":0,"href":"https:\/\/www.europesays.com\/lt\/wp-json\/wp\/v2\/posts\/63979\/revisions"}],"wp:featuredmedia":[{"embeddable":true,"href":"https:\/\/www.europesays.com\/lt\/wp-json\/wp\/v2\/media\/63980"}],"wp:attachment":[{"href":"https:\/\/www.europesays.com\/lt\/wp-json\/wp\/v2\/media?parent=63979"}],"wp:term":[{"taxonomy":"category","embeddable":true,"href":"https:\/\/www.europesays.com\/lt\/wp-json\/wp\/v2\/categories?post=63979"},{"taxonomy":"post_tag","embeddable":true,"href":"https:\/\/www.europesays.com\/lt\/wp-json\/wp\/v2\/tags?post=63979"}],"curies":[{"name":"wp","href":"https:\/\/api.w.org\/{rel}","templated":true}]}}