{"id":63985,"date":"2025-12-17T11:37:11","date_gmt":"2025-12-17T11:37:11","guid":{"rendered":"https:\/\/www.europesays.com\/lt\/63985\/"},"modified":"2025-12-17T11:37:11","modified_gmt":"2025-12-17T11:37:11","slug":"pacientams-skubus-prasymas-laikas-prisiminti-medicinines-kaukes","status":"publish","type":"post","link":"https:\/\/www.europesays.com\/lt\/63985\/","title":{"rendered":"Pacientams \u2013 skubus pra\u0161ymas: laikas prisiminti medicinines kaukes"},"content":{"rendered":"\n<p>Antradien\u012f tokiu pra\u0161ymu pasidalino ir <a href=\"https:\/\/www.tv3.lt\/gaires\/antakalnio-poliklinika\" target=\"_blank\" rel=\"nofollow noopener\">Antakalnio poliklinika<\/a>.<\/p>\n<p>\u201eLietuvoje fiksuojamas padid\u0117j\u0119s sergamumas gripu, COVID-19 ir vir\u0161utini\u0173 kv\u0117pavimo tak\u0173 ligomis. Tod\u0117l labai rekomenduojame lankantis poliklinikoje visiems d\u0117v\u0117ti veido kaukes.<\/p>\n<p>Primename, kad pacientams, kurie kar\u0161\u010diuoja ar jau\u010dia per\u0161alimo simptomus, veido kauki\u0173 arba respiratori\u0173 d\u0117v\u0117jimas yra privalomas viso vizito poliklinikoje metu.<\/p>\n<p>Atvykus \u012f poliklinik\u0105 ir i\u0161vykstant i\u0161 jos, nepamir\u0161kite dezinfekuoti rank\u0173, laikytis saugaus atstumo, kos\u0117jimo bei \u010diaud\u0117jimo etiketo. Jei <a href=\"https:\/\/www.tv3.lt\/gaires\/kaukes\" target=\"_blank\" rel=\"nofollow noopener\">kauk\u0117s<\/a> neturite, jas galima gauti poliklinikos registrat\u016broje.<\/p>\n<p>R\u016bpinkim\u0117s savimi ir aplinkiniais, kad art\u0117jan\u010dias did\u017ei\u0105sias met\u0173 \u0161ventes visi pasitiktume sveiki! D\u0117kojame u\u017e supratingum\u0105\u201c, \u2013\u00a0skelb\u0117 poliklinika socialiniame tinkle.<\/p>\n<p>      <a href=\"https:\/\/www.tv3.lt\/Uploads\/UGallery\/photos\/71\/37\/a3\/69\/7137a369e66755105ae872757f167106.jpg\" data-fancybox=\"photos-embed\" data-caption=\"Poliklinika (Gabrieliaus Vai\u0161vilos nuotr.) (nuotr. Elta)\" target=\"_self\" rel=\"nofollow noopener\"> <img decoding=\"async\" class=\"photo-inside-article\" align=\"center\" alt=\"Poliklinika (Gabrieliaus Vai\u0161vilos nuotr.) (nuotr. Elta)\" title=\"Poliklinika (Gabrieliaus Vai\u0161vilos nuotr.) (nuotr. Elta)\" src=\"https:\/\/www.europesays.com\/lt\/wp-content\/uploads\/2025\/12\/7137a369e66755105ae872757f167106.jpg\" width=\"684\" height=\"654\" loading=\"lazy\" \/> <\/a>       <\/p>\n<p>Naujien\u0173 portalas <a href=\"https:\/\/www.tv3.lt\/programos\/tv3\/pilna\" target=\"_blank\" class=\"phrase\" rel=\"nofollow noopener\">tv3<\/a>.lt primena, kad neseniai informacija apie b\u016btinas d\u0117v\u0117ti kaukes pasidalino ir <a href=\"https:\/\/www.tv3.lt\/naujiena\/lietuva\/pacientu-demesiui-zinia-is-poliklinikos-siems-zmonems-kaukes-yra-privalomos-n1477940\" target=\"_blank\" rel=\"nofollow noopener\">Karolini\u0161ki\u0173 poliklinika<\/a>.<\/p>\n<p>\u201eAtsi\u017evelgdami \u012f Vilniaus apskrityje tendencingai did\u0117jant\u012f sergamum\u0105 gripu, \u016bmin\u0117mis vir\u0161utini\u0173 kv\u0117pavimo tak\u0173 infekcijomis (\u016aVKTI) ir COVID-19 liga (<a href=\"https:\/\/www.tv3.lt\/rubrika\/naujienos\/lietuva\/koronavirusas-covid-19\" target=\"_blank\" class=\"phrase\" rel=\"nofollow noopener\">koronaviruso<\/a> infekcija) bei siekiant suma\u017einti infekcij\u0173 plitim\u0105, atvykstant \u012f poliklinik\u0105 pra\u0161ome d\u0117v\u0117ti medicinines veido kaukes ar respiratorius. Primename, jog kar\u0161\u010diuojantiems pacientams ar turintiems u\u017ekre\u010diam\u0173j\u0173 lig\u0173 simptom\u0173, apsaugos priemon\u0117s yra privalomos.<\/p>\n<p>Taip pat atvykus \u012f poliklinik\u0105 ir i\u0161vykstant i\u0161 jos, nepami\u0161kite dezinfekuoti rankas tam skirtose vietose bei laikytis saugaus atstumo nuo kit\u0173 pacient\u0173 ir\/ar darbuotoj\u0173, nepamir\u0161ti saugaus \u010diaud\u0117jimo ar kos\u0117jimo etiketo. Saugokite save, savo artimuosius ir b\u016bkite sveiki!\u201c \u2013\u00a0ra\u0161\u0117\u00a0\u012fstaiga socialiniame tinkle.<\/p>\n<p>  <a href=\"https:\/\/www.sveikata.lt\/liga\/gripas\/38\" target=\"_blank\" class=\"phrase\" rel=\"nofollow noopener\">Gripo<\/a> skai\u010diai i\u0161augo 2 kartus <\/p>\n<p>Nacionalinio\u00a0visuomen\u0117s sveikatos centro\u00a0(NVSC) duomenimis,\u00a0Lietuvoje gruod\u017eio 8\u201314 d. (50-\u0105j\u0105 met\u0173 savait\u0119) bendras sergamumo gripu, \u016bmin\u0117mis vir\u0161utini\u0173 kv\u0117pavimo tak\u0173 infekcijomis (\u016aVKTI) ir COVID-19 liga rodiklis siek\u0117 1246,1 atvejo 100 t\u016bkst. gyventoj\u0173. Ankstesn\u0119 savait\u0119 (49-\u0105j\u0105 met\u0173 savait\u0119) jis buvo ma\u017eesnis (918,9 atvejo 100 t\u016bkst. gyventoj\u0173).<\/p>\n<p>\u201eTad \u0161iuo metu labai svarbu prisiminti ir laikytis prevencini\u0173 priemoni\u0173: rank\u0173 higienos, kos\u0117jimo ir \u010diaud\u0117jimo etiketo bei skiepytis nuo gripo ir COVID-19. Ypatingai svarbu pajutus simptomus nesilankyti \u017emoni\u0173 susib\u016brimuose, neiti \u012f darb\u0105, ugdymo \u012fstaigas, kad neplatintume virus\u0173 ir neu\u017ekr\u0117stume kit\u0173\u201c, \u2013 prane\u0161ime spaudai skelb\u0117 \u012fstaiga.<\/p>\n<p>Ma\u017eiausias sergamumas pra\u0117jusi\u0105 savait\u0119 fiksuotas\u00a0Panev\u0117\u017eio apskrityje, did\u017eiausias \u2013 Vilniaus apskrityje. Epidemin\u012f sergamum\u0105 siek\u0117 septynios \u2013\u00a0Vilniaus miesto ir rajono, Trak\u0173,\u00a0\u0160irvint\u0173, Jonavos\u00a0rajono, Alytaus miesto ir rajono \u2013\u00a0savivaldyb\u0117s.<\/p>\n<p>\u201eLyginant su ankstesne savaite gripo atvej\u0173 skai\u010dius padid\u0117jo beveik dvigubai, COVID-19 liga ir \u016aVKTI skai\u010dius taip pat padid\u0117jo. Pra\u0117jusi\u0105 savait\u0119 (50-\u0105j\u0105 met\u0173 savait\u0119) Lietuvoje d\u0117l gripo \u012f ligonines buvo paguldyti 173 asmenys, d\u0117l COVID-19 ligos \u2013 48. D\u0117l \u0161i\u0173 lig\u0173 6 asmenys buvo gydomi intensyviosios terapijos skyriuose. Registruoti 2 mirties nuo COVID-19 ligos atvejai. Nuo gripo mirties atvej\u0173 neu\u017eregistruota\u201c, \u2013 nurod\u0117 NVSC.\u00a0<\/p>\n<p>Kas savait\u0119 did\u0117ja sergamumas gripu, ypa\u010d tarp vaik\u0173. Ligonin\u0117se gydom\u0173 asmen\u0173 skai\u010dius taip pat auga, vaikai 50-\u0105j\u0105 met\u0173 savait\u0119 sudar\u0117 67 proc.<\/p>\n<p>Daugiau informacijos apie tai, kaip neu\u017esikr\u0117sti pa\u010diam ir neplatinti virus\u0173 aplinkoje, \u0161iame plakate:\u00a0<\/p>\n<p>     <a href=\"https:\/\/www.tv3.lt\/Uploads\/UGallery\/photos\/90\/a9\/d7\/fa\/90a9d7fa0213bbfa334321753095d965.jpg\" data-fancybox=\"photos-embed\" data-caption=\"Kaip saugotis gripo?\" target=\"_self\" rel=\"nofollow noopener\"> <img decoding=\"async\" class=\"photo-inside-article\" align=\"center\" alt=\"Kaip saugotis gripo?\" title=\"Kaip saugotis gripo?\" src=\"https:\/\/www.europesays.com\/lt\/wp-content\/uploads\/2025\/12\/90a9d7fa0213bbfa334321753095d965.jpg\" width=\"684\" height=\"654\" loading=\"lazy\" \/> <\/a><br \/>\n Kaip saugotis gripo?  <\/p>\n<p>\n                                        \u0160altinis:<br \/>\n                                                                                    tv3.lt\n                                                                                <\/p>\n<p>Kvie\u010diame atrasti nauj\u0105 tv3.lt turin\u012f! Nuo \u0161iol portale j\u016bs\u0173 laukia <a href=\"https:\/\/www.tv3.lt\/testai\" rel=\"nofollow noopener\" target=\"_blank\">kasdien nauji testai<\/a>   \u2013 i\u0161bandykite savo \u017einias ir smagiai praleiskite laik\u0105. <\/p>\n","protected":false},"excerpt":{"rendered":"Antradien\u012f tokiu pra\u0161ymu pasidalino ir Antakalnio poliklinika. \u201eLietuvoje fiksuojamas padid\u0117j\u0119s sergamumas gripu, COVID-19 ir vir\u0161utini\u0173 kv\u0117pavimo tak\u0173 ligomis.&hellip;\n","protected":false},"author":2,"featured_media":63986,"comment_status":"","ping_status":"","sticky":false,"template":"","format":"standard","meta":{"footnotes":""},"categories":[13],"tags":[14835,25,30,31,57,43,34,35,55,48,24,54,51,49,50,32,33,37,39,36,38,40,45,23,22,44,28,29,53,42,56,47,26,27,41,46,58,52],"class_list":{"0":"post-63985","1":"post","2":"type-post","3":"status-publish","4":"format-standard","5":"has-post-thumbnail","7":"category-lietuva","8":"tag-2025-12-17-103000","9":"tag-antrastes","10":"tag-breaking-news","11":"tag-breakingnews","12":"tag-daiktai","13":"tag-dienos-kronika","14":"tag-featured-news","15":"tag-featurednews","16":"tag-gatves-tekstai","17":"tag-gyvenimas","18":"tag-headlines","19":"tag-interneto-pievos","20":"tag-keliones","21":"tag-kultura","22":"tag-laisvalaikis","23":"tag-latest-news","24":"tag-latestnews","25":"tag-lietuva","26":"tag-lietuviu","27":"tag-lithuania","28":"tag-lithuanian","29":"tag-lt","30":"tag-mokslas-ir-it","31":"tag-naujienos","32":"tag-news","33":"tag-pasaulis","34":"tag-populiariausios-naujienos","35":"tag-populiariausiosnaujienos","36":"tag-projektai","37":"tag-rinktiniai-tekstai","38":"tag-simtmecio-portalas","39":"tag-sportas","40":"tag-top-stories","41":"tag-topstories","42":"tag-tv3-lt","43":"tag-verslas","44":"tag-video","45":"tag-zaidimai"},"share_on_mastodon":{"url":"","error":"Validation failed: Text character limit of 500 exceeded"},"_links":{"self":[{"href":"https:\/\/www.europesays.com\/lt\/wp-json\/wp\/v2\/posts\/63985","targetHints":{"allow":["GET"]}}],"collection":[{"href":"https:\/\/www.europesays.com\/lt\/wp-json\/wp\/v2\/posts"}],"about":[{"href":"https:\/\/www.europesays.com\/lt\/wp-json\/wp\/v2\/types\/post"}],"author":[{"embeddable":true,"href":"https:\/\/www.europesays.com\/lt\/wp-json\/wp\/v2\/users\/2"}],"replies":[{"embeddable":true,"href":"https:\/\/www.europesays.com\/lt\/wp-json\/wp\/v2\/comments?post=63985"}],"version-history":[{"count":0,"href":"https:\/\/www.europesays.com\/lt\/wp-json\/wp\/v2\/posts\/63985\/revisions"}],"wp:featuredmedia":[{"embeddable":true,"href":"https:\/\/www.europesays.com\/lt\/wp-json\/wp\/v2\/media\/63986"}],"wp:attachment":[{"href":"https:\/\/www.europesays.com\/lt\/wp-json\/wp\/v2\/media?parent=63985"}],"wp:term":[{"taxonomy":"category","embeddable":true,"href":"https:\/\/www.europesays.com\/lt\/wp-json\/wp\/v2\/categories?post=63985"},{"taxonomy":"post_tag","embeddable":true,"href":"https:\/\/www.europesays.com\/lt\/wp-json\/wp\/v2\/tags?post=63985"}],"curies":[{"name":"wp","href":"https:\/\/api.w.org\/{rel}","templated":true}]}}