{"id":65598,"date":"2025-12-19T12:06:11","date_gmt":"2025-12-19T12:06:11","guid":{"rendered":"https:\/\/www.europesays.com\/lt\/65598\/"},"modified":"2025-12-19T12:06:11","modified_gmt":"2025-12-19T12:06:11","slug":"rozines-jav-svajones-apie-marsa-bliuksta-kas-sugrazino-trumpa-i-realybe","status":"publish","type":"post","link":"https:\/\/www.europesays.com\/lt\/65598\/","title":{"rendered":"Ro\u017ein\u0117s JAV svajon\u0117s apie Mars\u0105 bli\u016bk\u0161ta: kas sugr\u0105\u017eino Trump\u0105 \u012f realyb\u0119?"},"content":{"rendered":"<p>Savo vykdomajame \u012fsake d\u0117l kosmoso politikos D. Trumpas teigia norintis iki 2028 m. nusi\u0173sti amerikie\u010dius \u012f M\u0117nul\u012f pagal NASA program\u0105 \u201eArtemis\u201c, kuri buvo prad\u0117ta jo pirmosios kadencijos Baltuosiuose r\u016bmuose metu.<\/p>\n<p>Tokiu nusileidimu M\u0117nulyje \u201eb\u016bt\u0173 \u012ftvirtinta Amerikos lyderyst\u0117 kosmoso srityje, pad\u0117tas pagrindas M\u0117nulio ekonominei pl\u0117trai, pasirengta kelionei \u012f Mars\u0105 ir \u012fkv\u0117pta nauja Amerikos tyrin\u0117toj\u0173 karta\u201c, teigiama \u012fsake.<\/p>\n<p>Jame taip pat teigiama, kad JAV kosmoso agent\u016bra NASA tikisi \u012fkurti \u201epirmuosius nuolatin\u0117s M\u0117nulio baz\u0117s elementus iki 2030 m.\u201c ir patvirtina planus \u012fkurti branduolinius reaktorius \u201eM\u0117nulyje ir orbitoje\u201c.<\/p>\n<p>        <img decoding=\"async\" src=\"https:\/\/www.europesays.com\/lt\/wp-content\/uploads\/2025\/12\/a2c6fcdb-ba2d-414c-87e5-1d3b67c36b56.jpg\" loading=\"lazy\" alt=\"Artemis I misija\"\/>      <\/p>\n<p>\u0160iuo metu amerikie\u010diai planuoja gr\u012f\u017eti \u012f M\u0117nul\u012f 2027 m. viduryje per misij\u0105 \u201eArtemis 3\u201c, ta\u010diau terminas buvo kelet\u0105 kart\u0173 atid\u0117tas.<\/p>\n<p>Pramon\u0117s ekspertai teigia, kad jis grei\u010diausiai bus v\u0117l atid\u0117tas, nes Elono Musko \u201eSpaceX\u201c kuriamas M\u0117nulio nusileidimo aparatas dar n\u0117ra parengtas.<\/p>\n<p>D. Trumpo vykdomasis \u012fsakas didina spaudim\u0105 tiek NASA, tiek priva\u010diam kosmoso sektoriui siekti administracijos keliam\u0173 tiksl\u0173.<\/p>\n<p>    <img decoding=\"async\" src=\"https:\/\/www.europesays.com\/lt\/wp-content\/uploads\/2025\/12\/6b513194-b9ff-4514-8d21-fb6229c6a579.jpg\" loading=\"lazy\" alt=\"Artemis II misijos astronautai\"\/>      <\/p>\n<p>JAV nori aplenkti Kinij\u0105, kuri taip pat ketina iki 2030 m. nusi\u0173sti \u012f M\u0117nul\u012f \u012fgul\u0105 ir ten \u012fkurti baz\u0119.<\/p>\n<p>Prioriteto suteikimas M\u0117nulio misijai rei\u0161kia politikos pokyt\u012f, palyginti su tuo, k\u0105 D. Trumpas kalb\u0117jo anks\u010diau \u0161iais metais.<\/p>\n<p>Sausio m\u0117nes\u012f gr\u012f\u017e\u0119s \u012f Baltuosius r\u016bmus respublikonas sak\u0117, kad nori iki savo ketveri\u0173 met\u0173 kadencijos pabaigos i\u0161kelti Amerikos v\u0117liav\u0105 Marse, bet nemin\u0117jo joki\u0173 plan\u0173 d\u0117l M\u0117nulio. Tas parei\u0161kimas suk\u0117l\u0117 abejoni\u0173 d\u0117l administracijos prioritet\u0173 kosmoso srityje ir paskatino nerim\u0105, kad NASA visi\u0161kai apleis M\u0117nul\u012f.<\/p>\n<p>       <img decoding=\"async\" src=\"https:\/\/www.europesays.com\/lt\/wp-content\/uploads\/2025\/12\/3f2df24f-8c3d-4361-9620-3d975ebb3485.jpg\" loading=\"lazy\" alt=\"M\u0117nulis\"\/>      <\/p>\n<p>Ta\u010diau dabar, nors Va\u0161ingtonas jau seniai sak\u0117, kad nori b\u016bti pirm\u0105ja \u0161alimi, i\u0161siuntusia \u017emones \u012f Mars\u0105, ta realyb\u0117 atrodo nutolusi.<\/p>\n<p>Bir\u017eelio m\u0117nes\u012f kil\u0119s gin\u010das tarp D. Trumpo ir E. Musko, kuris aistringai domisi galimyb\u0117mis tyrin\u0117ti Mars\u0105, kartu su kitomis neatid\u0117liotinomis geopolitin\u0117mis problemomis gal\u0117jo pakeisti D. Trumpo planus.<\/p>\n","protected":false},"excerpt":{"rendered":"Savo vykdomajame \u012fsake d\u0117l kosmoso politikos D. Trumpas teigia norintis iki 2028 m. nusi\u0173sti amerikie\u010dius \u012f M\u0117nul\u012f pagal&hellip;\n","protected":false},"author":2,"featured_media":65599,"comment_status":"","ping_status":"","sticky":false,"template":"","format":"standard","meta":{"footnotes":""},"categories":[15],"tags":[25,30,31,194,34,35,24,32,33,37,39,36,38,40,10781,23,22,44,28,29,26,27,74,75,76],"class_list":{"0":"post-65598","1":"post","2":"type-post","3":"status-publish","4":"format-standard","5":"has-post-thumbnail","7":"category-pasaulis","8":"tag-antrastes","9":"tag-breaking-news","10":"tag-breakingnews","11":"tag-donaldas-trumpas","12":"tag-featured-news","13":"tag-featurednews","14":"tag-headlines","15":"tag-latest-news","16":"tag-latestnews","17":"tag-lietuva","18":"tag-lietuviu","19":"tag-lithuania","20":"tag-lithuanian","21":"tag-lt","22":"tag-marsas","23":"tag-naujienos","24":"tag-news","25":"tag-pasaulis","26":"tag-populiariausios-naujienos","27":"tag-populiariausiosnaujienos","28":"tag-top-stories","29":"tag-topstories","30":"tag-world","31":"tag-world-news","32":"tag-worldnews"},"share_on_mastodon":{"url":"https:\/\/pubeurope.com\/@lt\/115746149852860565","error":""},"_links":{"self":[{"href":"https:\/\/www.europesays.com\/lt\/wp-json\/wp\/v2\/posts\/65598","targetHints":{"allow":["GET"]}}],"collection":[{"href":"https:\/\/www.europesays.com\/lt\/wp-json\/wp\/v2\/posts"}],"about":[{"href":"https:\/\/www.europesays.com\/lt\/wp-json\/wp\/v2\/types\/post"}],"author":[{"embeddable":true,"href":"https:\/\/www.europesays.com\/lt\/wp-json\/wp\/v2\/users\/2"}],"replies":[{"embeddable":true,"href":"https:\/\/www.europesays.com\/lt\/wp-json\/wp\/v2\/comments?post=65598"}],"version-history":[{"count":0,"href":"https:\/\/www.europesays.com\/lt\/wp-json\/wp\/v2\/posts\/65598\/revisions"}],"wp:featuredmedia":[{"embeddable":true,"href":"https:\/\/www.europesays.com\/lt\/wp-json\/wp\/v2\/media\/65599"}],"wp:attachment":[{"href":"https:\/\/www.europesays.com\/lt\/wp-json\/wp\/v2\/media?parent=65598"}],"wp:term":[{"taxonomy":"category","embeddable":true,"href":"https:\/\/www.europesays.com\/lt\/wp-json\/wp\/v2\/categories?post=65598"},{"taxonomy":"post_tag","embeddable":true,"href":"https:\/\/www.europesays.com\/lt\/wp-json\/wp\/v2\/tags?post=65598"}],"curies":[{"name":"wp","href":"https:\/\/api.w.org\/{rel}","templated":true}]}}