{"id":66315,"date":"2025-12-20T12:43:21","date_gmt":"2025-12-20T12:43:21","guid":{"rendered":"https:\/\/www.europesays.com\/lt\/66315\/"},"modified":"2025-12-20T12:43:21","modified_gmt":"2025-12-20T12:43:21","slug":"kalediniame-autobuse-keleiviu-dainos-ir-eilerasciai-gyvenimas","status":"publish","type":"post","link":"https:\/\/www.europesays.com\/lt\/66315\/","title":{"rendered":"Kal\u0117diniame autobuse \u2013 keleivi\u0173 dainos ir eil\u0117ra\u0161\u010diai | Gyvenimas"},"content":{"rendered":"<p>\u201e\u0160is autobusas \u2013 ne tik transporto priemon\u0117, bet ir \u0161ventinis renginys\u201c, \u2013 sako keleiviai. O kas slepiasi po Kal\u0117d\u0173 Senelio kostiumu, vairuojant meduoliais dekoruot\u0105 autobus\u0105? Tai \u2013 Jurijus Zvonkovas, \u201eVilniaus vie\u0161ojo transporto\u201c vairuotojas, kuris keleiviams ger\u0105 nuotaik\u0105 kuria ne tik \u0161ventiniu laikotarpiu.<\/p>\n<p>\u201eId\u0117ja persirengti Kal\u0117d\u0173 Seneliu ir vairuoti autobus\u0105 kilo mano \u017emonai\u201c, \u2013 pasakoja Jurijus. Jo \u012fprastinis mar\u0161rutas driekiasi pro gydymo \u012fstaigas, tod\u0117l neretai tenka ve\u017eti nuli\u016bdusius ar susikrimtusius \u017emones. B\u016btent tai paskatino vairuotoj\u0105 ie\u0161koti b\u016bd\u0173 bent \u0161iek tiek pakelti keleivi\u0173 nuotaik\u0105 prie\u0161 \u0161ventes. Kur\u012f laik\u0105 \u0161ventin\u0117 nuotaika buvo kuriama simboliniais aprangos akcentais, o \u0161iemet jis pirm\u0105 kart\u0105 vairuoja Kal\u0117din\u012f autobus\u0105 \u2013 tai tapo i\u0161skirtine patirtimi tiek keleiviams, tiek jam pa\u010diam.<\/p>\n<p> <a href=\"https:\/\/s1.15min.lt\/images\/photos\/2025\/12\/19\/original\/kaledinio-autobuso-vairuotojas-jurijus-zvonkovas-69456411b2263.jpg\" rel=\"content-image nofollow noopener\" title=\"Bendrov\u0117s nuotr.\/Kal\u0117dinio autobuso vairuotojas Jurijus Zvonkovas\" target=\"_blank\"><img decoding=\"async\" alt=\"Bendrov\u0117s nuotr.\/Kal\u0117dinio autobuso vairuotojas Jurijus Zvonkovas\" rel=\"content-image\" src=\"https:\/\/www.europesays.com\/lt\/wp-content\/uploads\/2025\/12\/kaledinio-autobuso-vairuotojas-jurijus-zvonkovas-69456411b2263.jpg\" style=\"width: auto; height: auto;\"\/><\/a> <\/p>\n<p>Bendrov\u0117s nuotr.\/Kal\u0117dinio autobuso vairuotojas Jurijus Zvonkovas<\/p>\n<p>Kal\u0117diniame autobuse keleiviai ne tik keliauja, bet ir dainuoja \u0161ventines dainas. \u201eTai, kaip \u012fsitraukia keleiviai, \u0161ypsosi ir dainuoja, \u2013 tiesiog neapsakoma\u201c, \u2013 sako Jurijus. Pasak vairuotojo, mar\u0161ruto metu keleiviai noriai prisijungia prie kal\u0117dini\u0173 dain\u0173 \u2013 dainuoja tiek vaikai, tiek suaugusieji. Ma\u017eieji keleiviai \u012f \u0161ventin\u012f autobus\u0105 da\u017enai ateina pasiruo\u0161\u0119 \u2013 deklamuoja eil\u0117ra\u0161\u010dius ar pasakoja pasakas, o tokios akimirkos sukuria ypating\u0105 \u0161ventin\u0119 nuotaik\u0105 visiems keliaujantiems.<\/p>\n<p>Kal\u0117dinio autobuso mar\u0161rutas \u2013 tai ne tik gra\u017e\u016bs vaizdai, bet ir emocijos, kurian\u010dios \u0161ventin\u0119 atmosfer\u0105, paliekan\u010di\u0105 gerus prisiminimus ir suartinan\u010di\u0105 \u017emones. Autobusas stoja 12-oje stoteli\u0173 ir kursuoja darbo dienomis nuo 10 iki 19 val. bei savaitgaliais nuo 13 iki 20.30 val. Mar\u0161rutas leid\u017eia keleiviams pasigro\u017e\u0117ti Vilniaus \u0161ventine aplinka ir pagrindin\u0117mis miesto lankytinomis vietomis.<\/p>\n","protected":false},"excerpt":{"rendered":"\u201e\u0160is autobusas \u2013 ne tik transporto priemon\u0117, bet ir \u0161ventinis renginys\u201c, \u2013 sako keleiviai. O kas slepiasi po&hellip;\n","protected":false},"author":2,"featured_media":66316,"comment_status":"","ping_status":"","sticky":false,"template":"","format":"standard","meta":{"footnotes":""},"categories":[13],"tags":[25,30,31,34,35,24,32,33,37,39,36,38,40,23,22,28,29,26,27],"class_list":{"0":"post-66315","1":"post","2":"type-post","3":"status-publish","4":"format-standard","5":"has-post-thumbnail","7":"category-lietuva","8":"tag-antrastes","9":"tag-breaking-news","10":"tag-breakingnews","11":"tag-featured-news","12":"tag-featurednews","13":"tag-headlines","14":"tag-latest-news","15":"tag-latestnews","16":"tag-lietuva","17":"tag-lietuviu","18":"tag-lithuania","19":"tag-lithuanian","20":"tag-lt","21":"tag-naujienos","22":"tag-news","23":"tag-populiariausios-naujienos","24":"tag-populiariausiosnaujienos","25":"tag-top-stories","26":"tag-topstories"},"share_on_mastodon":{"url":"https:\/\/pubeurope.com\/@lt\/115751957652245687","error":""},"_links":{"self":[{"href":"https:\/\/www.europesays.com\/lt\/wp-json\/wp\/v2\/posts\/66315","targetHints":{"allow":["GET"]}}],"collection":[{"href":"https:\/\/www.europesays.com\/lt\/wp-json\/wp\/v2\/posts"}],"about":[{"href":"https:\/\/www.europesays.com\/lt\/wp-json\/wp\/v2\/types\/post"}],"author":[{"embeddable":true,"href":"https:\/\/www.europesays.com\/lt\/wp-json\/wp\/v2\/users\/2"}],"replies":[{"embeddable":true,"href":"https:\/\/www.europesays.com\/lt\/wp-json\/wp\/v2\/comments?post=66315"}],"version-history":[{"count":0,"href":"https:\/\/www.europesays.com\/lt\/wp-json\/wp\/v2\/posts\/66315\/revisions"}],"wp:featuredmedia":[{"embeddable":true,"href":"https:\/\/www.europesays.com\/lt\/wp-json\/wp\/v2\/media\/66316"}],"wp:attachment":[{"href":"https:\/\/www.europesays.com\/lt\/wp-json\/wp\/v2\/media?parent=66315"}],"wp:term":[{"taxonomy":"category","embeddable":true,"href":"https:\/\/www.europesays.com\/lt\/wp-json\/wp\/v2\/categories?post=66315"},{"taxonomy":"post_tag","embeddable":true,"href":"https:\/\/www.europesays.com\/lt\/wp-json\/wp\/v2\/tags?post=66315"}],"curies":[{"name":"wp","href":"https:\/\/api.w.org\/{rel}","templated":true}]}}