{"id":66325,"date":"2025-12-20T13:01:26","date_gmt":"2025-12-20T13:01:26","guid":{"rendered":"https:\/\/www.europesays.com\/lt\/66325\/"},"modified":"2025-12-20T13:01:26","modified_gmt":"2025-12-20T13:01:26","slug":"ignitis-primena-deklaruoti-elektros-ir-duju-rodmenis-iki-metu-galo","status":"publish","type":"post","link":"https:\/\/www.europesays.com\/lt\/66325\/","title":{"rendered":"Ignitis primena deklaruoti elektros ir duj\u0173 rodmenis iki met\u0173 galo"},"content":{"rendered":"<p>Art\u0117jant met\u0173 pabaigai \u201eIgnitis\u201c elektros ir buitiniams gamtini\u0173 duj\u0173 vartotojams primena apie pareig\u0105 deklaruoti skaitikli\u0173 rodmenis iki paskutin\u0117s \u0161i\u0173 met\u0173 dienos.<\/p>\n<p>Pareiga tinkamai ir laiku deklaruoti elektros suvartojimo rodmenis numatyta Lietuvos Respublikos elektros energijos tiekimo ir naudojimo taisykl\u0117se, o duj\u0173 rodmen\u0173 deklaravimas apibr\u0117\u017etas sutar\u010di\u0173 su buitiniais vartotojais d\u0117l gamtini\u0173 duj\u0173 tiekimo, perdavimo ir skirstymo standartini\u0173 s\u0105lyg\u0173 apra\u0161e ir sutartyse su gamtini\u0173 duj\u0173 tiek\u0117ju.<\/p>\n<p>Kadangi nuo sausio 1\u00a0d. kei\u010diasi Valstybin\u0117s energetikos reguliavimo tarybos (VERT) reguliuojamos kainos dalys, svarbu rodmenis u\u017e \u0161iuos metus deklaruoti iki paskutin\u0117s met\u0173 dienos, taip i\u0161laikant savo mok\u0117jim\u0173 u\u017e paslaugas tikslum\u0105 ir disciplin\u0105.<\/p>\n<p>Be to, jeigu buitiniai gamtini\u0173 duj\u0173 vartotojai nedeklaruoja skaitikli\u0173 rodmen\u0173 arba deklaruoja neteisingai, gali susidaryti situacija, kai vartotojo per metus suvartotas gamtini\u0173 duj\u0173 kiekis neatitinka jam taikomo plano suvartojimo r\u0117\u017ei\u0173. Tokiu atveju, pasibaigus metams, praeit\u0173 met\u0173 vartotojo mok\u0117jimai b\u016bt\u0173 automati\u0161kai perskai\u010diuojami \u012f pagal jo suvartojim\u0105 atitinkan\u010dio plano \u2013 kitos kain\u0173 grup\u0117s \u2013 kainas.<\/p>\n<p>Kaip galima deklaruoti duomenis:<\/p>\n<ul>\n<li>Patogiausia ir grei\u010diausia \u2013 <a class=\"external-link\" href=\"https:\/\/mano.ignitis.lt\/\" target=\"_blank\" rel=\"nofollow noopener\">internetu<\/a>. Tai nuolat s\u0117kmingai daro did\u017eioji dalis \u201eIgnitis\u201c klient\u0173. Beje, internetu deklaruoti galite tiek u\u017e save, tik u\u017e artim\u0105j\u012f (<a href=\"https:\/\/ignitis.lt\/duk\/nepriklausomas-elektros-tiekimas\/skaitiklio-rodmenu-deklaravimas\/kaip-deklaruoti-elektros-rodmenis-uz-artimaji\" rel=\"nofollow noopener\" target=\"_blank\">Kaip deklaruoti u\u017e artim\u0105j\u012f<\/a>).<\/li>\n<li>Elektronin\u0117je bankininkyst\u0117je, savitarnoje ir klientams \u012fprastose \u012fmok\u0173 surinkimo vietose.<\/li>\n<li>\u201eIgnitis\u201c klient\u0173 aptarnavimo centruose arba telefonu +370\u00a0611\u00a021802<\/li>\n<\/ul>\n<p>Jei turite i\u0161man\u0173j\u012f elektros skaitikl\u012f ar esate gaminantys vartotojai, papildomai deklaruoti elektros rodmen\u0173 nereikia \u2013 j\u016bs\u0173 elektros energijos suvartojimo duomenys tiek\u0117jui perduodami automati\u0161kai.<\/p>\n<p>Deklaruokite rodmenis savitarnoje<\/p>\n","protected":false},"excerpt":{"rendered":"Art\u0117jant met\u0173 pabaigai \u201eIgnitis\u201c elektros ir buitiniams gamtini\u0173 duj\u0173 vartotojams primena apie pareig\u0105 deklaruoti skaitikli\u0173 rodmenis iki paskutin\u0117s&hellip;\n","protected":false},"author":2,"featured_media":66326,"comment_status":"","ping_status":"","sticky":false,"template":"","format":"standard","meta":{"footnotes":""},"categories":[13],"tags":[25,30,31,34,35,24,32,33,37,39,36,38,40,23,22,28,29,26,27],"class_list":{"0":"post-66325","1":"post","2":"type-post","3":"status-publish","4":"format-standard","5":"has-post-thumbnail","7":"category-lietuva","8":"tag-antrastes","9":"tag-breaking-news","10":"tag-breakingnews","11":"tag-featured-news","12":"tag-featurednews","13":"tag-headlines","14":"tag-latest-news","15":"tag-latestnews","16":"tag-lietuva","17":"tag-lietuviu","18":"tag-lithuania","19":"tag-lithuanian","20":"tag-lt","21":"tag-naujienos","22":"tag-news","23":"tag-populiariausios-naujienos","24":"tag-populiariausiosnaujienos","25":"tag-top-stories","26":"tag-topstories"},"share_on_mastodon":{"url":"https:\/\/pubeurope.com\/@lt\/115752028312473635","error":""},"_links":{"self":[{"href":"https:\/\/www.europesays.com\/lt\/wp-json\/wp\/v2\/posts\/66325","targetHints":{"allow":["GET"]}}],"collection":[{"href":"https:\/\/www.europesays.com\/lt\/wp-json\/wp\/v2\/posts"}],"about":[{"href":"https:\/\/www.europesays.com\/lt\/wp-json\/wp\/v2\/types\/post"}],"author":[{"embeddable":true,"href":"https:\/\/www.europesays.com\/lt\/wp-json\/wp\/v2\/users\/2"}],"replies":[{"embeddable":true,"href":"https:\/\/www.europesays.com\/lt\/wp-json\/wp\/v2\/comments?post=66325"}],"version-history":[{"count":0,"href":"https:\/\/www.europesays.com\/lt\/wp-json\/wp\/v2\/posts\/66325\/revisions"}],"wp:featuredmedia":[{"embeddable":true,"href":"https:\/\/www.europesays.com\/lt\/wp-json\/wp\/v2\/media\/66326"}],"wp:attachment":[{"href":"https:\/\/www.europesays.com\/lt\/wp-json\/wp\/v2\/media?parent=66325"}],"wp:term":[{"taxonomy":"category","embeddable":true,"href":"https:\/\/www.europesays.com\/lt\/wp-json\/wp\/v2\/categories?post=66325"},{"taxonomy":"post_tag","embeddable":true,"href":"https:\/\/www.europesays.com\/lt\/wp-json\/wp\/v2\/tags?post=66325"}],"curies":[{"name":"wp","href":"https:\/\/api.w.org\/{rel}","templated":true}]}}