{"id":66572,"date":"2025-12-20T19:13:40","date_gmt":"2025-12-20T19:13:40","guid":{"rendered":"https:\/\/www.europesays.com\/lt\/66572\/"},"modified":"2025-12-20T19:13:40","modified_gmt":"2025-12-20T19:13:40","slug":"ziniasklaida-es-plana-del-ukrainos-suzlugde-du-lyderiai","status":"publish","type":"post","link":"https:\/\/www.europesays.com\/lt\/66572\/","title":{"rendered":"\u017diniasklaida: ES plan\u0105 d\u0117l Ukrainos su\u017elugd\u0117 du lyderiai"},"content":{"rendered":"<p>Remiantis \u201eFinancial Times\u201c, ketvirtadien\u012f, truput\u012f po 21 val. vietos laiku, 27 ES valstybi\u0173 nari\u0173 lyderiams buvo pateikta atnaujinta Vokietijos remiamo plano suteikti Ukrainai 90 mlrd. eur\u0173 dyd\u017eio paskol\u0105 panaudojant \u012f\u0161aldytus Rusijos aktyvus versija. Bet plano \u012fmantrumas atbaid\u0117 netgi optimisti\u0161kiausiai nusiteikusius lyderius.<\/p>\n<p>\u201eI\u0161 to nieko neb\u016bt\u0173 i\u0161\u0117j\u0119, \u2013 parei\u0161k\u0117 vienas auk\u0161to rango ES diplomatas. \u2013 Toks techni\u0161kas ir miglotas pasi\u016blymas i\u0161g\u0105sdino lyderius&#8230; jis primin\u0117 pasal\u0105.\u201c<\/p>\n<p>\u201eFinancial Times\u201c priduria, kad niekais nu\u0117jo ne vien\u0105 m\u0117nes\u012f truk\u0119 diplomatiniai \u012ftikin\u0117jimai d\u0117l Rusijos l\u0117\u0161\u0173 panaudojimo. <\/p>\n<p>Sud\u0117tingi susitarimai Belgijos nuog\u0105stavimams d\u0117l galim\u0173 teisini\u0173 padarini\u0173 suma\u017einti privert\u0117 anks\u010diau plan\u0105 palaikiusias sostines persigalvoti.<\/p>\n<p>G. Meloni ir E. Macronas i\u0161rei\u0161k\u0117 susir\u016bpinim\u0105, kad Pranc\u016bzijos ir Italijos parlamentai nepritars finansin\u0117ms garantijoms, kuri\u0173 reikalauja Belgija, t. y. \u012fsipareigoti prisid\u0117ti prie paskolos gr\u0105\u017einimo, jeigu to prireikt\u0173.<\/p>\n<p>\u201eTa\u0161k\u0105 pad\u0117jo G. Meloni\u201c, \u2013 \u201eFinancial Times\u201c nurod\u0117 ES diplomatas ir prid\u016br\u0117, kad E. Macronas diskusij\u0173 metu daugiausia tyl\u0117jo.<\/p>\n<p>Po 17 valand\u0173 trukusi\u0173 deryb\u0173 lyderiai galiausiai susitar\u0117 Kyjivui skirtus 90 mlrd. eur\u0173 pasiskolinti kapitalo rinkose, panaudojant ES biud\u017eeto l\u0117\u0161as.<\/p>\n<p>\u201eSveikas protas nugal\u0117jo \u2013 mums pavyko susitarti d\u0117l reikiam\u0173 i\u0161tekli\u0173, o priimtas sprendimas pasi\u017eymi tvirtu teisiniu ir finansiniu pagrindu\u201c, \u2013 po vir\u0161\u016bni\u0173 susitikimo reporteriams parei\u0161k\u0117 G. Meloni.<\/p>\n<p>E. Macronas sak\u0117, kad bendras skolinimasis yra realisti\u0161kiausias ir prakti\u0161kiausias sprendimas.<\/p>\n<p>Rusija d\u017ei\u016bgauja<\/p>\n<p>Rusija penktadien\u012f d\u017eiaug\u0117si ES valstybi\u0173 nari\u0173 pasiektu kompromisu d\u0117l Ukrainos finansavimo ir j\u012f vadino \u012fstatymo ir sveiko proto pergale.<\/p>\n<p>\u201eKol kas nugal\u0117jo teis\u0117 ir sveikas protas\u201c, \u2013 penktadien\u012f platformoje \u201eTelegram\u201c parei\u0161k\u0117 Rusijos vyriausiasis derybininkas Kirilas Dmitrijevas.<\/p>\n<p>Jis apib\u016bdino Briuselyje priimt\u0105 sprendim\u0105 kaip \u201emirtin\u0105 sm\u016bg\u012f\u201c tiems, kuriuos pats vadino \u201ekar\u0173 kurstytojais\u201c, atskirai pamin\u0117damas Europos Komisijos pirminink\u0119 Ursul\u0105 von der Leyen, Vokietijos kancler\u012f Friedrich\u0105 Merz\u0105 ir Did\u017eiosios Britanijos ministr\u0105 pirminink\u0105 Keir\u0105 Starmer\u012f.<\/p>\n<p>\u201eKeletas proto bals\u0173 ES kol kas u\u017ekerta keli\u0105 neteis\u0117tam Rusijos rezerv\u0173 panaudojimui Ukrainos finansavimui\u201c, \u2013 ra\u0161\u0117 K. Dmitrijevas.<\/p>\n<p>Po kelis m\u0117nesius trukusi\u0173 gin\u010d\u0173 penktadien\u012f ES valstyb\u0117s nar\u0117s susitar\u0117 d\u0117l kompromiso d\u0117l Ukrainos finansavimo per ateinan\u010dius dvejus metus.<\/p>\n<p>Pagal susitarim\u0105 Ukraina gaus 90 mlrd. eur\u0173 beprocentin\u0119 paskol\u0105. Jei Rusija nesumok\u0117s kompensacijos u\u017e karo padaryt\u0105 \u017eal\u0105, paskolai gr\u0105\u017einti bus panaudoti ES \u012f\u0161aldyti Rusijos aktyvai.<\/p>\n<p>Siekdamas \u012fkalb\u0117ti ES suteikti iki 210 mlrd. eur\u0173 paskol\u0105 Ukrainai, Vokietijos kancleris i\u0161 prad\u017ei\u0173 siek\u0117 panaudoti Rusijos centrinio banko l\u0117\u0161as, \u012f\u0161aldytas daugiausia Belgijoje, ta\u010diau d\u0117l Pranc\u016bzijos, Italijos ir ypa\u010d Belgijos pasiprie\u0161inimo \u0161is planas ketvirtadien\u012f \u017elugo.<\/p>\n","protected":false},"excerpt":{"rendered":"Remiantis \u201eFinancial Times\u201c, ketvirtadien\u012f, truput\u012f po 21 val. vietos laiku, 27 ES valstybi\u0173 nari\u0173 lyderiams buvo pateikta atnaujinta&hellip;\n","protected":false},"author":2,"featured_media":66573,"comment_status":"","ping_status":"","sticky":false,"template":"","format":"standard","meta":{"footnotes":""},"categories":[6],"tags":[25,30,31,652,34,35,5836,24,32,33,37,39,36,38,40,23,22,28,29,26,27],"class_list":{"0":"post-66572","1":"post","2":"type-post","3":"status-publish","4":"format-standard","5":"has-post-thumbnail","7":"category-antrastes","8":"tag-antrastes","9":"tag-breaking-news","10":"tag-breakingnews","11":"tag-emmanuelis-macronas","12":"tag-featured-news","13":"tag-featurednews","14":"tag-giorgia-meloni","15":"tag-headlines","16":"tag-latest-news","17":"tag-latestnews","18":"tag-lietuva","19":"tag-lietuviu","20":"tag-lithuania","21":"tag-lithuanian","22":"tag-lt","23":"tag-naujienos","24":"tag-news","25":"tag-populiariausios-naujienos","26":"tag-populiariausiosnaujienos","27":"tag-top-stories","28":"tag-topstories"},"share_on_mastodon":{"url":"https:\/\/pubeurope.com\/@lt\/115753491033104124","error":""},"_links":{"self":[{"href":"https:\/\/www.europesays.com\/lt\/wp-json\/wp\/v2\/posts\/66572","targetHints":{"allow":["GET"]}}],"collection":[{"href":"https:\/\/www.europesays.com\/lt\/wp-json\/wp\/v2\/posts"}],"about":[{"href":"https:\/\/www.europesays.com\/lt\/wp-json\/wp\/v2\/types\/post"}],"author":[{"embeddable":true,"href":"https:\/\/www.europesays.com\/lt\/wp-json\/wp\/v2\/users\/2"}],"replies":[{"embeddable":true,"href":"https:\/\/www.europesays.com\/lt\/wp-json\/wp\/v2\/comments?post=66572"}],"version-history":[{"count":0,"href":"https:\/\/www.europesays.com\/lt\/wp-json\/wp\/v2\/posts\/66572\/revisions"}],"wp:featuredmedia":[{"embeddable":true,"href":"https:\/\/www.europesays.com\/lt\/wp-json\/wp\/v2\/media\/66573"}],"wp:attachment":[{"href":"https:\/\/www.europesays.com\/lt\/wp-json\/wp\/v2\/media?parent=66572"}],"wp:term":[{"taxonomy":"category","embeddable":true,"href":"https:\/\/www.europesays.com\/lt\/wp-json\/wp\/v2\/categories?post=66572"},{"taxonomy":"post_tag","embeddable":true,"href":"https:\/\/www.europesays.com\/lt\/wp-json\/wp\/v2\/tags?post=66572"}],"curies":[{"name":"wp","href":"https:\/\/api.w.org\/{rel}","templated":true}]}}