{"id":66584,"date":"2025-12-20T19:29:20","date_gmt":"2025-12-20T19:29:20","guid":{"rendered":"https:\/\/www.europesays.com\/lt\/66584\/"},"modified":"2025-12-20T19:29:20","modified_gmt":"2025-12-20T19:29:20","slug":"jav-teisingumo-departamentas-paviesino-jeffrey-epsteino-bylos-dokumentus-nuotraukose-zinomi-asmenys","status":"publish","type":"post","link":"https:\/\/www.europesays.com\/lt\/66584\/","title":{"rendered":"JAV teisingumo departamentas pavie\u0161ino Jeffrey Epsteino bylos dokumentus: nuotraukose \u2013 \u017einomi asmenys"},"content":{"rendered":"<p>\n                11:20<\/p>\n<p>                                    \/12:57\n                                            <\/p>\n<p>                Prenumeratoriams<\/p>\n<p>\n                JAV teisingumo departamentas penktadien\u012f prad\u0117jo skelbti ilgai lauktus savo tyrimo d\u0117l nuteisto seksualinio nusikalt\u0117lio Jeffrey Epsteino dokumentus, ta\u010diau daug j\u0173 yra smarkiai cenz\u016bruoti.            <\/p>\n<p>\u0160io straipsnio \u012fgarsinimo gali klausyti tik 15min prenumeratoriai<\/p>\n<p>        <a onclick=\"$('html,body').animate({scrollTop: ($('.paid-content-text').offset().top - 150)}, 'slow'); gaTagEvent('navigation', 'nav_article', 'audio_prenumeruoti');\">Prenumeruoti<\/a><\/p>\n<p>\t\t\t\t<a href=\"https:\/\/s1.15min.lt\/images\/photos\/2025\/12\/20\/original\/jeffrey-epsteinas-69466a4aa6ece.jpg\" title=\" Jeffrey Epsteinas \/  \/ \" class=\"image-link\" rel=\"nofollow noopener\" target=\"_blank\"><br \/>\n\t\t\t<img decoding=\"async\" alt=\"Jeffrey Epsteinas \/  \/ \" src=\"https:\/\/www.europesays.com\/lt\/wp-content\/uploads\/2025\/12\/jeffrey-epsteinas-69466a4aa6ece.jpg\" itemprop=\"image\" width=\"970\" height=\"580\" fetchpriority=\"high\"\/>\t\t\t\t\t<\/a><\/p>\n<p>\n        Jeffrey Epsteinas \/  \/  \t<\/p>\n","protected":false},"excerpt":{"rendered":"11:20 \/12:57 Prenumeratoriams JAV teisingumo departamentas penktadien\u012f prad\u0117jo skelbti ilgai lauktus savo tyrimo d\u0117l nuteisto seksualinio nusikalt\u0117lio Jeffrey&hellip;\n","protected":false},"author":2,"featured_media":66585,"comment_status":"","ping_status":"","sticky":false,"template":"","format":"standard","meta":{"footnotes":""},"categories":[15],"tags":[25,30,31,34,35,24,32,33,37,39,36,38,40,23,22,44,28,29,26,27,74,75,76],"class_list":{"0":"post-66584","1":"post","2":"type-post","3":"status-publish","4":"format-standard","5":"has-post-thumbnail","7":"category-pasaulis","8":"tag-antrastes","9":"tag-breaking-news","10":"tag-breakingnews","11":"tag-featured-news","12":"tag-featurednews","13":"tag-headlines","14":"tag-latest-news","15":"tag-latestnews","16":"tag-lietuva","17":"tag-lietuviu","18":"tag-lithuania","19":"tag-lithuanian","20":"tag-lt","21":"tag-naujienos","22":"tag-news","23":"tag-pasaulis","24":"tag-populiariausios-naujienos","25":"tag-populiariausiosnaujienos","26":"tag-top-stories","27":"tag-topstories","28":"tag-world","29":"tag-world-news","30":"tag-worldnews"},"share_on_mastodon":{"url":"https:\/\/pubeurope.com\/@lt\/115753554437450670","error":""},"_links":{"self":[{"href":"https:\/\/www.europesays.com\/lt\/wp-json\/wp\/v2\/posts\/66584","targetHints":{"allow":["GET"]}}],"collection":[{"href":"https:\/\/www.europesays.com\/lt\/wp-json\/wp\/v2\/posts"}],"about":[{"href":"https:\/\/www.europesays.com\/lt\/wp-json\/wp\/v2\/types\/post"}],"author":[{"embeddable":true,"href":"https:\/\/www.europesays.com\/lt\/wp-json\/wp\/v2\/users\/2"}],"replies":[{"embeddable":true,"href":"https:\/\/www.europesays.com\/lt\/wp-json\/wp\/v2\/comments?post=66584"}],"version-history":[{"count":0,"href":"https:\/\/www.europesays.com\/lt\/wp-json\/wp\/v2\/posts\/66584\/revisions"}],"wp:featuredmedia":[{"embeddable":true,"href":"https:\/\/www.europesays.com\/lt\/wp-json\/wp\/v2\/media\/66585"}],"wp:attachment":[{"href":"https:\/\/www.europesays.com\/lt\/wp-json\/wp\/v2\/media?parent=66584"}],"wp:term":[{"taxonomy":"category","embeddable":true,"href":"https:\/\/www.europesays.com\/lt\/wp-json\/wp\/v2\/categories?post=66584"},{"taxonomy":"post_tag","embeddable":true,"href":"https:\/\/www.europesays.com\/lt\/wp-json\/wp\/v2\/tags?post=66584"}],"curies":[{"name":"wp","href":"https:\/\/api.w.org\/{rel}","templated":true}]}}