{"id":66594,"date":"2025-12-20T19:38:28","date_gmt":"2025-12-20T19:38:28","guid":{"rendered":"https:\/\/www.europesays.com\/lt\/66594\/"},"modified":"2025-12-20T19:38:28","modified_gmt":"2025-12-20T19:38:28","slug":"naglis-sulija-pasirode-su-nauja-mylimaja-kartu-atvyko-i-raudona-kaledini-vakareli","status":"publish","type":"post","link":"https:\/\/www.europesays.com\/lt\/66594\/","title":{"rendered":"Naglis \u0160ulija pasirod\u0117 su nauja mylim\u0105ja: kartu atvyko \u012f \u201eraudon\u0105\u201c kal\u0117din\u012f vakar\u0117l\u012f"},"content":{"rendered":"<p class=\"intro text-19 xs:text-21 xs:leading-[30px] md:text-22 mb-5 font-semibold leading-[28px] md:pt-0 md:leading-[33px] first-letter:text-primary first-letter:font-libre md:first-letter:text-81 first-letter:float-left first-letter:mr-2 first-letter:text-[67px] first-letter:leading-[55px] md:mb-10 md:first-letter:mr-3 md:first-letter:leading-[66px]\">Ketvirtadienio vakar\u0105 Vilniuje \u012fvyko \u0161venti\u0161kas kal\u0117dinis vakar\u0117lis, sub\u016br\u0119s kulinarijos laidos \u201eGero savaitgalio receptas\u201c k\u016brybin\u0119 komand\u0105, projekto partnerius, draugus ir gaus\u0173 b\u016br\u012f \u017einom\u0173 \u0161alies veid\u0173. \u012e vakar\u0117l\u012f kartu su nauja mylim\u0105ja atvyko ir or\u0173 prane\u0161\u0117jas, laid\u0173 ved\u0117jas Naglis \u0160ulija.<\/p>\n<p>Kvietime \u012f rengin\u012f buvo nurodyta, jog vakaro aprangos kodas yra raudona detal\u0117, tad sve\u010diai atskub\u0117jo k\u016brybi\u0161kai \u012fvertin\u0119 \u0161vent\u0117s \u0161eiminink\u0173 pra\u0161ym\u0105 \u2013 kas puo\u0161\u0117si raudonais apdarais, kas \u0161ia spalva da\u017e\u0117si l\u016bpas, kas pasidabino \u012fvairiais raudonais akcentais \u2013 skarel\u0117mis, rankin\u0117mis, p\u0117dkeln\u0117mis.<\/p>\n<p>Renginyje pasirod\u0117 ir meteorologas, TV3 \u017eini\u0173 or\u0173 prane\u0161\u0117jas Naglis \u0160ulija.<\/p>\n<p>Vyrui draugij\u0105 palaik\u0117 jo nauja mylimoji, interjero dizainer\u0117 Viktorija Mykolaityt\u0117, ra\u0161o portalas delfi.lt ir primena, kad N.\u0160ulija i\u0161 pirmos santuokos turi du suaugusius s\u016bnus.<\/p>\n<p> <a href=\"https:\/\/s1.15min.lt\/images\/photos\/2025\/12\/19\/original\/vakarelis-12-18-177-69455e35029f1.jpg\" rel=\"nofollow noopener\" target=\"_blank\"><img alt=\"Naglis \u0160ulija ir Viktorija Mykolaityt\u0117\" loading=\"lazy\" width=\"533\" height=\"800\" decoding=\"async\" data-nimg=\"1\" class=\"mx-auto\" style=\"color:transparent\" src=\"https:\/\/www.europesays.com\/lt\/wp-content\/uploads\/2025\/12\/1766259503_565_vakarelis-12-18-177-69455e35029f1.jpg\"\/><\/a><\/p>\n<p>Naglis \u0160ulija ir Viktorija Mykolaityt\u0117 \/ Evaldo Rud\u017eio nuotr.<\/p>\n<p>\u012e rengin\u012f taip pat atvyko Leonardas Pobedonoscevas, Saugirdas Vaitulionis, Kristina Ivanova, Viktorija \u0160aulyt\u0117, Joringis \u0160atas, Vaida Lisikait\u0117, Ugn\u0117 \u0160ilagalyt\u0117, Egl\u0117 Jak\u0161tyt\u0117, Gediminas \u017dilinskas, \u017dilvinas Grigaitis, Redita Dominaityt\u0117, Ugn\u0117 Martusevi\u010di\u016bt\u0117, Robertas Svetlauskas ir kiti.<\/p>\n<p>Taip pat skaitykite<\/p>\n<p><a class=\"peer relative block w-full mb-0\" data-ga-track=\"article_related_articles\" data-ga-vars=\"0,swipeable,0,editorial,photo\" href=\"https:\/\/zmones.15min.lt\/naujiena\/buvusi-tv-gelbetoja-monika-ostrenkova-kaip-issirinkti-partneri-nenusimovus-kelniu-xvVZGoRw5g4\" rel=\"nofollow noopener\" target=\"_blank\"><img alt=\"Monika Ostrenkova\" loading=\"lazy\" decoding=\"async\" data-nimg=\"fill\" style=\"position:absolute;height:100%;width:100%;left:0;top:0;right:0;bottom:0;color:transparent\" src=\"https:\/\/www.europesays.com\/lt\/wp-content\/uploads\/2025\/12\/monika-ostrenkova-6915a00be0d2d.jpg\"\/><\/a><a class=\"peer relative block w-full mb-0\" data-ga-track=\"article_related_articles\" data-ga-vars=\"0,swipeable,1,editorial,photo\" href=\"https:\/\/zmones.15min.lt\/naujiena\/issiskyre-verslininkas-jonas-garbaravicius-ir-zinomas-modelis-karolina-toleikyte-XlQWpKZ3VN9\" rel=\"nofollow noopener\" target=\"_blank\"><img alt=\"Karolina Toleikyt\u0117 ir Jonas Garbaravi\u010dius\" loading=\"lazy\" decoding=\"async\" data-nimg=\"fill\" style=\"position:absolute;height:100%;width:100%;left:0;top:0;right:0;bottom:0;color:transparent\" src=\"https:\/\/www.europesays.com\/lt\/wp-content\/uploads\/2025\/12\/1766259507_699_karolina-toleikyte-ir-jonas-garbaravicius-694406fac9c1d.jpg\"\/><\/a> <\/p>\n<p>Visus sve\u010dius pasitiko laidos ved\u0117jai \u2013 k\u016bdikio besilaukianti TV laid\u0173 ved\u0117ja ir prodiuser\u0117 Vaida Poderyt\u0117-Bernatavi\u010d\u0117 ir profesionalus \u0161efas Tadas Paplauskas. TV3 laidos ved\u0117j\u0173 duetas pakviet\u0117 \u012f tikr\u0105 \u0161ventin\u0119 maisto puot\u0105, kuri tapo jaukia did\u017ei\u0173j\u0173 met\u0173 \u0161ven\u010di\u0173 repeticija.<\/p>\n<p>Ant stalo garavo ne tik bene populiariausi K\u016b\u010di\u0173 ir Kal\u0117d\u0173 patiekalai \u2013 trys \u0161ventiniai pauk\u0161\u010diai: kalakutas, antis ir vi\u0161ta, \u2013 bet ir ypatingi valgiai, kuri\u0173 receptai atkeliavo i\u0161 laidos ved\u0117j\u0173 vaikyst\u0117s.<\/p>\n<p> <a href=\"https:\/\/s1.15min.lt\/images\/photos\/2025\/12\/19\/original\/vakarelis-12-18-176-69455e3429269.jpg\" rel=\"nofollow noopener\" target=\"_blank\"><img alt=\"Naglis \u0160ulija ir Viktorija Mykolaityt\u0117\" loading=\"lazy\" width=\"800\" height=\"533\" decoding=\"async\" data-nimg=\"1\" class=\"mx-auto\" style=\"color:transparent\" src=\"https:\/\/www.europesays.com\/lt\/wp-content\/uploads\/2025\/12\/1766259508_341_vakarelis-12-18-176-69455e3429269.jpg\"\/><\/a><\/p>\n<p>Naglis \u0160ulija ir Viktorija Mykolaityt\u0117 \/ Evaldo Rud\u017eio nuotr.<\/p>\n","protected":false},"excerpt":{"rendered":"Ketvirtadienio vakar\u0105 Vilniuje \u012fvyko \u0161venti\u0161kas kal\u0117dinis vakar\u0117lis, sub\u016br\u0119s kulinarijos laidos \u201eGero savaitgalio receptas\u201c k\u016brybin\u0119 komand\u0105, projekto partnerius, draugus&hellip;\n","protected":false},"author":2,"featured_media":66595,"comment_status":"","ping_status":"","sticky":false,"template":"","format":"standard","meta":{"footnotes":""},"categories":[21],"tags":[113,37,39,36,38,40,114],"class_list":{"0":"post-66594","1":"post","2":"type-post","3":"status-publish","4":"format-standard","5":"has-post-thumbnail","7":"category-pramogos","8":"tag-entertainment","9":"tag-lietuva","10":"tag-lietuviu","11":"tag-lithuania","12":"tag-lithuanian","13":"tag-lt","14":"tag-pramogos"},"share_on_mastodon":{"url":"https:\/\/pubeurope.com\/@lt\/115753589477603447","error":""},"_links":{"self":[{"href":"https:\/\/www.europesays.com\/lt\/wp-json\/wp\/v2\/posts\/66594","targetHints":{"allow":["GET"]}}],"collection":[{"href":"https:\/\/www.europesays.com\/lt\/wp-json\/wp\/v2\/posts"}],"about":[{"href":"https:\/\/www.europesays.com\/lt\/wp-json\/wp\/v2\/types\/post"}],"author":[{"embeddable":true,"href":"https:\/\/www.europesays.com\/lt\/wp-json\/wp\/v2\/users\/2"}],"replies":[{"embeddable":true,"href":"https:\/\/www.europesays.com\/lt\/wp-json\/wp\/v2\/comments?post=66594"}],"version-history":[{"count":0,"href":"https:\/\/www.europesays.com\/lt\/wp-json\/wp\/v2\/posts\/66594\/revisions"}],"wp:featuredmedia":[{"embeddable":true,"href":"https:\/\/www.europesays.com\/lt\/wp-json\/wp\/v2\/media\/66595"}],"wp:attachment":[{"href":"https:\/\/www.europesays.com\/lt\/wp-json\/wp\/v2\/media?parent=66594"}],"wp:term":[{"taxonomy":"category","embeddable":true,"href":"https:\/\/www.europesays.com\/lt\/wp-json\/wp\/v2\/categories?post=66594"},{"taxonomy":"post_tag","embeddable":true,"href":"https:\/\/www.europesays.com\/lt\/wp-json\/wp\/v2\/tags?post=66594"}],"curies":[{"name":"wp","href":"https:\/\/api.w.org\/{rel}","templated":true}]}}