{"id":66598,"date":"2025-12-20T19:42:11","date_gmt":"2025-12-20T19:42:11","guid":{"rendered":"https:\/\/www.europesays.com\/lt\/66598\/"},"modified":"2025-12-20T19:42:11","modified_gmt":"2025-12-20T19:42:11","slug":"orijus-tiesiogiai-is-birzu-kaip-sventes-sutinka-siaures-lietuva-kuo-visus-stebina-ju-eglute","status":"publish","type":"post","link":"https:\/\/www.europesays.com\/lt\/66598\/","title":{"rendered":"Orijus tiesiogiai \u2013 i\u0161 Bir\u017e\u0173: kaip \u0161ventes sutinka \u0161iaur\u0117s Lietuva, kuo visus stebina j\u0173 eglut\u0117"},"content":{"rendered":"<p>Jau antrus metus i\u0161 eil\u0117s Orijus su \u0161venti\u0161kai papuo\u0161tu kemperiu keliauja po kal\u0117din\u0119 Lietuv\u0105. Per du savaitgalius jis su savo komanda apkeliaus net dvylika skirting\u0173 miest\u0173, \u012fvertins kuriame i\u0161 j\u0173 jaukiasia atsmosfera, kuris i\u0161 j\u0173 labiausiai pasipuo\u0161\u0119s? O kuri egl\u0117 gra\u017eiausia? <a rel=\"noopener nofollow\" target=\"_blank\" href=\"https:\/\/www.delfi.lt\/temos\/birzai\" tag-id=\"53823415\">Bir\u017eai<\/a> yra de\u0161imtoji \u0161ios kelion\u0117s stotel\u0117. <\/p>\n<p>Kal\u0117dinis kemperis pilnas dovan\u0173. At\u0117jusi\u0173 prie Orijaus kemperio laukia nemokama kar\u0161ta kakava, saldumynai ir r\u0117m\u0117j\u0173 paruo\u0161tos staigmenos \u2013 nuolaid\u0173 kuponai kelion\u0117ms, \u0161ventiniai \u201eTeleloto\u201c bilietai, kojin\u0117s, krep\u0161iai, \u0161ilti ir gra\u017e\u016bs pledai.<\/p>\n<p>Susitikimuose u\u017e ma\u017eesn\u0119 kain\u0105 galima \u012fsigyti Orijaus i\u0161leistas knygas \u201eOrijaus kelion\u0117s. Receptai\u201c, ir vaikams skirt\u0105 \u201eKaip tapti keliautoju\u201c su autoriaus autografu ir palink\u0117jimu. <\/p>\n<p>\u0160\u012f savaitgal\u012f Orijus su savo komanda lano Bir\u017eus, Roki\u0161k\u012f, Uten\u0105, Anyk\u0161\u010dius, Kupi\u0161k\u012f, o visk\u0105 vainikuos vizitas \u012f \u0160irvintas. <\/p>\n<p>Pra\u0117jus\u012f savaitgal\u012f \u017eurnalistas lank\u0117si Taurag\u0117je, \u0160ilut\u0117je, Palangoje, Plung\u0117je, Radvili\u0161kyje, K\u0117dainiuose. <\/p>\n<p>Orij\u0173 ve\u017ea did\u017eiausia kemperi\u0173 pardavim\u0173 ir nuomos \u012fmon\u0117 Lietuvoje \u201eKemperiai365\u201c. U\u017e vairo &#8211; patrakusi, sporti\u0161ka, didelius atstumus vairuoti m\u0117gstanti Karolina Bried\u0117, kemperist\u0173 pasaulyje vadinama Lietuvos kemperi\u0173 karaline. <\/p>\n","protected":false},"excerpt":{"rendered":"Jau antrus metus i\u0161 eil\u0117s Orijus su \u0161venti\u0161kai papuo\u0161tu kemperiu keliauja po kal\u0117din\u0119 Lietuv\u0105. Per du savaitgalius jis&hellip;\n","protected":false},"author":2,"featured_media":66599,"comment_status":"","ping_status":"","sticky":false,"template":"","format":"standard","meta":{"footnotes":""},"categories":[13],"tags":[25,15207,30,31,34,35,24,7988,32,33,37,39,36,38,40,23,22,1186,28,29,26,27],"class_list":{"0":"post-66598","1":"post","2":"type-post","3":"status-publish","4":"format-standard","5":"has-post-thumbnail","7":"category-lietuva","8":"tag-antrastes","9":"tag-birzai","10":"tag-breaking-news","11":"tag-breakingnews","12":"tag-featured-news","13":"tag-featurednews","14":"tag-headlines","15":"tag-kaledos","16":"tag-latest-news","17":"tag-latestnews","18":"tag-lietuva","19":"tag-lietuviu","20":"tag-lithuania","21":"tag-lithuanian","22":"tag-lt","23":"tag-naujienos","24":"tag-news","25":"tag-orijus-gasanovas","26":"tag-populiariausios-naujienos","27":"tag-populiariausiosnaujienos","28":"tag-top-stories","29":"tag-topstories"},"share_on_mastodon":{"url":"https:\/\/pubeurope.com\/@lt\/115753605071507242","error":""},"_links":{"self":[{"href":"https:\/\/www.europesays.com\/lt\/wp-json\/wp\/v2\/posts\/66598","targetHints":{"allow":["GET"]}}],"collection":[{"href":"https:\/\/www.europesays.com\/lt\/wp-json\/wp\/v2\/posts"}],"about":[{"href":"https:\/\/www.europesays.com\/lt\/wp-json\/wp\/v2\/types\/post"}],"author":[{"embeddable":true,"href":"https:\/\/www.europesays.com\/lt\/wp-json\/wp\/v2\/users\/2"}],"replies":[{"embeddable":true,"href":"https:\/\/www.europesays.com\/lt\/wp-json\/wp\/v2\/comments?post=66598"}],"version-history":[{"count":0,"href":"https:\/\/www.europesays.com\/lt\/wp-json\/wp\/v2\/posts\/66598\/revisions"}],"wp:featuredmedia":[{"embeddable":true,"href":"https:\/\/www.europesays.com\/lt\/wp-json\/wp\/v2\/media\/66599"}],"wp:attachment":[{"href":"https:\/\/www.europesays.com\/lt\/wp-json\/wp\/v2\/media?parent=66598"}],"wp:term":[{"taxonomy":"category","embeddable":true,"href":"https:\/\/www.europesays.com\/lt\/wp-json\/wp\/v2\/categories?post=66598"},{"taxonomy":"post_tag","embeddable":true,"href":"https:\/\/www.europesays.com\/lt\/wp-json\/wp\/v2\/tags?post=66598"}],"curies":[{"name":"wp","href":"https:\/\/api.w.org\/{rel}","templated":true}]}}