{"id":66953,"date":"2025-12-21T12:41:07","date_gmt":"2025-12-21T12:41:07","guid":{"rendered":"https:\/\/www.europesays.com\/lt\/66953\/"},"modified":"2025-12-21T12:41:07","modified_gmt":"2025-12-21T12:41:07","slug":"gerda-zemaite-pirma-karta-parode-ilgai-slepta-mylimojo-veida-paviesino-romantiska-vaizdo-irasa-vardai","status":"publish","type":"post","link":"https:\/\/www.europesays.com\/lt\/66953\/","title":{"rendered":"Gerda \u017demait\u0117 pirm\u0105 kart\u0105 parod\u0117 ilgai sl\u0117pt\u0105 mylimojo veid\u0105 \u2013 pavie\u0161ino romanti\u0161k\u0105 vaizdo \u012fra\u0161\u0105 | Vardai"},"content":{"rendered":"<p>Socialiniame tinkle \u201eInstagram\u201c ji pavie\u0161ino itin romanti\u0161k\u0105 vaizdo \u012fra\u0161\u0105.<\/p>\n<p>Kadre ji kartu su naujuoju \u0161irdies draugu romanti\u0161kai leido laik\u0105. Pana\u0161u, kad por\u0105 aplank\u0117 art\u0117jan\u010di\u0173 \u0161ven\u010di\u0173 jaukumas.<\/p>\n<p>Jiedu patogiai \u012fsitais\u0119 s\u0117d\u0117jo ant \u017eem\u0117s, o u\u017e j\u0173 nugar\u0173 spind\u0117jo \u012fsp\u016bdingo gro\u017eio Kal\u0117d\u0173 egl\u0117 ir ruseno \u017eidinys<\/p>\n<p>\u201eViskas, ko a\u0161 noriu Kal\u0117doms&#8230;\u201c, trumpai br\u016bk\u0161tel\u0117jo ji.<\/p>\n<p>\u017dmon\u0117s.lt G.\u017demait\u0117 atskleid\u0117, kad naujojo \u0161irdies draugo vardas \u2013 Marijus.<\/p>\n<p>Tiesa, prie\u0161 kelet\u0105 dien\u0173 Gerda \u017demait\u0117 buvo privertusi sunerimti savo sek\u0117jus. Jiems kilo klausim\u0173, ar Gerda v\u0117l laisva.<\/p>\n<p>Tokias sp\u0117liones paskatino tai, kad pastaruoju metu ji vie\u0161umoje neberod\u0117 savo mylimojo.<\/p>\n<p>Naujien\u0173 portalui \u017dmon\u0117s.lt Gerda teig\u0117, kad jiedu gyvena itin \u012ftemptu ritmu, tod\u0117l ne visuomet pavyksta rasti laiko susitikimams.<\/p>\n<p>\u201eNei\u0161siskyr\u0117m. Tiesiog jis turi darbini\u0173 reikal\u0173 ir i\u0161vyk\u0173 \u012f u\u017esien\u012f. \u017dmon\u0117ms atrodo, kad jei n\u0117ra \u0161alia, tai jau n\u0117ra visai\u201c, \u2013 \u017dmon\u0117s.lt pasakojo ji.<\/p>\n","protected":false},"excerpt":{"rendered":"Socialiniame tinkle \u201eInstagram\u201c ji pavie\u0161ino itin romanti\u0161k\u0105 vaizdo \u012fra\u0161\u0105. Kadre ji kartu su naujuoju \u0161irdies draugu romanti\u0161kai leido&hellip;\n","protected":false},"author":2,"featured_media":66954,"comment_status":"","ping_status":"","sticky":false,"template":"","format":"standard","meta":{"footnotes":""},"categories":[21],"tags":[113,37,39,36,38,40,114],"class_list":{"0":"post-66953","1":"post","2":"type-post","3":"status-publish","4":"format-standard","5":"has-post-thumbnail","7":"category-pramogos","8":"tag-entertainment","9":"tag-lietuva","10":"tag-lietuviu","11":"tag-lithuania","12":"tag-lithuanian","13":"tag-lt","14":"tag-pramogos"},"share_on_mastodon":{"url":"https:\/\/pubeurope.com\/@lt\/115757612003207671","error":""},"_links":{"self":[{"href":"https:\/\/www.europesays.com\/lt\/wp-json\/wp\/v2\/posts\/66953","targetHints":{"allow":["GET"]}}],"collection":[{"href":"https:\/\/www.europesays.com\/lt\/wp-json\/wp\/v2\/posts"}],"about":[{"href":"https:\/\/www.europesays.com\/lt\/wp-json\/wp\/v2\/types\/post"}],"author":[{"embeddable":true,"href":"https:\/\/www.europesays.com\/lt\/wp-json\/wp\/v2\/users\/2"}],"replies":[{"embeddable":true,"href":"https:\/\/www.europesays.com\/lt\/wp-json\/wp\/v2\/comments?post=66953"}],"version-history":[{"count":0,"href":"https:\/\/www.europesays.com\/lt\/wp-json\/wp\/v2\/posts\/66953\/revisions"}],"wp:featuredmedia":[{"embeddable":true,"href":"https:\/\/www.europesays.com\/lt\/wp-json\/wp\/v2\/media\/66954"}],"wp:attachment":[{"href":"https:\/\/www.europesays.com\/lt\/wp-json\/wp\/v2\/media?parent=66953"}],"wp:term":[{"taxonomy":"category","embeddable":true,"href":"https:\/\/www.europesays.com\/lt\/wp-json\/wp\/v2\/categories?post=66953"},{"taxonomy":"post_tag","embeddable":true,"href":"https:\/\/www.europesays.com\/lt\/wp-json\/wp\/v2\/tags?post=66953"}],"curies":[{"name":"wp","href":"https:\/\/api.w.org\/{rel}","templated":true}]}}