{"id":67551,"date":"2025-12-22T10:09:15","date_gmt":"2025-12-22T10:09:15","guid":{"rendered":"https:\/\/www.europesays.com\/lt\/67551\/"},"modified":"2025-12-22T10:09:15","modified_gmt":"2025-12-22T10:09:15","slug":"didysis-2026-metu-horoskopas-dvyniams-nustebsite-ka-jums-zada-vaiva-budraityte","status":"publish","type":"post","link":"https:\/\/www.europesays.com\/lt\/67551\/","title":{"rendered":"Didysis 2026 met\u0173 horoskopas Dvyniams: nustebsite, k\u0105 jums \u017eada Vaiva Budraityt\u0117"},"content":{"rendered":"\n<p>Savo \u012f\u017evalgomis apie 2026 metus pasidalijo astrolog\u0117 ir b\u016br\u0117ja <a href=\"https:\/\/www.tv3.lt\/naujiena\/gyvenimas\/vaiva-budraityte-ragina-namuose-padaryti-1-veiksma-pritrauksite-sekme-visiems-metams-n1473351\" rel=\"nofollow noopener\" target=\"_blank\">Vaiva Budraityt\u0117<\/a>. \u0160\u012fkart ji prabilo apie tai, kas laukia Dvynio Zodiako \u017eenklo atstov\u0173.<\/p>\n<p>Astrologe, ko <a href=\"https:\/\/www.tv3.lt\/gaires\/dvyniai\" target=\"_blank\" rel=\"nofollow noopener\">Dvyniai<\/a> gali tik\u0117tis 2026-aisiais darbo srityje?<\/p>\n<p>Dvyniams 2026-ieji \u017eada itin k\u016brybingus metus. Naujos id\u0117jos galima sakyti, kad i\u0161kart materializuosis, o darbe laukia stiprios transformacijos. Tai puikus metas prad\u0117ti nauj\u0105 veikl\u0105, keisti karjeros krypt\u012f. Jaunimas gali gauti svajoni\u0173 darb\u0105.<\/p>\n<p>Metai ypa\u010d palank\u016bs tiems, kurie svajoja apie tarptautin\u012f versl\u0105, nuotolin\u012f darb\u0105 i\u0161 kitos \u0161alies arba glaudesnius ry\u0161ius su u\u017esieniu.<\/p>\n<p>Komandiruot\u0117s, bendravimas su <a href=\"https:\/\/www.tv3.lt\/rubrika\/naujienos\/uzsienis\" target=\"_blank\" class=\"phrase\" rel=\"nofollow noopener\">u\u017esienio<\/a> partneriais ar naujos tarptautin\u0117s galimyb\u0117s \u0161iemet taps realybe. Svarbiausia \u2013 nebijoti pasinaudoti visomis atsirandan\u010diomis galimyb\u0117mis.<\/p>\n<p>Piniginiai reikalai bus nestabil\u016bs, tod\u0117l nat\u016braliai nor\u0117sis daugiau pajam\u0173. Tik nuo rudens pajamos \u017eymiai padid\u0117s, o lapkritis taps ypa\u010d palankiu m\u0117nesiu profesiniams siekiams realizuoti.<\/p>\n<p>    Zodiako \u017eenklas (nuotr. 123rf.com)&#8221; class=&#8221;articlePhoto&#8221;&gt;   <a href=\"https:\/\/www.tv3.lt\/Uploads\/UGallery\/photos\/77\/70\/4b\/3c\/77704b3cd9e6de51a9ab315430e62386.jpg\" data-fancybox=\"photos-embed\" data-caption=\"Dvyni\u0173 Zodiako \u017eenklas (nuotr. 123rf.com)\" target=\"_self\" rel=\"nofollow noopener\"> <img decoding=\"async\" class=\"photo-inside-article\" align=\"center\" alt=\"Dvyni\u0173 Zodiako \u017eenklas (nuotr. 123rf.com)\" title=\"Dvyni\u0173 Zodiako \u017eenklas (nuotr. 123rf.com)\" src=\"https:\/\/www.europesays.com\/lt\/wp-content\/uploads\/2025\/12\/77704b3cd9e6de51a9ab315430e62386.jpg\" width=\"684\" height=\"654\" loading=\"lazy\" \/> <\/a>       <\/p>\n<p>O kaip 2026-ieji \u017eada klostytis meil\u0117s srityje?<\/p>\n<p>Dvyniams, gyvenantiems poroje, iki rudens jausis tarsi tam tikra pauz\u0117 \u2013 santykiai gali pasirodyti drungni, be didesni\u0173 emocij\u0173 \u0161uoli\u0173.<\/p>\n<p>Liepa gali atne\u0161ti lemting\u0105 pa\u017eint\u012f ar ypating\u0105 \u012fvyk\u012f. Nuo rudens jausmai ims atgyti, o vieni\u0161iai baigs savo nerimtus paflirtavimus\u00a0ir prad\u0117s kurti rimtesnius, ilgalaikius santykius.<\/p>\n<p>O kaip su sveikata?<\/p>\n<p>Visos \u0161i\u0173 met\u0173 problemos daugiausia priklausys nuo streso ir psichin\u0117s \u012ftampos.<\/p>\n<p>2026-ieji primins, kad svarbu saugoti psichin\u0119 pusiausvyr\u0105 \u2013 dvasin\u0117s praktikos, meditacija ar jogos u\u017esi\u0117mimai bus itin naudingi visus metus.<\/p>\n<p>\n                                        \u0160altinis:<br \/>\n                                                                                    tv3.lt\n                                                                                <\/p>\n<p>Kvie\u010diame atrasti nauj\u0105 tv3.lt turin\u012f! Nuo \u0161iol portale j\u016bs\u0173 laukia <a href=\"https:\/\/www.tv3.lt\/testai\" rel=\"nofollow noopener\" target=\"_blank\">kasdien nauji testai<\/a>   \u2013 i\u0161bandykite savo \u017einias ir smagiai praleiskite laik\u0105. <\/p>\n","protected":false},"excerpt":{"rendered":"Savo \u012f\u017evalgomis apie 2026 metus pasidalijo astrolog\u0117 ir b\u016br\u0117ja Vaiva Budraityt\u0117. \u0160\u012fkart ji prabilo apie tai, kas laukia&hellip;\n","protected":false},"author":2,"featured_media":67552,"comment_status":"","ping_status":"","sticky":false,"template":"","format":"standard","meta":{"footnotes":""},"categories":[21],"tags":[15304,57,43,113,55,48,54,51,49,50,37,39,36,38,40,45,23,44,114,53,42,56,47,41,46,58,52],"class_list":{"0":"post-67551","1":"post","2":"type-post","3":"status-publish","4":"format-standard","5":"has-post-thumbnail","7":"category-pramogos","8":"tag-2025-12-21-170000","9":"tag-daiktai","10":"tag-dienos-kronika","11":"tag-entertainment","12":"tag-gatves-tekstai","13":"tag-gyvenimas","14":"tag-interneto-pievos","15":"tag-keliones","16":"tag-kultura","17":"tag-laisvalaikis","18":"tag-lietuva","19":"tag-lietuviu","20":"tag-lithuania","21":"tag-lithuanian","22":"tag-lt","23":"tag-mokslas-ir-it","24":"tag-naujienos","25":"tag-pasaulis","26":"tag-pramogos","27":"tag-projektai","28":"tag-rinktiniai-tekstai","29":"tag-simtmecio-portalas","30":"tag-sportas","31":"tag-tv3-lt","32":"tag-verslas","33":"tag-video","34":"tag-zaidimai"},"share_on_mastodon":{"url":"https:\/\/pubeurope.com\/@lt\/115762676674597850","error":""},"_links":{"self":[{"href":"https:\/\/www.europesays.com\/lt\/wp-json\/wp\/v2\/posts\/67551","targetHints":{"allow":["GET"]}}],"collection":[{"href":"https:\/\/www.europesays.com\/lt\/wp-json\/wp\/v2\/posts"}],"about":[{"href":"https:\/\/www.europesays.com\/lt\/wp-json\/wp\/v2\/types\/post"}],"author":[{"embeddable":true,"href":"https:\/\/www.europesays.com\/lt\/wp-json\/wp\/v2\/users\/2"}],"replies":[{"embeddable":true,"href":"https:\/\/www.europesays.com\/lt\/wp-json\/wp\/v2\/comments?post=67551"}],"version-history":[{"count":0,"href":"https:\/\/www.europesays.com\/lt\/wp-json\/wp\/v2\/posts\/67551\/revisions"}],"wp:featuredmedia":[{"embeddable":true,"href":"https:\/\/www.europesays.com\/lt\/wp-json\/wp\/v2\/media\/67552"}],"wp:attachment":[{"href":"https:\/\/www.europesays.com\/lt\/wp-json\/wp\/v2\/media?parent=67551"}],"wp:term":[{"taxonomy":"category","embeddable":true,"href":"https:\/\/www.europesays.com\/lt\/wp-json\/wp\/v2\/categories?post=67551"},{"taxonomy":"post_tag","embeddable":true,"href":"https:\/\/www.europesays.com\/lt\/wp-json\/wp\/v2\/tags?post=67551"}],"curies":[{"name":"wp","href":"https:\/\/api.w.org\/{rel}","templated":true}]}}