{"id":67854,"date":"2025-12-22T16:54:08","date_gmt":"2025-12-22T16:54:08","guid":{"rendered":"https:\/\/www.europesays.com\/lt\/67854\/"},"modified":"2025-12-22T16:54:08","modified_gmt":"2025-12-22T16:54:08","slug":"su-savo-sunkiai-serganciu-tevu-ji-susitikti-neketina","status":"publish","type":"post","link":"https:\/\/www.europesays.com\/lt\/67854\/","title":{"rendered":"su savo sunkiai sergan\u010diu t\u0117vu ji susitikti neketina"},"content":{"rendered":"<p>Po keli\u0173 dien\u0173 pasklido kalbos, kad M. Markle priva\u010diai pasi\u017ead\u0117jo niekada daugiau nebesusitikti su savo sunkiai sergan\u010diu t\u0117vu, skelb\u0117 radaronline.com. Ne vienam i\u0161kilo klausimas \u2013 kod\u0117l?<\/p>\n<p>Kaip radaronline.com teig\u0117 \u0161altiniai, princo Harry \u017emona su t\u0117vu nebendrauja jau daugel\u012f met\u0173, ta\u010diau neseniai jiedu u\u017emezg\u0117 tam tikr\u0105 ry\u0161\u012f.<\/p>\n<p>Po sud\u0117tingos operacijos Thomui buvo pristatytas Meghan ranka ra\u0161ytas lai\u0161kas, ta\u010diau manoma, kad ji neplanuoja bendrauti toliau.<\/p>\n<p>Teigiama, kad lai\u0161ke Meghan i\u0161liejo savo jausmus d\u0117l pasikartojan\u010di\u0173 savo t\u0117vo interviu \u017einiasklaidai apie j\u0173dviej\u0173 santykius.<\/p>\n<p>\u0160altini\u0173 teigimu, M. Markle vie\u0161us savo t\u0117vo parei\u0161kimus laiko pagrindiniu j\u0173 ry\u0161io nutr\u016bkimo veiksniu ir prie\u017eastimi, kod\u0117l nuo\u0161irdus susitaikymas \u2013 ma\u017eai tik\u0117tinas.<\/p>\n<p>Be to, prane\u0161ama, kad lai\u0161k\u0105 t\u0117vui i\u0161siuntusi M. Markle negavo jokio atsakymo.<\/p>\n<p>Primename, kad gruod\u017eio m\u0117nes\u012f T. Markle&#8217;ui buvo amputuota kair\u0117 koja \u2013 jis, kalb\u0117damas i\u0161 ligonin\u0117s palatos, ragino dukr\u0105 j\u012f aplankyti.<\/p>\n<p>\u201eVisada sakiau, kad noriu susitaikyti su savo dukra. Niekada nenustojau jos myl\u0117ti. Nenoriu mirti b\u016bdamas susvetim\u0117j\u0119s su Meghan. Noriu susitikti su savo an\u016bkais. B\u016bt\u0173 malonu susipa\u017einti ir su jos vyru\u201c, \u2013 kalb\u0117jo jis.<\/p>\n<p>Saseks\u0173 \u0161eimai artimas \u0161altinis teig\u0117, kad M. Markle dabar yra pasiry\u017eusi \u201ei\u0161laikyti tam tikras ribas\u201c santykiuose su t\u0117vu.<\/p>\n<p>\u201eJi nori, kad \u0161is pokalbis likt\u0173 konfidencialus, ir neturi ketinim\u0173 gr\u012f\u017eti prie praeities klausim\u0173. Priva\u010diai ji sako, kad niekada daugiau asmeni\u0161kai nesusitiks su Thomasu\u201c, \u2013 teig\u0117 \u0161altinis.<\/p>\n<p>Anks\u010diau buvo kalbama, kad Meghan i\u0161tryn\u0117 savo t\u0117vo telefono numer\u012f \u2013 tai es\u0105 padar\u0117 netrukus po vestuvi\u0173 su princu Harry, kuriose Thomas nedalyvavo.<\/p>\n<p>Jis niekada nebuvo susitik\u0119s nei su Harry, nei su poros vaikais \u2013 princu Archie (6 m.) ir princese Lilibet (4 m.).<\/p>\n","protected":false},"excerpt":{"rendered":"Po keli\u0173 dien\u0173 pasklido kalbos, kad M. Markle priva\u010diai pasi\u017ead\u0117jo niekada daugiau nebesusitikti su savo sunkiai sergan\u010diu t\u0117vu,&hellip;\n","protected":false},"author":2,"featured_media":67855,"comment_status":"","ping_status":"","sticky":false,"template":"","format":"standard","meta":{"footnotes":""},"categories":[21],"tags":[113,37,39,36,38,40,114],"class_list":{"0":"post-67854","1":"post","2":"type-post","3":"status-publish","4":"format-standard","5":"has-post-thumbnail","7":"category-pramogos","8":"tag-entertainment","9":"tag-lietuva","10":"tag-lietuviu","11":"tag-lithuania","12":"tag-lithuanian","13":"tag-lt","14":"tag-pramogos"},"share_on_mastodon":{"url":"https:\/\/pubeurope.com\/@lt\/115764269075150784","error":""},"_links":{"self":[{"href":"https:\/\/www.europesays.com\/lt\/wp-json\/wp\/v2\/posts\/67854","targetHints":{"allow":["GET"]}}],"collection":[{"href":"https:\/\/www.europesays.com\/lt\/wp-json\/wp\/v2\/posts"}],"about":[{"href":"https:\/\/www.europesays.com\/lt\/wp-json\/wp\/v2\/types\/post"}],"author":[{"embeddable":true,"href":"https:\/\/www.europesays.com\/lt\/wp-json\/wp\/v2\/users\/2"}],"replies":[{"embeddable":true,"href":"https:\/\/www.europesays.com\/lt\/wp-json\/wp\/v2\/comments?post=67854"}],"version-history":[{"count":0,"href":"https:\/\/www.europesays.com\/lt\/wp-json\/wp\/v2\/posts\/67854\/revisions"}],"wp:featuredmedia":[{"embeddable":true,"href":"https:\/\/www.europesays.com\/lt\/wp-json\/wp\/v2\/media\/67855"}],"wp:attachment":[{"href":"https:\/\/www.europesays.com\/lt\/wp-json\/wp\/v2\/media?parent=67854"}],"wp:term":[{"taxonomy":"category","embeddable":true,"href":"https:\/\/www.europesays.com\/lt\/wp-json\/wp\/v2\/categories?post=67854"},{"taxonomy":"post_tag","embeddable":true,"href":"https:\/\/www.europesays.com\/lt\/wp-json\/wp\/v2\/tags?post=67854"}],"curies":[{"name":"wp","href":"https:\/\/api.w.org\/{rel}","templated":true}]}}