{"id":68236,"date":"2025-12-23T08:57:08","date_gmt":"2025-12-23T08:57:08","guid":{"rendered":"https:\/\/www.europesays.com\/lt\/68236\/"},"modified":"2025-12-23T08:57:08","modified_gmt":"2025-12-23T08:57:08","slug":"aukso-ir-sidabro-kaina-musa-rekordus","status":"publish","type":"post","link":"https:\/\/www.europesays.com\/lt\/68236\/","title":{"rendered":"Aukso ir sidabro kaina mu\u0161a rekordus"},"content":{"rendered":"<p>Nuo 2024 m. pabaigos auksas jau pabrango kiek daugiau nei 70 proc.<\/p>\n<p>Sidabro kaina u\u017e uncij\u0105 tuo tarpu \u0161iemet i\u0161augo 140 proc. Nakt\u012f \u012f antradien\u012f jo kaina taip pat buvo rekordin\u0117 ir siek\u0117 69,992 dolerio \u2013 iki 70 doleri\u0173 ribos buvo visi\u0161kai nedaug.<\/p>\n<p>Abu taurieji metalai \u0161iais metais buvo ypa\u010d paklaus\u016bs, nes didelio nesaugumo laikais kai kurie investuotojai laiko juo vadinamuoju \u201esaugiu uostu\u201c. <a rel=\"noopener nofollow\" target=\"_blank\" href=\"https:\/\/www.delfi.lt\/temos\/sidabras\" tag-id=\"55142725\">Sidabras<\/a>, be to, yra svarbi \u017ealiava, pavyzd\u017eiui, elektromobilumui, saul\u0117s energijos pramonei bei technologij\u0173 sektoriui apskritai, kuris skatina dirbtinio intelekto pl\u0117tr\u0105.<\/p>\n","protected":false},"excerpt":{"rendered":"Nuo 2024 m. pabaigos auksas jau pabrango kiek daugiau nei 70 proc. Sidabro kaina u\u017e uncij\u0105 tuo tarpu&hellip;\n","protected":false},"author":2,"featured_media":68237,"comment_status":"","ping_status":"","sticky":false,"template":"","format":"standard","meta":{"footnotes":"","_share_on_mastodon":"0"},"categories":[17],"tags":[4636,81,3346,37,39,36,38,40,7246,46],"class_list":["post-68236","post","type-post","status-publish","format-standard","has-post-thumbnail","category-verslas","tag-aukso-kaina","tag-business","tag-elta-uzsienio-naujiena","tag-lietuva","tag-lietuviu","tag-lithuania","tag-lithuanian","tag-lt","tag-sidabras","tag-verslas"],"share_on_mastodon":{"url":"https:\/\/pubeurope.com\/@lt\/115768055726948424","error":""},"_links":{"self":[{"href":"https:\/\/www.europesays.com\/lt\/wp-json\/wp\/v2\/posts\/68236","targetHints":{"allow":["GET"]}}],"collection":[{"href":"https:\/\/www.europesays.com\/lt\/wp-json\/wp\/v2\/posts"}],"about":[{"href":"https:\/\/www.europesays.com\/lt\/wp-json\/wp\/v2\/types\/post"}],"author":[{"embeddable":true,"href":"https:\/\/www.europesays.com\/lt\/wp-json\/wp\/v2\/users\/2"}],"replies":[{"embeddable":true,"href":"https:\/\/www.europesays.com\/lt\/wp-json\/wp\/v2\/comments?post=68236"}],"version-history":[{"count":0,"href":"https:\/\/www.europesays.com\/lt\/wp-json\/wp\/v2\/posts\/68236\/revisions"}],"wp:featuredmedia":[{"embeddable":true,"href":"https:\/\/www.europesays.com\/lt\/wp-json\/wp\/v2\/media\/68237"}],"wp:attachment":[{"href":"https:\/\/www.europesays.com\/lt\/wp-json\/wp\/v2\/media?parent=68236"}],"wp:term":[{"taxonomy":"category","embeddable":true,"href":"https:\/\/www.europesays.com\/lt\/wp-json\/wp\/v2\/categories?post=68236"},{"taxonomy":"post_tag","embeddable":true,"href":"https:\/\/www.europesays.com\/lt\/wp-json\/wp\/v2\/tags?post=68236"}],"curies":[{"name":"wp","href":"https:\/\/api.w.org\/{rel}","templated":true}]}}