{"id":68764,"date":"2025-12-23T20:19:23","date_gmt":"2025-12-23T20:19:23","guid":{"rendered":"https:\/\/www.europesays.com\/lt\/68764\/"},"modified":"2025-12-23T20:19:23","modified_gmt":"2025-12-23T20:19:23","slug":"premjere-nemaza-dalis-salies-vilkiku-jau-kursuoja-tarp-lietuvos-ir-baltarusijos-respublika-lt","status":"publish","type":"post","link":"https:\/\/www.europesays.com\/lt\/68764\/","title":{"rendered":"Premjer\u0117: nema\u017ea dalis \u0161alies vilkik\u0173 jau kursuoja tarp Lietuvos ir Baltarusijos &#8211; Respublika.lt"},"content":{"rendered":"<p><img loading=\"lazy\" decoding=\"async\" src=\"https:\/\/www.respublika.lt\/lt\/naujienos\/lietuva\/verslas\/premjere-nemaza-dalis-salies-vilkiku-jau-kursuoja-tarp-lietuvos-ir-baltarusijos\/images\/ico_camera_white.gif\" class=\"camera\" width=\"22\" height=\"15\" alt=\"nuotr.\" style=\"position:relative; top:-2px; right:2px;\"\/> 1 nuotr.<\/p>\n<p>Asociatyvi redakcijos archyvo nuotr.<\/p>\n<p style=\"text-align: justify;\" class=\"desktop_banner\">\u00a0<\/p>\n<p style=\"text-align: left;\">\u00a0<\/p>\n<p style=\"text-align: left;\">\u201eTurime informacij\u0105, kad nema\u017ea dalis vilkik\u0173 jau toliau dirba, kursuoja tarp Lietuvos ir Baltarusijos, yra nedidel\u0117 dalis dar likusi Baltarusijoje, dirbame d\u0117l j\u0173, bet situacija \u017eingsnis po \u017eingsnio sprend\u017eiama\u201c, \u2013 \u017eurnalistams Seime antradien\u012f teig\u0117 I. Ruginien\u0117.<\/p>\n<p style=\"text-align: left;\">Vilniaus oro uosto veiklos por\u0105 savai\u010di\u0173 nestabdant balion\u0173 antpl\u016bd\u017eiams, premjer\u0117 kalb\u0117jo besitikinti, kad tai yra pozityvus JAV diplomatijos, taip pat Lietuvos institucij\u0173 pasiruo\u0161imo ir darbo rezultatas.<\/p>\n<p style=\"text-align: left;\">\u201eTai, kad gr\u0117sm\u0117s mus lyd\u0117s visada, t\u0105 turime omenyje, bet lygiai taip pat tur\u0117kime omenyje, kad m\u016bs\u0173 institucijos ruo\u0161iasi ir adaptuojasi \u0161itoms sud\u0117tingoms situacijoms \u2013 tokie, kokie mes buvome prie\u0161 du m\u0117nesius, tokie nebesame, esame padar\u0119 labai daug veiksm\u0173, pakeit\u0119 daug algoritm\u0173 ir jau dabar tikrai galime pasakyti, kad tam tikri dalykai tikrai vyksta kitaip\u201c, \u2013 teig\u0117 I. Ruginien\u0117.<\/p>\n<p style=\"text-align: left;\">Kriz\u0117 Baltarusijos pasienyje kilo po pastaruosius m\u0117nesius vykusi\u0173 kontrabandini\u0173 balion\u0173 i\u0161 Baltarusijos atak\u0173, d\u0117l to Vyriausyb\u0117 spalio pabaigoje nusprend\u0117 m\u0117nesiui u\u017edaryti Medinink\u0173 ir \u0160al\u010dinink\u0173 pasienio kontrol\u0117s punktus su Baltarusija.\u00a0<\/p>\n<p style=\"text-align: left;\">V\u0117liau Minsko re\u017eimas u\u017edraud\u0117 lietuvi\u0161kiems vilkikams jud\u0117ti \u0161alies viduje.<\/p>\n<p style=\"text-align: left;\">Skelbta, jog d\u0117l to pasienyje \u012fstrig\u0119 ve\u017e\u0117jai transporto priemones turi laikyti specialiose aik\u0161tel\u0117se, u\u017e tai buvo apmokestinti.<\/p>\n<p style=\"text-align: left;\">Siekiant u\u017estrigusius vilkikus sugr\u0105\u017einti \u012f Lietuv\u0105, min\u0117ti du pasienio punktai buvo atidaryti anks\u010diau nei planuota, argumentuojant, kad situacija pager\u0117jo, kontrabandini\u0173 balion\u0173 srautai suma\u017e\u0117jo, ta\u010diau visi u\u017estrig\u0119 vilkikai iki \u0161iol dar negali i\u0161vykti i\u0161 Baltarusijos teritorijos.<\/p>\n<p style=\"text-align: left;\">D\u0117l situacijos pasienyje protest\u0105 prie Seimo reng\u0117 dal\u012f ve\u017e\u0117j\u0173 vienijanti asociacija \u201eLinava\u201c, Vyriausyb\u0119 raginusi grei\u010diau imtis reali\u0173 veiksm\u0173 ir susigr\u0105\u017einti vilkikus.<\/p>\n","protected":false},"excerpt":{"rendered":"1 nuotr. Asociatyvi redakcijos archyvo nuotr. \u00a0 \u00a0 \u201eTurime informacij\u0105, kad nema\u017ea dalis vilkik\u0173 jau toliau dirba, kursuoja&hellip;\n","protected":false},"author":2,"featured_media":68765,"comment_status":"","ping_status":"","sticky":false,"template":"","format":"standard","meta":{"footnotes":""},"categories":[13],"tags":[25,5492,1496,30,31,34,35,24,32,33,37,39,8638,36,38,40,23,22,4059,28,29,412,26,27,15522],"class_list":{"0":"post-68764","1":"post","2":"type-post","3":"status-publish","4":"format-standard","5":"has-post-thumbnail","7":"category-lietuva","8":"tag-antrastes","9":"tag-balionai","10":"tag-baltarusija","11":"tag-breaking-news","12":"tag-breakingnews","13":"tag-featured-news","14":"tag-featurednews","15":"tag-headlines","16":"tag-latest-news","17":"tag-latestnews","18":"tag-lietuva","19":"tag-lietuviu","20":"tag-linava","21":"tag-lithuania","22":"tag-lithuanian","23":"tag-lt","24":"tag-naujienos","25":"tag-news","26":"tag-pasienis","27":"tag-populiariausios-naujienos","28":"tag-populiariausiosnaujienos","29":"tag-ruginiene","30":"tag-top-stories","31":"tag-topstories","32":"tag-vilikai"},"share_on_mastodon":{"url":"https:\/\/pubeurope.com\/@lt\/115770737587668204","error":""},"_links":{"self":[{"href":"https:\/\/www.europesays.com\/lt\/wp-json\/wp\/v2\/posts\/68764","targetHints":{"allow":["GET"]}}],"collection":[{"href":"https:\/\/www.europesays.com\/lt\/wp-json\/wp\/v2\/posts"}],"about":[{"href":"https:\/\/www.europesays.com\/lt\/wp-json\/wp\/v2\/types\/post"}],"author":[{"embeddable":true,"href":"https:\/\/www.europesays.com\/lt\/wp-json\/wp\/v2\/users\/2"}],"replies":[{"embeddable":true,"href":"https:\/\/www.europesays.com\/lt\/wp-json\/wp\/v2\/comments?post=68764"}],"version-history":[{"count":0,"href":"https:\/\/www.europesays.com\/lt\/wp-json\/wp\/v2\/posts\/68764\/revisions"}],"wp:featuredmedia":[{"embeddable":true,"href":"https:\/\/www.europesays.com\/lt\/wp-json\/wp\/v2\/media\/68765"}],"wp:attachment":[{"href":"https:\/\/www.europesays.com\/lt\/wp-json\/wp\/v2\/media?parent=68764"}],"wp:term":[{"taxonomy":"category","embeddable":true,"href":"https:\/\/www.europesays.com\/lt\/wp-json\/wp\/v2\/categories?post=68764"},{"taxonomy":"post_tag","embeddable":true,"href":"https:\/\/www.europesays.com\/lt\/wp-json\/wp\/v2\/tags?post=68764"}],"curies":[{"name":"wp","href":"https:\/\/api.w.org\/{rel}","templated":true}]}}