{"id":68874,"date":"2025-12-24T04:08:32","date_gmt":"2025-12-24T04:08:32","guid":{"rendered":"https:\/\/www.europesays.com\/lt\/68874\/"},"modified":"2025-12-24T04:08:32","modified_gmt":"2025-12-24T04:08:32","slug":"kada-geriausia-praustis-po-dusu-ir-kodel-tai-daryti-tamsoje","status":"publish","type":"post","link":"https:\/\/www.europesays.com\/lt\/68874\/","title":{"rendered":"Kada geriausia praustis po du\u0161u ir kod\u0117l tai daryti tamsoje?"},"content":{"rendered":"<p>Vieni m\u0117gsta pal\u012fsti po du\u0161u ryte, nes teigia, kad pastov\u0117j\u0119 po vandens srove tampa \u017evalesni. O m\u0117gstantys l\u012fsti po du\u0161u vakare tikina taip dar\u0105, nes m\u0117gsta eiti miegoti nusiplov\u0119 vis\u0105 dienos purv\u0105.<\/p>\n<p>Yra ir toki\u0173, kurie po du\u0161u lenda dukart per dien\u0105: ryt\u0105 ir vakare, nepaisydami didesni\u0173 s\u0105skait\u0173 u\u017e vanden\u012f. Tad kada praustis geriausia? Atsakym\u0105 pateik\u0117 ekspertai.<\/p>\n","protected":false},"excerpt":{"rendered":"Vieni m\u0117gsta pal\u012fsti po du\u0161u ryte, nes teigia, kad pastov\u0117j\u0119 po vandens srove tampa \u017evalesni. O m\u0117gstantys l\u012fsti&hellip;\n","protected":false},"author":2,"featured_media":68875,"comment_status":"","ping_status":"","sticky":false,"template":"","format":"standard","meta":{"footnotes":"","_share_on_mastodon":"0"},"categories":[6],"tags":[25,30,31,12465,34,35,24,32,33,37,39,36,38,40,23,22,28,29,26,27],"class_list":["post-68874","post","type-post","status-publish","format-standard","has-post-thumbnail","category-antrastes","tag-antrastes","tag-breaking-news","tag-breakingnews","tag-dusas","tag-featured-news","tag-featurednews","tag-headlines","tag-latest-news","tag-latestnews","tag-lietuva","tag-lietuviu","tag-lithuania","tag-lithuanian","tag-lt","tag-naujienos","tag-news","tag-populiariausios-naujienos","tag-populiariausiosnaujienos","tag-top-stories","tag-topstories"],"share_on_mastodon":{"url":"https:\/\/pubeurope.com\/@lt\/115772581676579281","error":""},"_links":{"self":[{"href":"https:\/\/www.europesays.com\/lt\/wp-json\/wp\/v2\/posts\/68874","targetHints":{"allow":["GET"]}}],"collection":[{"href":"https:\/\/www.europesays.com\/lt\/wp-json\/wp\/v2\/posts"}],"about":[{"href":"https:\/\/www.europesays.com\/lt\/wp-json\/wp\/v2\/types\/post"}],"author":[{"embeddable":true,"href":"https:\/\/www.europesays.com\/lt\/wp-json\/wp\/v2\/users\/2"}],"replies":[{"embeddable":true,"href":"https:\/\/www.europesays.com\/lt\/wp-json\/wp\/v2\/comments?post=68874"}],"version-history":[{"count":0,"href":"https:\/\/www.europesays.com\/lt\/wp-json\/wp\/v2\/posts\/68874\/revisions"}],"wp:featuredmedia":[{"embeddable":true,"href":"https:\/\/www.europesays.com\/lt\/wp-json\/wp\/v2\/media\/68875"}],"wp:attachment":[{"href":"https:\/\/www.europesays.com\/lt\/wp-json\/wp\/v2\/media?parent=68874"}],"wp:term":[{"taxonomy":"category","embeddable":true,"href":"https:\/\/www.europesays.com\/lt\/wp-json\/wp\/v2\/categories?post=68874"},{"taxonomy":"post_tag","embeddable":true,"href":"https:\/\/www.europesays.com\/lt\/wp-json\/wp\/v2\/tags?post=68874"}],"curies":[{"name":"wp","href":"https:\/\/api.w.org\/{rel}","templated":true}]}}